{"id":1427,"date":"2010-08-29T21:11:11","date_gmt":"2010-08-30T04:11:11","guid":{"rendered":"http:\/\/13.53.127.146\/?p=1427"},"modified":"2016-10-16T17:25:56","modified_gmt":"2016-10-17T00:25:56","slug":"syksy-saapui-berliiniinkin","status":"publish","type":"post","link":"https:\/\/www.vuosiamaailmalla.fi\/blog\/2010\/syksy-saapui-berliiniinkin\/","title":{"rendered":"Syksy saapui Berliiniinkin"},"content":{"rendered":"<p style=\"text-align: justify;\">Niin vain loppuivat melkoiset helteet kuin sein\u00e4\u00e4n ja syksyisen harmaat sek\u00e4 koleat noin 15 asteen kelit alkoivat t\u00e4\u00e4ll\u00e4kin. Huomiseksi luvataan jopa vaivaisia 13 astetta, mik\u00e4 tuntuu v\u00e4h\u00e4lt\u00e4 monen kuukauden 22-35 asteen l\u00e4mp\u00f6jen j\u00e4lkeen. Noh, lohduttavaa silti on, ett\u00e4 viime vuonna t\u00e4h\u00e4n aikaa puhistiin viel\u00e4 helteit\u00e4 ja yleens\u00e4 kes\u00e4inen keli jatkuukin aina syyskuun loppuun saakka. Eli on viel\u00e4 hyvin mahdollista, ett\u00e4 l\u00e4mp\u00f6 palaa joksikin aikaa ennen todellisen syksyn alkamista.<\/p>\n<p><!--more--><\/p>\n<p style=\"text-align: justify;\">Kattoasuntomme, kuten kattoasunnot Saksassa yleens\u00e4kin, on huonosti eristetty, joten talvella asunnossamme on viile\u00e4 ja kes\u00e4isin kuuma. Niinp\u00e4 tuulisten p\u00e4ivien yll\u00e4tt\u00e4ess\u00e4 l\u00e4mp\u00f6tila sis\u00e4ll\u00e4 vaihtuu sangen nopeasti, jonka vuoksi t\u00e4n\u00e4\u00e4n olikin veivattava p\u00e4\u00e4lle yksi l\u00e4mp\u00f6pattereistamme. Se on kyll\u00e4 selv\u00e4 syksyn merkki.<\/p>\n<p style=\"text-align: justify;\">Toinen syksyn selke\u00e4 merkki ovat <a title=\"Historiallinen asuinkorttelimme Nikolaiviertel\" href=\"https:\/\/www.vuosiamaailmalla.fi\/?p=8515\"><em>kotikorttelimme vanhanajan markkinat<\/em><\/a>, jotka j\u00e4rjestettiin j\u00e4lleen t\u00e4n\u00e4\u00a0 viikonloppuna. Ne toivatkin mukanaan asuinkortteliimme mukavaa vilin\u00e4\u00e4 ja menoa kahdeksi p\u00e4iv\u00e4ksi. Vanhan ajan musiikki on soinut katutasolta koko viikonlopun ja vanhaan tyyliin pukeutuneita henkil\u00f6it\u00e4 sek\u00e4 sotilaita on k\u00e4yskennellyt kaduilla. Oikein mukava ja rauhallinen tapahtuma, jonka keskell\u00e4 on mukavaa asua. \ud83d\ude1b<\/p>\n<p style=\"text-align: center;\"><a href=\"\/blog\/wp-content\/uploads\/2008\/keskiaikaismarkkinat_nikolaisviertelissa1.jpg\"><img decoding=\"async\" src=\"\/blog\/wp-content\/uploads\/2008\/thumbs\/thumbs_keskiaikaismarkkinat_nikolaisviertelissa1.jpg\" \/><\/a><a href=\"\/blog\/wp-content\/uploads\/2008\/keskiaikaismarkkinat_nikolaisviertelissa2.jpg\"><img decoding=\"async\" src=\"\/blog\/wp-content\/uploads\/2008\/thumbs\/thumbs_keskiaikaismarkkinat_nikolaisviertelissa2.jpg\" \/><\/a><\/p>\n<p style=\"text-align: center;\"><em>Syksyinen perinneviikonloppu<\/em><\/p>\n<p style=\"text-align: justify;\">Olenkin ollut viikonlopun kotosalla aivan yksin\u00e4ni, sill\u00e4 Niina otti ja l\u00e4hti Suomeen perjantaina. Syyn\u00e4 olivat h\u00e4nen iso\u00e4idin 85-vuotissyntym\u00e4p\u00e4iv\u00e4t, joita juhlittiin t\u00e4n\u00e4\u00e4n. Kyseess\u00e4 ei kuitenkaan ole mik\u00e4\u00e4n iso tapahtuma, joten en l\u00e4htenyt t\u00e4ll\u00e4 kertaa mukaan. Oikeastaan Niinallekin syntym\u00e4p\u00e4iv\u00e4t olivat hyv\u00e4 syy l\u00e4hte\u00e4 pitk\u00e4st\u00e4 aikaa pienesti kotipuoleen sukuloimaan, sill\u00e4 h\u00e4n ei ole n\u00e4hnyt kotiv\u00e4ke\u00e4\u00e4n sitten toukokuun. Itse sent\u00e4\u00e4n n\u00e4in omia vanhempiani hein\u00e4kuussa <a title=\"Viisi p\u00e4iv\u00e4\u00e4 ikuisessa kaupungissa\" href=\"https:\/\/www.vuosiamaailmalla.fi\/?p=2828\">Italian matkallamme<\/a>.<\/p>\n<p style=\"text-align: justify;\">On t\u00e4ss\u00e4 silti pienesti ollut ajatuksia ehk\u00e4 ensi kuussa piipahtaa samanlaisella pidennetyll\u00e4 viikonlopulla kotipuolessani. T\u00e4t\u00e4 ei silti ole viel\u00e4 hakattu kiveen, sill\u00e4 meille on tulossa syyskuussa taas vieraitakin Niinan veljen ja t\u00e4m\u00e4n perheen <a title=\"Lapsiperhe vierasilla\" href=\"https:\/\/www.vuosiamaailmalla.fi\/?p=1470\">muodossa<\/a>, sun muuta tapahtumaa. Eli katsotaan nyt mihin sit\u00e4 kerke\u00e4\u00e4 syyskuun aikana.<\/p>\n","protected":false},"excerpt":{"rendered":"<p>Niin vain loppuivat melkoiset helteet kuin sein\u00e4\u00e4n ja syksyisen harmaat sek\u00e4 koleat noin 15 asteen kelit alkoivat t\u00e4\u00e4ll\u00e4kin. Huomiseksi luvataan jopa vaivaisia 13 astetta, mik\u00e4 tuntuu v\u00e4h\u00e4lt\u00e4 monen kuukauden 22-35 asteen l\u00e4mp\u00f6jen j\u00e4lkeen. Noh, lohduttavaa silti on, ett\u00e4 viime vuonna t\u00e4h\u00e4n aikaa puhistiin viel\u00e4 helteit\u00e4 ja yleens\u00e4 kes\u00e4inen keli jatkuukin aina syyskuun loppuun saakka. Eli &hellip; <a href=\"https:\/\/www.vuosiamaailmalla.fi\/blog\/2010\/syksy-saapui-berliiniinkin\/\" class=\"more-link\">Jatka lukemista<span class=\"screen-reader-text\"> &#8221;Syksy saapui Berliiniinkin&#8221;<\/span><\/a><\/p>\n","protected":false},"author":1,"featured_media":8533,"comment_status":"open","ping_status":"open","sticky":false,"template":"","format":"standard","meta":{"_jetpack_memberships_contains_paid_content":false,"footnotes":""},"categories":[18,3],"tags":[34,932,49,56,269,190,299],"class_list":["post-1427","post","type-post","status-publish","format-standard","has-post-thumbnail","hentry","category-arki-saksassa","category-arki-ulkomailla","tag-arki","tag-asunto","tag-berliini","tag-berlin-mitte","tag-nikolaiviertel","tag-saksa","tag-syksy"],"jetpack_featured_media_url":"https:\/\/www.vuosiamaailmalla.fi\/blog\/wp-content\/uploads\/keskiaikaismarkkinat_nikolaisviertelissa_banner.jpg","jetpack_sharing_enabled":true,"_links":{"self":[{"href":"https:\/\/www.vuosiamaailmalla.fi\/blog\/wp-json\/wp\/v2\/posts\/1427","targetHints":{"allow":["GET"]}}],"collection":[{"href":"https:\/\/www.vuosiamaailmalla.fi\/blog\/wp-json\/wp\/v2\/posts"}],"about":[{"href":"https:\/\/www.vuosiamaailmalla.fi\/blog\/wp-json\/wp\/v2\/types\/post"}],"author":[{"embeddable":true,"href":"https:\/\/www.vuosiamaailmalla.fi\/blog\/wp-json\/wp\/v2\/users\/1"}],"replies":[{"embeddable":true,"href":"https:\/\/www.vuosiamaailmalla.fi\/blog\/wp-json\/wp\/v2\/comments?post=1427"}],"version-history":[{"count":0,"href":"https:\/\/www.vuosiamaailmalla.fi\/blog\/wp-json\/wp\/v2\/posts\/1427\/revisions"}],"wp:featuredmedia":[{"embeddable":true,"href":"https:\/\/www.vuosiamaailmalla.fi\/blog\/wp-json\/wp\/v2\/media\/8533"}],"wp:attachment":[{"href":"https:\/\/www.vuosiamaailmalla.fi\/blog\/wp-json\/wp\/v2\/media?parent=1427"}],"wp:term":[{"taxonomy":"category","embeddable":true,"href":"https:\/\/www.vuosiamaailmalla.fi\/blog\/wp-json\/wp\/v2\/categories?post=1427"},{"taxonomy":"post_tag","embeddable":true,"href":"https:\/\/www.vuosiamaailmalla.fi\/blog\/wp-json\/wp\/v2\/tags?post=1427"}],"curies":[{"name":"wp","href":"https:\/\/api.w.org\/{rel}","templated":true}]}}