{"id":14291,"date":"2026-03-14T22:22:51","date_gmt":"2026-03-15T05:22:51","guid":{"rendered":"https:\/\/www.vuosiamaailmalla.fi\/blog\/?p=14291"},"modified":"2026-03-14T22:23:59","modified_gmt":"2026-03-15T05:23:59","slug":"alaskan-mahtava-jaatikkorannikko-2","status":"publish","type":"post","link":"https:\/\/www.vuosiamaailmalla.fi\/blog\/2026\/alaskan-mahtava-jaatikkorannikko-2\/","title":{"rendered":"Alaskan mahtava j\u00e4\u00e4tikk\u00f6rannikko"},"content":{"rendered":"<p style=\"text-align: justify;\">Anchoragessa vietettyjen kahden y\u00f6n j\u00e4lkeen matkaohjelmassamme oli seuraavana nousta risteilyaluksen kyytiin ja aloittaa viikon mittainen merimatka alas Alaskan upeaa sek\u00e4 j\u00e4\u00e4tik\u00f6iden t\u00e4ytt\u00e4m\u00e4\u00e4 etel\u00e4rannikkoa kohti lopullista m\u00e4\u00e4r\u00e4np\u00e4\u00e4t\u00e4mme Vancouveria.<\/p>\n<p><a title=\"Alaskan mahtava j\u00e4\u00e4tikk\u00f6rannikko\" href=\"https:\/\/www.vuosiamaailmalla.fi\/blog\/2025\/alaskan-mahtava-jaatikkorannikko\/\">Jatka lukemista<\/a><\/p>\n","protected":false},"excerpt":{"rendered":"<p>Anchoragessa vietettyjen kahden y\u00f6n j\u00e4lkeen matkaohjelmassamme oli seuraavana nousta risteilyaluksen kyytiin ja aloittaa viikon mittainen merimatka alas Alaskan upeaa sek\u00e4 j\u00e4\u00e4tik\u00f6iden t\u00e4ytt\u00e4m\u00e4\u00e4 etel\u00e4rannikkoa kohti lopullista m\u00e4\u00e4r\u00e4np\u00e4\u00e4t\u00e4mme Vancouveria. Jatka lukemista<\/p>\n","protected":false},"author":1,"featured_media":14284,"comment_status":"open","ping_status":"closed","sticky":false,"template":"","format":"standard","meta":{"_jetpack_memberships_contains_paid_content":false,"footnotes":""},"categories":[1],"tags":[],"class_list":["post-14291","post","type-post","status-publish","format-standard","has-post-thumbnail","hentry","category-uncategorized"],"jetpack_featured_media_url":"https:\/\/www.vuosiamaailmalla.fi\/blog\/wp-content\/uploads\/hubbard_glacier_banner.jpg","jetpack_sharing_enabled":true,"_links":{"self":[{"href":"https:\/\/www.vuosiamaailmalla.fi\/blog\/wp-json\/wp\/v2\/posts\/14291","targetHints":{"allow":["GET"]}}],"collection":[{"href":"https:\/\/www.vuosiamaailmalla.fi\/blog\/wp-json\/wp\/v2\/posts"}],"about":[{"href":"https:\/\/www.vuosiamaailmalla.fi\/blog\/wp-json\/wp\/v2\/types\/post"}],"author":[{"embeddable":true,"href":"https:\/\/www.vuosiamaailmalla.fi\/blog\/wp-json\/wp\/v2\/users\/1"}],"replies":[{"embeddable":true,"href":"https:\/\/www.vuosiamaailmalla.fi\/blog\/wp-json\/wp\/v2\/comments?post=14291"}],"version-history":[{"count":1,"href":"https:\/\/www.vuosiamaailmalla.fi\/blog\/wp-json\/wp\/v2\/posts\/14291\/revisions"}],"predecessor-version":[{"id":14293,"href":"https:\/\/www.vuosiamaailmalla.fi\/blog\/wp-json\/wp\/v2\/posts\/14291\/revisions\/14293"}],"wp:featuredmedia":[{"embeddable":true,"href":"https:\/\/www.vuosiamaailmalla.fi\/blog\/wp-json\/wp\/v2\/media\/14284"}],"wp:attachment":[{"href":"https:\/\/www.vuosiamaailmalla.fi\/blog\/wp-json\/wp\/v2\/media?parent=14291"}],"wp:term":[{"taxonomy":"category","embeddable":true,"href":"https:\/\/www.vuosiamaailmalla.fi\/blog\/wp-json\/wp\/v2\/categories?post=14291"},{"taxonomy":"post_tag","embeddable":true,"href":"https:\/\/www.vuosiamaailmalla.fi\/blog\/wp-json\/wp\/v2\/tags?post=14291"}],"curies":[{"name":"wp","href":"https:\/\/api.w.org\/{rel}","templated":true}]}}