{"id":14295,"date":"2026-03-15T15:12:02","date_gmt":"2026-03-15T22:12:02","guid":{"rendered":"https:\/\/www.vuosiamaailmalla.fi\/blog\/?p=14295"},"modified":"2026-03-15T15:12:02","modified_gmt":"2026-03-15T22:12:02","slug":"poukkoileva-kevat","status":"publish","type":"post","link":"https:\/\/www.vuosiamaailmalla.fi\/blog\/2026\/poukkoileva-kevat\/","title":{"rendered":"Poukkoileva kev\u00e4t"},"content":{"rendered":"<p style=\"text-align: justify;\">Mennyt talvi on ollut Vancouverissa hyvin leuto ja vaikka vett\u00e4 onkin tullut runsain mitoin, on se satanut l\u00e4hes poikkeuksetta veten\u00e4 lumen sijaan. T\u00e4m\u00e4 on ollut huono uutinen kaikille t\u00e4n\u00e4 talvena laskettelurinteisiin pyrkineille ja lumitilanne oli hieman heikko my\u00f6skin kaksi viikkoa sitten, kun Suomi-muskarimme lapsilla oli lumileikkip\u00e4iv\u00e4 aurinkoisella <a title=\"T\u00e4ydellinen p\u00e4iv\u00e4 Cypress Mountainilla\" href=\"https:\/\/www.vuosiamaailmalla.fi\/blog\/2012\/taydellinen-paiva-cypress-mountainilla\/\">Cypress Mountainilla<\/a>.<\/p>\n<p><!--more--><\/p>\n<p style=\"text-align: center;\"><a href=\"\/blog\/wp-content\/uploads\/2026\/lumileikkipaiva3.jpg\"><img decoding=\"async\" src=\"\/blog\/wp-content\/uploads\/2026\/thumbs\/thumbs_lumileikkipaiva3.jpg\" \/><\/a><a href=\"\/blog\/wp-content\/uploads\/2026\/lumileikkipaiva1.jpg\"><img decoding=\"async\" src=\"\/blog\/wp-content\/uploads\/2026\/thumbs\/thumbs_lumileikkipaiva1.jpg\" \/><\/a><a href=\"\/blog\/wp-content\/uploads\/2026\/lumileikkipaiva2.jpg\"><img decoding=\"async\" src=\"\/blog\/wp-content\/uploads\/2026\/thumbs\/thumbs_lumileikkipaiva2.jpg\" \/><\/a><\/p>\n<p style=\"text-align: center;\"><em>Lumileikkip\u00e4iv\u00e4 oli hauska<\/em><\/p>\n<p style=\"text-align: justify;\">Sadep\u00e4ivien lomaan on mahtunut my\u00f6s aurinkoisia p\u00e4ivi\u00e4 ja kev\u00e4iset kelit ovatkin saapuneet <a title=\"Aikainen El Ni\u00f1o kev\u00e4t\" href=\"https:\/\/www.vuosiamaailmalla.fi\/blog\/2024\/aikainen-el-nino-kevat\/\">poikkeuksellisen aikaisin<\/a>. Kev\u00e4tt\u00e4 voi silti kutsua poukkoilevaksi, mist\u00e4 kulunut viikko on hyv\u00e4 esimerkki.<\/p>\n<p style=\"text-align: justify;\">Viime sunnuntaina aurinko paistoi siniselt\u00e4 taivaalta niin kirkkaasti, ett\u00e4 l\u00e4hdimme perheen kanssa k\u00e4velylle <a title=\"P\u00e4\u00e4si\u00e4ispy\u00f6r\u00e4ily Crescent Beachilla\" href=\"https:\/\/www.vuosiamaailmalla.fi\/blog\/2015\/paasiaispyoraily-crescent-beachilla\/\">Crescent Beachin<\/a> alueelle White Rockiin. Aurinkoisella rannalla olikin eritt\u00e4in kaunista ja vilkasta, joskin iltap\u00e4iv\u00e4 oli tuulinen ja ilma viel\u00e4 edelleen sangen kylm\u00e4.<\/p>\n<p style=\"text-align: center;\"><a href=\"\/blog\/wp-content\/uploads\/2026\/kevainen_crescent_park3.jpg\"><img decoding=\"async\" src=\"\/blog\/wp-content\/uploads\/2026\/thumbs\/thumbs_kevainen_crescent_park3.jpg\" \/><\/a><a href=\"\/blog\/wp-content\/uploads\/2026\/kevainen_crescent_park1.jpg\"><img decoding=\"async\" src=\"\/blog\/wp-content\/uploads\/2026\/thumbs\/thumbs_kevainen_crescent_park1.jpg\" \/><\/a><a href=\"\/blog\/wp-content\/uploads\/2026\/kevainen_crescent_park4.jpg\"><img decoding=\"async\" src=\"\/blog\/wp-content\/uploads\/2026\/thumbs\/thumbs_kevainen_crescent_park4.jpg\" \/><\/a><br \/>\n<a href=\"\/blog\/wp-content\/uploads\/2026\/kevainen_crescent_park6.jpg\"><img decoding=\"async\" src=\"\/blog\/wp-content\/uploads\/2026\/thumbs\/thumbs_kevainen_crescent_park6.jpg\" \/><\/a><a href=\"\/blog\/wp-content\/uploads\/2026\/kevainen_crescent_park2.jpg\"><img decoding=\"async\" src=\"\/blog\/wp-content\/uploads\/2026\/thumbs\/thumbs_kevainen_crescent_park2.jpg\" \/><\/a><a href=\"\/blog\/wp-content\/uploads\/2026\/kevainen_crescent_park5.jpg\"><img decoding=\"async\" src=\"\/blog\/wp-content\/uploads\/2026\/thumbs\/thumbs_kevainen_crescent_park5.jpg\" \/><\/a><\/p>\n<p style=\"text-align: center;\"><em>Tuulinen mutta kev\u00e4inen Crescent Beach<\/em><\/p>\n<p style=\"text-align: justify;\">Tunnelma oli kuitenkin t\u00e4ysin toinen jo heti seuraavana p\u00e4iv\u00e4n\u00e4, kun taivaalta satoi parin tunnin ajan lunta, joka my\u00f6skin j\u00e4i maahan lasten iloksi ja autoilijoiden kauhuksi. Lumi kuitenkin suli pois jo saman p\u00e4iv\u00e4n aikana ja torstaina aurinko pilkahtikin j\u00e4lleen pilvien lomasta.<\/p>\n<p style=\"text-align: center;\"><a href=\"\/blog\/wp-content\/uploads\/2026\/alkuviikon_takatalvi.jpg\"><img decoding=\"async\" src=\"\/blog\/wp-content\/uploads\/2026\/thumbs\/thumbs_alkuviikon_takatalvi.jpg\" \/><\/a><\/p>\n<p style=\"text-align: center;\"><em>Takatalvi oli lapsista hauska<\/em><\/p>\n<p style=\"text-align: justify;\">Perjantaina oli kuitenkin edess\u00e4 viikon toinen takatalvi, kun lunta tuli j\u00e4lleen parin tunnin ajan hyvin sakeasti. T\u00e4ll\u00e4 kertaa lumi j\u00e4i vain h\u00e4din tuskin maahan ja eilen lauantaina ei takatalvesta ollut en\u00e4\u00e4 tietoakaan, kun vierailimme ensimm\u00e4ist\u00e4 kertaa pieness\u00e4 <em>Fraser River Parkissa<\/em> Etel\u00e4-Vancouverissa happihyppelyn merkeiss\u00e4.<\/p>\n<p style=\"text-align: center;\"><a href=\"\/blog\/wp-content\/uploads\/2026\/loppuviikon_takatalvi.jpg\"><img decoding=\"async\" src=\"\/blog\/wp-content\/uploads\/2026\/loppuviikon_takatalvi.jpg\" \/><\/a><\/p>\n<p style=\"text-align: center;\"><em>Loppuviikosta saatiin j\u00e4lleen lunta<\/em><\/p>\n<p style=\"text-align: center;\"><a href=\"\/blog\/wp-content\/uploads\/2026\/fraser_river_park1.jpg\"><img decoding=\"async\" src=\"\/blog\/wp-content\/uploads\/2026\/thumbs\/thumbs_fraser_river_park1.jpg\" \/><\/a><a href=\"\/blog\/wp-content\/uploads\/2026\/fraser_river_park2.jpg\"><img decoding=\"async\" src=\"\/blog\/wp-content\/uploads\/2026\/thumbs\/thumbs_fraser_river_park2.jpg\" \/><\/a><br \/>\n<a href=\"\/blog\/wp-content\/uploads\/2026\/fraser_river_park3.jpg\"><img decoding=\"async\" src=\"\/blog\/wp-content\/uploads\/2026\/thumbs\/thumbs_fraser_river_park3.jpg\" \/><\/a><a href=\"\/blog\/wp-content\/uploads\/2026\/fraser_river_park4.jpg\"><img decoding=\"async\" src=\"\/blog\/wp-content\/uploads\/2026\/thumbs\/thumbs_fraser_river_park4.jpg\" \/><\/a><\/p>\n<p style=\"text-align: center;\"><em>Fraser River Parkissa oli j\u00e4lleen kev\u00e4ist\u00e4<\/em><\/p>\n<p style=\"text-align: justify;\">Samalla matkalla tuli my\u00f6skin vierailtua ensimm\u00e4ist\u00e4 kertaa jokirannassa sijaitsevassa ravintolassa, josta on aitiopaikka tarkkailla <a title=\"Vancouverin lentokentt\u00e4 uusille miljoonaluvuille\" href=\"https:\/\/www.vuosiamaailmalla.fi\/blog\/2016\/vancouverin-lentokentta-uusille-miljoonaluvuille\/\">Vancouverin kansainv\u00e4liselle lentokent\u00e4lle<\/a> laskeutuvia lentokoneita. Ravintolaa on vaikea l\u00f6yt\u00e4\u00e4 sattumalta, sill\u00e4 se sijaitsee monen mutkan takana, mutta se tarjoaa kokemuksemme mukaan hyv\u00e4\u00e4 pubi-ruokaa.<\/p>\n<p style=\"text-align: center;\"><a href=\"\/blog\/wp-content\/uploads\/2026\/milltown_brewing.jpg\"><img decoding=\"async\" src=\"\/blog\/wp-content\/uploads\/2026\/thumbs\/thumbs_milltown_brewing.jpg\" \/><\/a><a href=\"\/blog\/wp-content\/uploads\/2026\/milltown_brewing2.jpg\"><img decoding=\"async\" src=\"\/blog\/wp-content\/uploads\/2026\/thumbs\/thumbs_milltown_brewing2.jpg\" \/><\/a><\/p>\n<p style=\"text-align: center;\"><em>Ravintola lentokent\u00e4n luona<\/em><\/p>\n<p style=\"text-align: justify;\">Tulevaksi viikoksi l\u00e4mp\u00f6tilan ennustetaan nousevan edelleen ja vesisateen jatkuvan, mutta takatalven lumisateet lienev\u00e4t nyt onneksi taakse j\u00e4\u00e4nytt\u00e4 el\u00e4m\u00e4\u00e4, kev\u00e4\u00e4n lopultakin voittaessa t\u00e4m\u00e4nvuotisen taiston.<\/p>\n","protected":false},"excerpt":{"rendered":"<p>Mennyt talvi on ollut Vancouverissa hyvin leuto ja vaikka vett\u00e4 onkin tullut runsain mitoin, on se satanut l\u00e4hes poikkeuksetta veten\u00e4 lumen sijaan. T\u00e4m\u00e4 on ollut huono uutinen kaikille t\u00e4n\u00e4 talvena laskettelurinteisiin pyrkineille ja lumitilanne oli hieman heikko my\u00f6skin kaksi viikkoa sitten, kun Suomi-muskarimme lapsilla oli lumileikkip\u00e4iv\u00e4 aurinkoisella Cypress Mountainilla.<\/p>\n","protected":false},"author":1,"featured_media":14296,"comment_status":"open","ping_status":"closed","sticky":false,"template":"","format":"standard","meta":{"_jetpack_memberships_contains_paid_content":false,"footnotes":""},"categories":[17,3],"tags":[34,847,933,160,270,939,943,567],"class_list":["post-14295","post","type-post","status-publish","format-standard","has-post-thumbnail","hentry","category-arki-kanadassa","category-arki-ulkomailla","tag-arki","tag-crescent-beach","tag-cypress-mountain","tag-kevat","tag-saa","tag-vancouver","tag-west-vancouver","tag-white-rock"],"jetpack_featured_media_url":"https:\/\/www.vuosiamaailmalla.fi\/blog\/wp-content\/uploads\/kevainen_crescent_park_banner.jpg","jetpack_sharing_enabled":true,"_links":{"self":[{"href":"https:\/\/www.vuosiamaailmalla.fi\/blog\/wp-json\/wp\/v2\/posts\/14295","targetHints":{"allow":["GET"]}}],"collection":[{"href":"https:\/\/www.vuosiamaailmalla.fi\/blog\/wp-json\/wp\/v2\/posts"}],"about":[{"href":"https:\/\/www.vuosiamaailmalla.fi\/blog\/wp-json\/wp\/v2\/types\/post"}],"author":[{"embeddable":true,"href":"https:\/\/www.vuosiamaailmalla.fi\/blog\/wp-json\/wp\/v2\/users\/1"}],"replies":[{"embeddable":true,"href":"https:\/\/www.vuosiamaailmalla.fi\/blog\/wp-json\/wp\/v2\/comments?post=14295"}],"version-history":[{"count":3,"href":"https:\/\/www.vuosiamaailmalla.fi\/blog\/wp-json\/wp\/v2\/posts\/14295\/revisions"}],"predecessor-version":[{"id":14299,"href":"https:\/\/www.vuosiamaailmalla.fi\/blog\/wp-json\/wp\/v2\/posts\/14295\/revisions\/14299"}],"wp:featuredmedia":[{"embeddable":true,"href":"https:\/\/www.vuosiamaailmalla.fi\/blog\/wp-json\/wp\/v2\/media\/14296"}],"wp:attachment":[{"href":"https:\/\/www.vuosiamaailmalla.fi\/blog\/wp-json\/wp\/v2\/media?parent=14295"}],"wp:term":[{"taxonomy":"category","embeddable":true,"href":"https:\/\/www.vuosiamaailmalla.fi\/blog\/wp-json\/wp\/v2\/categories?post=14295"},{"taxonomy":"post_tag","embeddable":true,"href":"https:\/\/www.vuosiamaailmalla.fi\/blog\/wp-json\/wp\/v2\/tags?post=14295"}],"curies":[{"name":"wp","href":"https:\/\/api.w.org\/{rel}","templated":true}]}}