{"id":14315,"date":"2026-04-26T21:32:23","date_gmt":"2026-04-27T04:32:23","guid":{"rendered":"https:\/\/www.vuosiamaailmalla.fi\/blog\/?p=14315"},"modified":"2026-04-26T21:32:23","modified_gmt":"2026-04-27T04:32:23","slug":"historiallinen-taite-vaestonkasvuun","status":"publish","type":"post","link":"https:\/\/www.vuosiamaailmalla.fi\/blog\/2026\/historiallinen-taite-vaestonkasvuun\/","title":{"rendered":"Historiallinen taite v\u00e4est\u00f6nkasvuun"},"content":{"rendered":"<p style=\"text-align: justify;\">Yksi blogissani usein toistunut teema Kanadassa asumiemme <a title=\"14 vuotta Kanadassa\" href=\"https:\/\/www.vuosiamaailmalla.fi\/blog\/2026\/14-vuotta-kanadassa\/\">nelj\u00e4ntoista vuoden<\/a> aikana on ollut maan jatkuva ja ajoittain <a title=\"Kanadan v\u00e4est\u00f6r\u00e4j\u00e4hdys\" href=\"https:\/\/www.vuosiamaailmalla.fi\/blog\/2023\/kanadan-vaestorajahdys\/\">hallitsematon v\u00e4est\u00f6nkasvu<\/a>. Kun vuonna 2012 maan v\u00e4kiluku oli 34,8 miljoonaa, arvioidaan sen olevan t\u00e4n\u00e4 p\u00e4iv\u00e4n\u00e4 noin 41,5 miljoonaa henke\u00e4. T\u00e4m\u00e4 tarkoittaa 6,7 miljoonan asukkaan lis\u00e4yst\u00e4 lyhyess\u00e4 ajassa, mik\u00e4 onkin saanut Kanadan yhteiskunnan <a title=\"Kanada on rikki\" href=\"https:\/\/www.vuosiamaailmalla.fi\/blog\/2024\/kanada-on-rikki\/\">natisemaan liitoksissaan<\/a>.<\/p>\n<p><!--more--><\/p>\n<p style=\"text-align: justify;\">Hallitsematon kasvusta tuli <a title=\"Justin Trudeaun valtakauden p\u00e4\u00e4t\u00f6s\" href=\"https:\/\/www.vuosiamaailmalla.fi\/blog\/2025\/justin-trudeaun-valtakauden-paatos\/\">edellisen p\u00e4\u00e4ministeri<\/a> Justin Trudeaun toisella hallituskaudella, jolloin etenkin tilap\u00e4isten asumislupien sek\u00e4 opiskelijaviisumien m\u00e4\u00e4r\u00e4t r\u00e4j\u00e4htiv\u00e4t, tuoden maahan lyhyess\u00e4 ajassa pari miljoonaa uutta tilap\u00e4ist\u00e4 asukasta. T\u00e4ss\u00e4 rytin\u00e4ss\u00e4 British Columbia ylitti <a title=\"British Columbia ylitti 5 miljoonaa asukasta\" href=\"https:\/\/www.vuosiamaailmalla.fi\/blog\/2019\/british-columbia-ylitti-5-miljoonaa-asukasta\/\">viisi miljoonaa asukasta<\/a> ja Vancouverin asukasluku kohosi <a title=\"Kolmen miljoonan asukkaan Vancouver\" href=\"https:\/\/www.vuosiamaailmalla.fi\/blog\/2025\/kolmen-miljoonan-asukkaan-vancouver\/\">kolmen miljoonan ylitse<\/a>, mitk\u00e4 ovat tuntuneet kaikkialla aina terveydenhuollosta kouluihin sek\u00e4 liikenteeseen saakka.<\/p>\n<p style=\"text-align: center;\"><a href=\"\/blog\/wp-content\/uploads\/2026\/aiempi_vaestorajahdys.jpg\"><img decoding=\"async\" src=\"\/blog\/wp-content\/uploads\/2026\/aiempi_vaestorajahdys.jpg\" \/><\/a><\/p>\n<p style=\"text-align: center;\"><em>Maahanmuutto l\u00e4hti k\u00e4sist\u00e4<\/em><\/p>\n<p style=\"text-align: justify;\">Viime vuoden <a title=\"Yll\u00e4tysten parlamenttivaalit\" href=\"https:\/\/www.vuosiamaailmalla.fi\/blog\/2025\/yllatysten-parlamenttivaalit\/\">tiukat parlamenttivaalit<\/a>, jotka Kanadaa pitk\u00e4\u00e4n hallinnut liberaalipuolue t\u00e4p\u00e4r\u00e4sti voitti, pakotti hallituksen tekem\u00e4\u00e4n asioille jotain ja rajoittamaan maahanmuuttom\u00e4\u00e4ri\u00e4 roimalla k\u00e4dell\u00e4. Ensimm\u00e4isen\u00e4 leikkauslistalle joutuivat kansainv\u00e4liset opiskelijaviisumit, joiden m\u00e4\u00e4r\u00e4\u00e4 leikattiin puoleen, mutta joiden kysynt\u00e4 on romahtanut kahdessa vuodessa per\u00e4ti 74%.<\/p>\n<p style=\"text-align: center;\"><a href=\"\/blog\/wp-content\/uploads\/2026\/kansainvaliset_opiskelijamaarat.jpg\"><img decoding=\"async\" src=\"\/blog\/wp-content\/uploads\/2026\/kansainvaliset_opiskelijamaarat.jpg\" \/><\/a><\/p>\n<p style=\"text-align: center;\"><em>Opiskelijam\u00e4\u00e4r\u00e4t ovat romahtaneet<\/em><\/p>\n<p style=\"text-align: justify;\">Valtavat ulkomaisten opiskelijoiden m\u00e4\u00e4r\u00e4t ehtiv\u00e4t synnytt\u00e4m\u00e4\u00e4n maahan lukuisia &#8221;diplomitehtaiksi&#8221; kutsuttuja korkeakouluja, joiden opintojen sek\u00e4 tutkintojen taso on eritt\u00e4in alhainen ja jotka toimivat l\u00e4hinn\u00e4 maahanmuuton v\u00e4lineen\u00e4. Nyt n\u00e4m\u00e4 koulut ovat joutuneet leikkaamaan henkil\u00f6st\u00f6\u00e4\u00e4n kovalla k\u00e4dell\u00e4 rahavirtojen tyrehdytty\u00e4, mik\u00e4 on hyv\u00e4 asia, sill\u00e4 monet kouluissa opiskelleet tunsivat tulleensa hyv\u00e4ksik\u00e4ytetyksi ja moni my\u00f6s pettyi Kanadan tarjoamiin ty\u00f6mahdollisuuksiin. Kuulostanee tutulta my\u00f6s Suomessa?<\/p>\n<p style=\"text-align: center;\"><a href=\"\/blog\/wp-content\/uploads\/2014\/ubc_iona_building1.jpg\"><img decoding=\"async\" src=\"\/blog\/wp-content\/uploads\/2014\/ubc_iona_building1.jpg\" \/><\/a><\/p>\n<p style=\"text-align: center;\"><em>UBC ei ole diplomitehdas<\/em><\/p>\n<p style=\"text-align: justify;\">V\u00e4hentyneen maahanmuuton vuoksi Kanadan v\u00e4kiluku laski viime vuonna 0,2% ja 103 504 henke\u00e4, mik\u00e4 on ensimm\u00e4inen lasku sitten vuoden 1946. K\u00e4\u00e4nne on merkitt\u00e4v\u00e4 ja sen odotetaan jatkuvan my\u00f6s kuluvana vuonna, maan tavoitellessa tilap\u00e4isten asukkaiden muodostavan ainoastaan 5% v\u00e4est\u00f6st\u00e4. On kuitenkin hyv\u00e4 muistaa, ett\u00e4 Kanada lis\u00e4si koronavuosien j\u00e4lkeen jopa <a title=\"Voimakkaasti kasvava v\u00e4est\u00f6\" href=\"https:\/\/www.vuosiamaailmalla.fi\/blog\/2022\/voimakkaasti-kasvava-vaesto\/\">pari miljoonaa asukasta<\/a>, joten k\u00e4\u00e4nne ei ole viel\u00e4 j\u00e4rin merkitt\u00e4v\u00e4.<\/p>\n<p style=\"text-align: justify;\">Erityisen voimakkaasti muutos on iskenyt British Columbiaan, jonka v\u00e4kiluku v\u00e4heni viime vuonna 41 000 hengell\u00e4. Kyseess\u00e4 on ensimm\u00e4inen kerta kun provinssin v\u00e4kiluku v\u00e4henee sitten vuoden 1874, mik\u00e4 kertoo miten miten historiallisesta tapahtumasta on kyse.<\/p>\n<p style=\"text-align: center;\"><a href=\"\/blog\/wp-content\/uploads\/2026\/kanadan_vaesto_2026.jpg\"><img decoding=\"async\" src=\"\/blog\/wp-content\/uploads\/2026\/kanadan_vaesto_2026.jpg\" \/><\/a><\/p>\n<p style=\"text-align: center;\"><em>Asuinluku huhtikuussa 2026<\/em><\/p>\n<p style=\"text-align: justify;\">My\u00f6s British Columbiassa laskun taustalla ovat samat maanlaajuiset syyt, mutta provinssia vaivaavat my\u00f6s suuret ongelmat <a title=\"T\u00e4ydellisen ep\u00e4onnistunut huumepolitiikka\" href=\"https:\/\/www.vuosiamaailmalla.fi\/blog\/2024\/taydellisen-epaonnistunut-huumepolitiikka\/\">turvallisuuden<\/a>, elinkustannusten sek\u00e4 ty\u00f6llisyystilanteen kanssa. Asiaa ei my\u00f6sk\u00e4\u00e4n helpota <a title=\"Yksityisomistus vaakalaudalla\" href=\"https:\/\/www.vuosiamaailmalla.fi\/blog\/2025\/yksityisomistus-vaakalaudalla\/\">ep\u00e4selvyys yksityisomistuksesta<\/a>, sek\u00e4 jatkuva poukkoilu intiaaniasioiden kanssa, provinssihallinnon ollessa selv\u00e4sti sekaantuneessa tilassa.<\/p>\n<p style=\"text-align: justify;\">V\u00e4hentynyt v\u00e4est\u00f6 tuo kuitenkin helpotusta vuosikausia tulikuumana hohtaneille vuokramarkkinoille, jossa vapaiden vuokra-asuntojen aste nousi 3,7% lukemaan, oltuaan vuosia noin yhden prosentin tienoilla. Muutos alkaa hiljalleen n\u00e4ky\u00e4 my\u00f6s itse vuokrissa, joissa on ollut pient\u00e4 laskupainetta, sek\u00e4 my\u00f6s\u00a0 alenevassa asuntorakentamisessa. Etenkin j\u00e4lkimm\u00e4isell\u00e4 on suuri merkitys provinssin talouteen, joka on nojannut pitk\u00e4\u00e4n <a title=\"Tulikuumana hohkaava talous\" href=\"https:\/\/www.vuosiamaailmalla.fi\/blog\/2016\/tulikuumana-hohkaava-talous\/\">jatkuvaan rakentamiseen<\/a>.<\/p>\n<p style=\"text-align: justify;\">V\u00e4est\u00f6nkasvun taittuminen onkin eritt\u00e4in positiivinen uutinen, mutta siit\u00e4 on vaikea antaa kiitosta liittovaltion tai provinssin hallinnolle, jotka ovat koko <a title=\"Kanada lis\u00e4\u00e4 maahanmuuttoa\" href=\"https:\/\/www.vuosiamaailmalla.fi\/blog\/2016\/kanada-lisaa-maahanmuuttoa\/\">alkuper\u00e4isen ongelman taustalla<\/a> ep\u00e4onnistuneen politiikkansa kanssa. Yhden vuoden negatiivinen kasvu ei my\u00f6sk\u00e4\u00e4n korjaa vuosikymmenen mittaisen hyperkasvun aiheuttamia ongelmia, mutta se antaa ihmisille hieman toivoa kenties aavistuksen paremmasta tulevaisuudesta.<\/p>\n","protected":false},"excerpt":{"rendered":"<p>Yksi blogissani usein toistunut teema Kanadassa asumiemme nelj\u00e4ntoista vuoden aikana on ollut maan jatkuva ja ajoittain hallitsematon v\u00e4est\u00f6nkasvu. Kun vuonna 2012 maan v\u00e4kiluku oli 34,8 miljoonaa, arvioidaan sen olevan t\u00e4n\u00e4 p\u00e4iv\u00e4n\u00e4 noin 41,5 miljoonaa henke\u00e4. T\u00e4m\u00e4 tarkoittaa 6,7 miljoonan asukkaan lis\u00e4yst\u00e4 lyhyess\u00e4 ajassa, mik\u00e4 onkin saanut Kanadan yhteiskunnan natisemaan liitoksissaan.<\/p>\n","protected":false},"author":1,"featured_media":14317,"comment_status":"open","ping_status":"closed","sticky":false,"template":"","format":"standard","meta":{"_jetpack_memberships_contains_paid_content":false,"footnotes":""},"categories":[18,3,4],"tags":[25,935,1844,1249],"class_list":["post-14315","post","type-post","status-publish","format-standard","has-post-thumbnail","hentry","category-arki-saksassa","category-arki-ulkomailla","category-asuminen-kanadassa","tag-ajankohtaista","tag-kanada","tag-maahanmuutto","tag-vaesto"],"jetpack_featured_media_url":"https:\/\/www.vuosiamaailmalla.fi\/blog\/wp-content\/uploads\/taite_vakiluvussa_banner.jpg","jetpack_sharing_enabled":true,"_links":{"self":[{"href":"https:\/\/www.vuosiamaailmalla.fi\/blog\/wp-json\/wp\/v2\/posts\/14315","targetHints":{"allow":["GET"]}}],"collection":[{"href":"https:\/\/www.vuosiamaailmalla.fi\/blog\/wp-json\/wp\/v2\/posts"}],"about":[{"href":"https:\/\/www.vuosiamaailmalla.fi\/blog\/wp-json\/wp\/v2\/types\/post"}],"author":[{"embeddable":true,"href":"https:\/\/www.vuosiamaailmalla.fi\/blog\/wp-json\/wp\/v2\/users\/1"}],"replies":[{"embeddable":true,"href":"https:\/\/www.vuosiamaailmalla.fi\/blog\/wp-json\/wp\/v2\/comments?post=14315"}],"version-history":[{"count":2,"href":"https:\/\/www.vuosiamaailmalla.fi\/blog\/wp-json\/wp\/v2\/posts\/14315\/revisions"}],"predecessor-version":[{"id":14318,"href":"https:\/\/www.vuosiamaailmalla.fi\/blog\/wp-json\/wp\/v2\/posts\/14315\/revisions\/14318"}],"wp:featuredmedia":[{"embeddable":true,"href":"https:\/\/www.vuosiamaailmalla.fi\/blog\/wp-json\/wp\/v2\/media\/14317"}],"wp:attachment":[{"href":"https:\/\/www.vuosiamaailmalla.fi\/blog\/wp-json\/wp\/v2\/media?parent=14315"}],"wp:term":[{"taxonomy":"category","embeddable":true,"href":"https:\/\/www.vuosiamaailmalla.fi\/blog\/wp-json\/wp\/v2\/categories?post=14315"},{"taxonomy":"post_tag","embeddable":true,"href":"https:\/\/www.vuosiamaailmalla.fi\/blog\/wp-json\/wp\/v2\/tags?post=14315"}],"curies":[{"name":"wp","href":"https:\/\/api.w.org\/{rel}","templated":true}]}}