{"id":1436,"date":"2011-12-11T10:53:06","date_gmt":"2011-12-11T18:53:06","guid":{"rendered":"http:\/\/13.53.127.146\/?p=1436"},"modified":"2021-02-04T21:01:36","modified_gmt":"2021-02-05T05:01:36","slug":"berliinin-filharmonikkoja-kuulemassa","status":"publish","type":"post","link":"https:\/\/www.vuosiamaailmalla.fi\/blog\/2011\/berliinin-filharmonikkoja-kuulemassa\/","title":{"rendered":"Berliinin filharmonikkoja kuulemassa"},"content":{"rendered":"<p style=\"text-align: justify;\">Nyt kun <a title=\"Seuraava kotimme: Vancouver, Kanada!\" href=\"https:\/\/www.vuosiamaailmalla.fi\/?p=3111\">muutto<\/a> l\u00e4hestyy kovaa vauhtia ja p\u00e4iv\u00e4t Berliiniss\u00e4 k\u00e4yv\u00e4t v\u00e4hiin, olemme viime viikkoina yritt\u00e4neet tehd\u00e4 t\u00e4\u00e4ll\u00e4 asuttujen vuosien aikana r\u00e4stiin j\u00e4\u00e4neit\u00e4 asioita. Yksi t\u00e4llainen on ollut Berliinin kuuluisien filharmonikkojen konsertti <em>Berliner Philharmoniella<\/em>. T\u00e4m\u00e4n suositun orkesterin konsertteihin on kohtuullisen vaikea saada lippuja, mutta onneksemme onnistuimme viikko sitten varaamaan liput menneen\u00e4 perjantaina pidettyyn konserttiin, joka oli upea kulttuuriel\u00e4mys.<\/p>\n<p><!--more--><\/p>\n<p style=\"text-align: justify;\">Berliinin filharmonikkoja pidet\u00e4\u00e4n yhten\u00e4 Euroopan parhaimmista klassisen musiikin orkestereista. Orkesteri on perustettu jo vuonna 1882, jolloin se tunnettiin nimell\u00e4 <em>Fr\u00fchere Bilsesche Kapelle<\/em>. Orkesteriin kuului tuolloin 54 j\u00e4sent\u00e4. Pitk\u00e4n uran tehneeseen orkesteriin kuuluu nykyisin kaksi suomalaistakin; tuplabasson soittajat Janne Saksala ja Esko Laine. Orkesteria on johtanut vuodesta 2002 Sir Simon Rattle, joka oli valintansa aikana kiistelty henkil\u00f6 kyseiseen virkaan. H\u00e4nen ansiokseen voidaan kuitenkin lukea, ett\u00e4 h\u00e4n on tehnyt Berliinin firharmonikoista itse\u00e4\u00e4n hallinnoivan julkisen s\u00e4\u00e4ti\u00f6n valtio-ohjauksen alaisuuden sijaan. Aluksi kiistanalaista j\u00e4rjestely\u00e4 on sittemmin kiitelty, sill\u00e4 se on mahdollistanut orkesterille vapauden kaikissa itse\u00e4\u00e4n koskevissa p\u00e4\u00e4t\u00f6ksiss\u00e4. Lis\u00e4ksi Rattlen aikana orkesteri on p\u00e4\u00e4ssyt aiemmista talousvaikeuksistaan.<\/p>\n<p style=\"text-align: center;\"><a href=\"\/blog\/wp-content\/uploads\/2011\/viela_tyhja_berlin_philharmonie.jpg\"><img decoding=\"async\" style=\"border: 0px none; margin: 5px;\" src=\"\/blog\/wp-content\/uploads\/2011\/viela_tyhja_berlin_philharmonie.jpg\" alt=\"\" \/><\/a><\/p>\n<p style=\"text-align: center;\"><em>Viel\u00e4 tyhj\u00e4 konserttisali<\/em><\/p>\n<p style=\"text-align: justify;\">Perjantaisen konsertin ohjelma muodostui kahdesta esityksest\u00e4. Richard Straussin <em>Don Quixote<\/em> on toki kuuluisa, mutta ei uponnut meihin muutamien outojen kohtauksiensa vuoksi. Paljon parempi oli puoliajan j\u00e4lkeen esitetty Edward Elgarin <em>Sympony No. 1<\/em>, jossa oli paljon miellytt\u00e4vi\u00e4 melodioita. Vaikka olemmekin k\u00e4yneet muutamassa klassisessa konsertissa aiemmin, ei kokemuksemme riit\u00e4 silti arvioimaan nyt kuullun konsertin tasoa. Orkesterin sointi oli kyll\u00e4 eritt\u00e4in tasokkaan oloista ja kaikkein vaimeimmatkin osat soitettiin erinomaisella tarkkuudella. Meit\u00e4 todenn\u00e4k\u00f6isesti paljon kokeneempi noin 2400-p\u00e4inen yleis\u00f6 piti kuitenkin kuulemastaan eritt\u00e4in paljon, sill\u00e4 aplodit olivat monen minuutin mittaiset ja orkesteria johtanut tilap\u00e4inen kapellimestari Donald Runnicles taputettiin takaisin lavalle monta kertaa. T\u00e4st\u00e4 voinee p\u00e4\u00e4tell\u00e4 esityksen olleen eritt\u00e4in kovatasoinen.<\/p>\n<p style=\"text-align: center;\"><a href=\"\/blog\/wp-content\/uploads\/2011\/berlin_philharmoniker1.jpg\" target=\"_blank\" rel=\"noopener\"><img decoding=\"async\" style=\"border: 0px none; margin: 5px;\" src=\"\/blog\/wp-content\/uploads\/2011\/thumbs\/thumbs_berlin_philharmoniker1.jpg\" alt=\"\" \/><\/a><a href=\"\/blog\/wp-content\/uploads\/2011\/berlin_philharmoniker2.jpg\" target=\"_blank\" rel=\"noopener\"><img decoding=\"async\" style=\"border: 0px none; margin: 5px;\" src=\"\/blog\/wp-content\/uploads\/2011\/thumbs\/thumbs_berlin_philharmoniker2.jpg\" alt=\"\" \/><\/a><\/p>\n<p style=\"text-align: center;\"><em>Berliinin filharmonikot<\/em><\/p>\n<p style=\"text-align: justify;\">Yleis\u00f6st\u00e4 pit\u00e4\u00e4 sanoa sen verran, ett\u00e4 se k\u00e4ytt\u00e4ytyi konsertin aikana arvokkaasti. Toisin kuin tammikuisessa Andrea Bocellin <a title=\"Kultturelli ilta maailmant\u00e4hden seurassa\" href=\"https:\/\/www.vuosiamaailmalla.fi\/?p=633\">konsertissa<\/a>, t\u00e4ll\u00e4 kertaa kukaan ei ottanut valokuvia esityksen aikana ja kaikenlainen k\u00f6himinenkin oli aivan minimiss\u00e4\u00e4n. Se oli oikein mukavaa, sill\u00e4 se mahdollisti keskitty\u00e4 itse esitykseen ja musiikkiin. Kyseess\u00e4 olikin hieno kokemus ja on kiva ett\u00e4 ehdimme k\u00e4yd\u00e4 kuulemassa t\u00e4t\u00e4 kuuluisaa paikallista orkesteria. Jos Berliinin filharmonikkojen kuuleminen kiinnostaa, mutta et ole matkustamassa Berliiniin, kannattaa katsastaa orkesterin <a href=\"http:\/\/www.digitalconcerthall.com\/\">digitaalinen arkisto<\/a>. Siell\u00e4 on niin n\u00e4ht\u00e4viss\u00e4 kuin kuultavissakin lukuisia orkesterin konserttitaltiointeja sek\u00e4 toisinaan my\u00f6s live-l\u00e4hetyksi\u00e4.<\/p>\n","protected":false},"excerpt":{"rendered":"<p>Nyt kun muutto l\u00e4hestyy kovaa vauhtia ja p\u00e4iv\u00e4t Berliiniss\u00e4 k\u00e4yv\u00e4t v\u00e4hiin, olemme viime viikkoina yritt\u00e4neet tehd\u00e4 t\u00e4\u00e4ll\u00e4 asuttujen vuosien aikana r\u00e4stiin j\u00e4\u00e4neit\u00e4 asioita. Yksi t\u00e4llainen on ollut Berliinin kuuluisien filharmonikkojen konsertti Berliner Philharmoniella. T\u00e4m\u00e4n suositun orkesterin konsertteihin on kohtuullisen vaikea saada lippuja, mutta onneksemme onnistuimme viikko sitten varaamaan liput menneen\u00e4 perjantaina pidettyyn konserttiin, joka oli &hellip; <a href=\"https:\/\/www.vuosiamaailmalla.fi\/blog\/2011\/berliinin-filharmonikkoja-kuulemassa\/\" class=\"more-link\">Jatka lukemista<span class=\"screen-reader-text\"> &#8221;Berliinin filharmonikkoja kuulemassa&#8221;<\/span><\/a><\/p>\n","protected":false},"author":1,"featured_media":11655,"comment_status":"open","ping_status":"open","sticky":false,"template":"","format":"standard","meta":{"_jetpack_memberships_contains_paid_content":false,"footnotes":""},"categories":[18,3],"tags":[34,437,439,65,438,251,255,190],"class_list":["post-1436","post","type-post","status-publish","format-standard","has-post-thumbnail","hentry","category-arki-saksassa","category-arki-ulkomailla","tag-arki","tag-berlin","tag-berlin-philharmonic","tag-berlin-tiergarten","tag-berliner-philharmonie","tag-konsertti","tag-potsdamer-platz","tag-saksa"],"jetpack_featured_media_url":"https:\/\/www.vuosiamaailmalla.fi\/blog\/wp-content\/uploads\/berlin_philharmoniker_banner-1.jpg","jetpack_sharing_enabled":true,"_links":{"self":[{"href":"https:\/\/www.vuosiamaailmalla.fi\/blog\/wp-json\/wp\/v2\/posts\/1436","targetHints":{"allow":["GET"]}}],"collection":[{"href":"https:\/\/www.vuosiamaailmalla.fi\/blog\/wp-json\/wp\/v2\/posts"}],"about":[{"href":"https:\/\/www.vuosiamaailmalla.fi\/blog\/wp-json\/wp\/v2\/types\/post"}],"author":[{"embeddable":true,"href":"https:\/\/www.vuosiamaailmalla.fi\/blog\/wp-json\/wp\/v2\/users\/1"}],"replies":[{"embeddable":true,"href":"https:\/\/www.vuosiamaailmalla.fi\/blog\/wp-json\/wp\/v2\/comments?post=1436"}],"version-history":[{"count":2,"href":"https:\/\/www.vuosiamaailmalla.fi\/blog\/wp-json\/wp\/v2\/posts\/1436\/revisions"}],"predecessor-version":[{"id":11657,"href":"https:\/\/www.vuosiamaailmalla.fi\/blog\/wp-json\/wp\/v2\/posts\/1436\/revisions\/11657"}],"wp:featuredmedia":[{"embeddable":true,"href":"https:\/\/www.vuosiamaailmalla.fi\/blog\/wp-json\/wp\/v2\/media\/11655"}],"wp:attachment":[{"href":"https:\/\/www.vuosiamaailmalla.fi\/blog\/wp-json\/wp\/v2\/media?parent=1436"}],"wp:term":[{"taxonomy":"category","embeddable":true,"href":"https:\/\/www.vuosiamaailmalla.fi\/blog\/wp-json\/wp\/v2\/categories?post=1436"},{"taxonomy":"post_tag","embeddable":true,"href":"https:\/\/www.vuosiamaailmalla.fi\/blog\/wp-json\/wp\/v2\/tags?post=1436"}],"curies":[{"name":"wp","href":"https:\/\/api.w.org\/{rel}","templated":true}]}}