{"id":1447,"date":"2012-11-24T10:23:39","date_gmt":"2012-11-24T18:23:39","guid":{"rendered":"http:\/\/13.53.127.146\/?p=1447"},"modified":"2019-11-30T14:22:33","modified_gmt":"2019-11-30T22:22:33","slug":"black-friday","status":"publish","type":"post","link":"https:\/\/www.vuosiamaailmalla.fi\/blog\/2012\/black-friday\/","title":{"rendered":"Black Friday"},"content":{"rendered":"<p style=\"text-align: justify;\">Torstaina oli amerikkalaisten vuoro viett\u00e4\u00e4 kiitosp\u00e4iv\u00e4\u00e4, jota vietettiin t\u00e4\u00e4ll\u00e4 Kanadassa jo aiemmin lokakuussa. T\u00e4st\u00e4 huolimatta my\u00f6s meid\u00e4n ty\u00f6paikan ruokalassa tarjoiltiin torstaina kalkkunaa erilaisilla t\u00e4ytteill\u00e4, sill\u00e4 kukapa ei rakastaisi viett\u00e4\u00e4 <a title=\"Thanksgiving Day\" href=\"https:\/\/www.vuosiamaailmalla.fi\/?p=813\"><em>Thanksgiving Dayta<\/em><\/a> kahdesti vuodessa! Kanadalaisesta n\u00e4k\u00f6kulmasta amerikkalaista kiitosp\u00e4iv\u00e4\u00e4 kiinnostavampi juhla on kuitenkin heti seuraavana p\u00e4iv\u00e4n\u00e4 vietett\u00e4v\u00e4 ostoshullun taivas &#8221;musta perjantai&#8221; eli <em>Black Friday.<\/em><\/p>\n<p style=\"text-align: justify;\"><!--more--><br \/>\n\ud83d\udca1 T\u00e4m\u00e4 kirjoitus on julkaistu alunperin vuonna 2012 ja p\u00e4ivitetty marraskuussa 2019.<\/p>\n<p style=\"text-align: justify;\">Black Friday on ep\u00e4virallinen <a title=\"Sekavat pyh\u00e4p\u00e4iv\u00e4t\" href=\"https:\/\/www.vuosiamaailmalla.fi\/?p=10195\">juhlap\u00e4iv\u00e4<\/a>, jonka suurin osa amerikkalaisista kuitenkin saa tai ottaa vapaaksi. P\u00e4iv\u00e4n katsotaan aloittavan joulunajan ostoshulinan ja vuodesta 2005 l\u00e4htien Black Friday onkin ollut koko vuoden merkitt\u00e4vin ostosp\u00e4iv\u00e4 Pohjois-Amerikassa. Sen vilkkauden v\u00e4itet\u00e4\u00e4n jopa ennustavan joulumyynnin onnistumista, tosin tilastot eiv\u00e4t kuitenkaan tue t\u00e4t\u00e4 v\u00e4itt\u00e4m\u00e4\u00e4. Kyseess\u00e4 on silti vuoden odotetuimmasta yksitt\u00e4isest\u00e4 p\u00e4iv\u00e4st\u00e4 kuluttajavetoisilla Yhdysvaltain v\u00e4hitt\u00e4ismyyntimarkkinoilla ja sill\u00e4 on siten huomattavaa kansantaloudellista merkityst\u00e4.<\/p>\n<p style=\"text-align: justify;\">Black Fridayn nimen alkuper\u00e4lle on monta tarinaa, mutta yksi yleisimmin tunnettu juontaa juurensa vuoden 1961 <a title=\"Sateinen Philadelphia\" href=\"https:\/\/www.vuosiamaailmalla.fi\/?p=2718\">Philadelphiaan<\/a>. Siell\u00e4 paikallinen poliisilaitos alkoi k\u00e4ytt\u00e4m\u00e4\u00e4n nime\u00e4 kuvaamaan t\u00e4t\u00e4 ruuhkaista ja liikenneonnettomuuksien t\u00e4ytt\u00e4m\u00e4\u00e4 p\u00e4iv\u00e4\u00e4, mik\u00e4 juurtui k\u00e4sitteeksi paikalliseen mediaan. Hiljalleen nimi levisi muuallekin kuvaamaan tuon perjantain hullunmylly\u00e4 ja 90-lukuun menness\u00e4 termi oli jo k\u00e4yt\u00f6ss\u00e4 maanlaajuisesti.<\/p>\n<p style=\"text-align: justify;\">Toinen versio nimen merkityksest\u00e4 on sen tarkoittavan p\u00e4iv\u00e4\u00e4 jolloin liikkeet ovat vihdoinkin <em>&#8221;in the black&#8221;<\/em> eli tilinpitomieless\u00e4 plussalla. T\u00e4m\u00e4 pit\u00e4\u00e4 varmaan paikkansa joidenkin liikkeiden kohdalla, muttei liene sent\u00e4\u00e4n mik\u00e4\u00e4n maanlaajuinen fakta. \ud83d\udca1<\/p>\n<p style=\"text-align: justify;\">Pitk\u00e4lle viikonlopulle osuva Black Friday on monille yksinkertaisesti k\u00e4tev\u00e4 hetki aloittaa jouluostokset, mutta huomattavat alennukset saavat ihmismassat liikkeelle juuri perjantaina. Suurten kauppaketjujen eteen alkaa yleens\u00e4 kerty\u00e4 jonoja jo y\u00f6ll\u00e4 ja monet liikkeet avaavatkin ovensa joko keskiy\u00f6ll\u00e4 tai viimeist\u00e4\u00e4n aamuy\u00f6ll\u00e4. Viime vuosina on my\u00f6s yleistynyt tapa avata ovet jo kiitosp\u00e4iv\u00e4n iltana ja ulottaa ainakin osan tarjouksista koko viikkoon, mik\u00e4 on saanut osakseen vastustusta monien liikkeiden ty\u00f6ntekij\u00f6ilt\u00e4. T\u00e4m\u00e4n vuoksi kiitosp\u00e4iv\u00e4n torstaita kutsutaan joskus my\u00f6s nimell\u00e4 <em>Gray Thursday<\/em> eli &#8221;harmaa torstai&#8221;, ik\u00e4\u00e4n kuin mustaa perjantaita ennakoiden.<\/p>\n<p style=\"text-align: center;\"><a href=\"\/blog\/wp-content\/uploads\/2012\/black_friday_pilapiirros.jpg\"><img decoding=\"async\" style=\"border: 0px none; margin: 5px;\" src=\"\/blog\/wp-content\/uploads\/2012\/black_friday_pilapiirros.jpg\" alt=\"\" \/><\/a><\/p>\n<p style=\"text-align: center;\"><em>Black Friday pilapiirros<\/em><\/p>\n<p style=\"text-align: justify;\">Amerikassa kun ollaan, on materian palvonta t\u00e4rke\u00e4\u00e4 ja niinp\u00e4 Black Fridayn ostosrynt\u00e4yksiss\u00e4 onkin n\u00e4hty jopa kuolemantapauksia, kun ihmislaumat ovat talloneet alleen myyji\u00e4 ja kanssaihmisi\u00e4. Tarjoustuotteista on tapellaan vuosittain monin paikoin ja juuri t\u00e4m\u00e4n hulluuden vuoksi <a title=\"Viihdeuutisia ja valheellisia lehtikirjoituksia\" href=\"https:\/\/www.vuosiamaailmalla.fi\/?p=5348\">media<\/a> on kiinnostunut p\u00e4iv\u00e4n raportoinnista. T\u00e4m\u00e4 my\u00f6s edesauttaa hulluuden promoamisessa, ihmisten kuvitellessa missaavansa jotain j\u00e4tt\u00e4ess\u00e4\u00e4n jonot v\u00e4liin. Hullua meininki\u00e4, johon ei tule itse l\u00e4hdetty\u00e4 koskaan mukaan mist\u00e4\u00e4n hinnasta.<\/p>\n<p style=\"text-align: justify;\">Vaikka Black Friday onkin saanut alkunsa Yhdysvalloissa, on sen per\u00e4ss\u00e4 vaellettu <a title=\"Kriisi Kanadan rajoilla\" href=\"https:\/\/www.vuosiamaailmalla.fi\/?p=9215\">rajan toiselle puolelle<\/a> t\u00e4\u00e4lt\u00e4 Kanadastakin jo vuosia. Viime aikoina my\u00f6s t\u00e4k\u00e4l\u00e4iset kauppiaat ovat havahtuneet markkinoimaan tarjouksiaan, est\u00e4\u00e4kseen <a title=\"Rajashoppailussa enn\u00e4tyslukemat\" href=\"https:\/\/www.vuosiamaailmalla.fi\/?p=566\">asiakkaiden valumisen<\/a> rajan toiselle puolen. Varsinkin t\u00e4n\u00e4 vuonna on n\u00e4hty kova mainoskampanja mediassa, jossa paikalliset liikkeet yritt\u00e4v\u00e4t saada kanadalaiset pysym\u00e4\u00e4n kotimaassaan, mihin on vaikuttanut merkitt\u00e4v\u00e4sti kes\u00e4ll\u00e4 nousseet tuontirajoitukset.<\/p>\n<p style=\"text-align: justify;\">Black Fridayn tarjouksia on mainostettu suureen \u00e4\u00e4neen jo muutaman viikon ajan, mutta siit\u00e4 huolimatta se ei saanut meit\u00e4 liikkeelle. Katselin kyll\u00e4 esimerkiksi verkkokauppa <em>Amazonin <\/em>tarjouksia, jossa oli joukossa kiintoisia alennettuja hintoja, mutta ainakin viel\u00e4 olen pid\u00e4tt\u00e4ytynyt ostoksista. Jos ostoshulluuteen haluaakin ottaa osaa, lienee k\u00e4tevin ja turvallisin tapa nettikauppojen v\u00e4lityksell\u00e4, josta tuotteet saa monesti aivan samaan hintaan ilman y\u00f6ll\u00e4 tapahtuvaa jonotusta ja riski\u00e4 ihmislaumojen ruhjomaksi joutumisesta. \ud83d\udca1<\/p>\n","protected":false},"excerpt":{"rendered":"<p>Torstaina oli amerikkalaisten vuoro viett\u00e4\u00e4 kiitosp\u00e4iv\u00e4\u00e4, jota vietettiin t\u00e4\u00e4ll\u00e4 Kanadassa jo aiemmin lokakuussa. T\u00e4st\u00e4 huolimatta my\u00f6s meid\u00e4n ty\u00f6paikan ruokalassa tarjoiltiin torstaina kalkkunaa erilaisilla t\u00e4ytteill\u00e4, sill\u00e4 kukapa ei rakastaisi viett\u00e4\u00e4 Thanksgiving Dayta kahdesti vuodessa! Kanadalaisesta n\u00e4k\u00f6kulmasta amerikkalaista kiitosp\u00e4iv\u00e4\u00e4 kiinnostavampi juhla on kuitenkin heti seuraavana p\u00e4iv\u00e4n\u00e4 vietett\u00e4v\u00e4 ostoshullun taivas &#8221;musta perjantai&#8221; eli Black Friday.<\/p>\n","protected":false},"author":1,"featured_media":10337,"comment_status":"open","ping_status":"open","sticky":false,"template":"","format":"standard","meta":{"_jetpack_memberships_contains_paid_content":false,"footnotes":""},"categories":[17,3],"tags":[25,32,34,440,935,155,11],"class_list":["post-1447","post","type-post","status-publish","format-standard","has-post-thumbnail","hentry","category-arki-kanadassa","category-arki-ulkomailla","tag-ajankohtaista","tag-amerikkalainen-juttu","tag-arki","tag-black-friday","tag-kanada","tag-kanadalainen-juttu","tag-matkakertomukset-yhdysvallat"],"jetpack_featured_media_url":"https:\/\/www.vuosiamaailmalla.fi\/blog\/wp-content\/uploads\/black_friday_pilapiirros_banner.jpg","jetpack_sharing_enabled":true,"_links":{"self":[{"href":"https:\/\/www.vuosiamaailmalla.fi\/blog\/wp-json\/wp\/v2\/posts\/1447","targetHints":{"allow":["GET"]}}],"collection":[{"href":"https:\/\/www.vuosiamaailmalla.fi\/blog\/wp-json\/wp\/v2\/posts"}],"about":[{"href":"https:\/\/www.vuosiamaailmalla.fi\/blog\/wp-json\/wp\/v2\/types\/post"}],"author":[{"embeddable":true,"href":"https:\/\/www.vuosiamaailmalla.fi\/blog\/wp-json\/wp\/v2\/users\/1"}],"replies":[{"embeddable":true,"href":"https:\/\/www.vuosiamaailmalla.fi\/blog\/wp-json\/wp\/v2\/comments?post=1447"}],"version-history":[{"count":0,"href":"https:\/\/www.vuosiamaailmalla.fi\/blog\/wp-json\/wp\/v2\/posts\/1447\/revisions"}],"wp:featuredmedia":[{"embeddable":true,"href":"https:\/\/www.vuosiamaailmalla.fi\/blog\/wp-json\/wp\/v2\/media\/10337"}],"wp:attachment":[{"href":"https:\/\/www.vuosiamaailmalla.fi\/blog\/wp-json\/wp\/v2\/media?parent=1447"}],"wp:term":[{"taxonomy":"category","embeddable":true,"href":"https:\/\/www.vuosiamaailmalla.fi\/blog\/wp-json\/wp\/v2\/categories?post=1447"},{"taxonomy":"post_tag","embeddable":true,"href":"https:\/\/www.vuosiamaailmalla.fi\/blog\/wp-json\/wp\/v2\/tags?post=1447"}],"curies":[{"name":"wp","href":"https:\/\/api.w.org\/{rel}","templated":true}]}}