{"id":1451,"date":"2011-11-22T19:58:41","date_gmt":"2011-11-23T03:58:41","guid":{"rendered":"http:\/\/13.53.127.146\/?p=1451"},"modified":"2022-01-23T21:55:09","modified_gmt":"2022-01-24T05:55:09","slug":"ensivaikutelma-vancouverista","status":"publish","type":"post","link":"https:\/\/www.vuosiamaailmalla.fi\/blog\/2011\/ensivaikutelma-vancouverista\/","title":{"rendered":"Ensivaikutelma Vancouverista"},"content":{"rendered":"<p style=\"text-align: justify;\">Kuten <a title=\"Seuraava kotimme on Vancouver!!\" href=\"https:\/\/www.vuosiamaailmalla.fi\/blog\/2011\/seuraava-kotimme-vancouver-kanada\/\">viime viestiss\u00e4<\/a> kerroin, on L\u00e4nsi-Kanadan Vancouver uusi tuleva kotikaupunkimme ja kirjoitan t\u00e4t\u00e4 viesti\u00e4ni juuri t\u00e4ll\u00e4 hetkell\u00e4 Kanadasta! Saavuin t\u00e4nne sunnuntaina tutustumaan viikon ajaksi tammikuussa alkavaan uuteen ty\u00f6h\u00f6ni, tuleviin kollegoihini sek\u00e4 tietysti itse kaupunkiin.<\/p>\n<p><!--more--><\/p>\n<p style=\"text-align: justify;\">Kymmenen tunnin lento <a title=\"Frankfurtin pilvenpiirt\u00e4jien katveessa\" href=\"https:\/\/www.vuosiamaailmalla.fi\/blog\/2007\/frankfurtin-pilvenpiirtajien-katveessa\/\">Frankfurtista<\/a> oli pitk\u00e4 istuttava, mutta sujui kuitenkin hyvin. Maisemat koneesta olivat talviset, sill\u00e4 Gr\u00f6nlanti ja Kanadan pohjoiset osat ovat l\u00e4hes ikuisessa lumen ja j\u00e4\u00e4n vallassa. Lumi oli laskeutunut my\u00f6s muualle Kanadaan ja vain itse leuto Vancouver osoittautui lumettomaksi. Laskeutuessa oli kuitenkin mahdollista ihailla kaupungin vierell\u00e4 kohoavien korkeiden vuorten kaunista lumipeitett\u00e4, mik\u00e4 oli maaginen n\u00e4ky!<\/p>\n<p style=\"text-align: justify;\">Maahantulomuodollisuudet olivat simppelit ja otin <a title=\"Vancouverin lentokentt\u00e4 uusille miljoonaluvuille\" href=\"https:\/\/www.vuosiamaailmalla.fi\/blog\/2016\/vancouverin-lentokentta-uusille-miljoonaluvuille\/\">lentokent\u00e4lt\u00e4<\/a> vuokra-auton alleni. P\u00e4iv\u00e4n ollessa kaunis, ajelin huvikseni pidemp\u00e4\u00e4 reitti\u00e4 keskustan l\u00e4vitse hotellilleni. Matkalla minulle tuli yll\u00e4tyksen\u00e4, ett\u00e4 Vancouverin keskusta onkin m\u00e4kist\u00e4, mit\u00e4 en ollut karttojen perusteella arvannut. Hotellini sijaitsee naapurikaupunki Burnabyss\u00e4 <a title=\"Korkeuksiin kurkottava Metrotown\" href=\"https:\/\/www.vuosiamaailmalla.fi\/blog\/2013\/korkeuksiin-kurkottava-metrotown\/\">Metrotownin kaupunginosassa<\/a>, joka sijaitsee korkean m\u00e4en huipulla. Yksi m\u00e4elle johtava tie oli jyrkempi kuin San Franciscossa konsanaan ja en kyll\u00e4 haluaisi joutua pys\u00e4htym\u00e4\u00e4n sill\u00e4 oleviin liikennevaloihin <a title=\"Lumikaaos yll\u00e4tti Vancouverin\" href=\"https:\/\/www.vuosiamaailmalla.fi\/blog\/2016\/jouluinen-lumikaaos-yllatti-vancouverin\/\">talvikelill\u00e4<\/a>.<\/p>\n<p style=\"text-align: center;\"><a href=\"\/blog\/wp-content\/uploads\/2012\/metropolis_panoraama2.jpg\"><img decoding=\"async\" style=\"border: 0px none; margin: 5px;\" src=\"\/blog\/wp-content\/uploads\/2012\/metropolis_panoraama2_pieni.jpg\" alt=\"\" \/><\/a><\/p>\n<p style=\"text-align: center;\"><em>Burnaby hotellin 13. kerroksesta<\/em><\/p>\n<p style=\"text-align: justify;\"><em>Jetlag<\/em> iski jo heti ensimm\u00e4isen\u00e4 y\u00f6n\u00e4 ja heikosti nukutun y\u00f6n j\u00e4lkeen suuntasin maanantaiaamuna toimistolle. Matka toimistolle oli hieman j\u00e4nn\u00e4, sill\u00e4 aamusta satoi lunta taivaan t\u00e4ydelt\u00e4. Maa oli valkoisena loskaisesta lumesta, mutta onneksi vuokra-autossa oli <a title=\"Talvirenkaat British Columbiassa\" href=\"https:\/\/www.vuosiamaailmalla.fi\/blog\/2012\/talvirenkaat-british-columbiassa\/\">talvirenkaat<\/a> jotka tuntuivat pit\u00e4v\u00e4n m\u00e4iss\u00e4kin. Itse toimisto on upean moderni rakennus, mutta harmillisesti se sijaitsee sangen syrj\u00e4ss\u00e4 itse Vancouverista. Auto onkin melkein pakollinen <a title=\"2012 BMW X1 xDrive28i\" href=\"https:\/\/www.vuosiamaailmalla.fi\/blog\/2012\/2012-bmw-x1-xdrive28i\/\">ensimm\u00e4inen hankinta<\/a>, vaikka julkisillakin p\u00e4\u00e4sisi perille. Ajaminen tuntuu kuitenkin helpolta ja matkaa Downtownista on kertyy reilu puoli tuntia, matkan ollessa mitaltaan noin 13 kilometri\u00e4. <a title=\"Ensimm\u00e4inen viikko uudella mantereella\" href=\"https:\/\/www.vuosiamaailmalla.fi\/blog\/2012\/ensimmainen-viikko-uudella-mantereella\/\">Tulevat ty\u00f6kaverit<\/a> ovat my\u00f6skin mukavia ja itse ty\u00f6 vaikuttaa kiintoisan haastavalta, joten mielialani on korkealla!<\/p>\n<p style=\"text-align: justify;\">Keli Vancouverissa on <a title=\"Talvinen Kanada\" href=\"https:\/\/www.vuosiamaailmalla.fi\/blog\/2013\/talvinen-kanada\/\">vuodenaikaan tyypillinen<\/a> ja sadetta onkin piisannut joka p\u00e4iv\u00e4lle. Olen silti suunnannut joka p\u00e4iv\u00e4 hotellilta keskustaan, joka on todella upea paikka. Pilvenpiirt\u00e4jien keskell\u00e4 Vancouver tuntuu todelliselta suurkaupungilta, mit\u00e4 se 2,2 miljoonan asukkaan kotina onkin. En ole ottanut viel\u00e4 juurikaan valokuvia, vaikka <a title=\"Kameralaitteisto: Canon EOS 500D (Rebel T1i)\" href=\"https:\/\/www.vuosiamaailmalla.fi\/blog\/2011\/kameralaitteisto-canon-500d-rebel-t1i\/\">j\u00e4rkk\u00e4rini<\/a> mukana onkin. Sateen keskell\u00e4 ei vain jaksa kikkailla kameran kanssa ja kuvia ehtii kyll\u00e4 ottamaan ensi vuonna ihan ajan kanssa.<\/p>\n<p style=\"text-align: justify;\">Ensivaikutelma Vancouverista onkin siis ollut eritt\u00e4in positiivinen ja kaupunki vaikuttaa juuri niin mahtavalta kuin kaikki sanovat. Jopa kehnon kelin keskell\u00e4 Vancouver hurmaa k\u00e4vij\u00e4n ja toivon mukaan keli paranee loppuviikkoa kohden, sill\u00e4 olen kaupungissa aina lauantaihin saakka. Olisikin mukava n\u00e4hd\u00e4 paikkoja hieman paremmankin kelin keskell\u00e4 vallitessa, mutta katsotaan miten k\u00e4y ja lauantaihin on viel\u00e4 aikaa.<\/p>\n<p>Terveisi\u00e4 t\u00e4\u00e4lt\u00e4 l\u00e4nsirannikolta!<\/p>\n","protected":false},"excerpt":{"rendered":"<p>Kuten viime viestiss\u00e4 kerroin, on L\u00e4nsi-Kanadan Vancouver uusi tuleva kotikaupunkimme ja kirjoitan t\u00e4t\u00e4 viesti\u00e4ni juuri t\u00e4ll\u00e4 hetkell\u00e4 Kanadasta! Saavuin t\u00e4nne sunnuntaina tutustumaan viikon ajaksi tammikuussa alkavaan uuteen ty\u00f6h\u00f6ni, tuleviin kollegoihini sek\u00e4 tietysti itse kaupunkiin.<\/p>\n","protected":false},"author":1,"featured_media":11673,"comment_status":"open","ping_status":"open","sticky":false,"template":"","format":"standard","meta":{"_jetpack_memberships_contains_paid_content":false,"footnotes":""},"categories":[17,3,4,9,7,12,13],"tags":[77,78,935,207,939],"class_list":["post-1451","post","type-post","status-publish","format-standard","has-post-thumbnail","hentry","category-arki-kanadassa","category-arki-ulkomailla","category-asuminen-kanadassa","category-kanada","category-matkakertomukset","category-matkalla-kerrottua","category-tyoskentely-kanadassa","tag-burnaby","tag-burnaby-metrotown","tag-kanada","tag-tyo","tag-vancouver"],"jetpack_featured_media_url":"https:\/\/www.vuosiamaailmalla.fi\/blog\/wp-content\/uploads\/ensivaikutelma.jpg","jetpack_sharing_enabled":true,"_links":{"self":[{"href":"https:\/\/www.vuosiamaailmalla.fi\/blog\/wp-json\/wp\/v2\/posts\/1451","targetHints":{"allow":["GET"]}}],"collection":[{"href":"https:\/\/www.vuosiamaailmalla.fi\/blog\/wp-json\/wp\/v2\/posts"}],"about":[{"href":"https:\/\/www.vuosiamaailmalla.fi\/blog\/wp-json\/wp\/v2\/types\/post"}],"author":[{"embeddable":true,"href":"https:\/\/www.vuosiamaailmalla.fi\/blog\/wp-json\/wp\/v2\/users\/1"}],"replies":[{"embeddable":true,"href":"https:\/\/www.vuosiamaailmalla.fi\/blog\/wp-json\/wp\/v2\/comments?post=1451"}],"version-history":[{"count":3,"href":"https:\/\/www.vuosiamaailmalla.fi\/blog\/wp-json\/wp\/v2\/posts\/1451\/revisions"}],"predecessor-version":[{"id":12640,"href":"https:\/\/www.vuosiamaailmalla.fi\/blog\/wp-json\/wp\/v2\/posts\/1451\/revisions\/12640"}],"wp:featuredmedia":[{"embeddable":true,"href":"https:\/\/www.vuosiamaailmalla.fi\/blog\/wp-json\/wp\/v2\/media\/11673"}],"wp:attachment":[{"href":"https:\/\/www.vuosiamaailmalla.fi\/blog\/wp-json\/wp\/v2\/media?parent=1451"}],"wp:term":[{"taxonomy":"category","embeddable":true,"href":"https:\/\/www.vuosiamaailmalla.fi\/blog\/wp-json\/wp\/v2\/categories?post=1451"},{"taxonomy":"post_tag","embeddable":true,"href":"https:\/\/www.vuosiamaailmalla.fi\/blog\/wp-json\/wp\/v2\/tags?post=1451"}],"curies":[{"name":"wp","href":"https:\/\/api.w.org\/{rel}","templated":true}]}}