{"id":146,"date":"2012-05-03T19:01:13","date_gmt":"2012-05-04T02:01:13","guid":{"rendered":"http:\/\/127.0.0.1:4001\/wordpress\/?p=146"},"modified":"2021-02-01T20:50:17","modified_gmt":"2021-02-02T04:50:17","slug":"continuum","status":"publish","type":"post","link":"https:\/\/www.vuosiamaailmalla.fi\/blog\/2012\/continuum\/","title":{"rendered":"Continuum"},"content":{"rendered":"<p style=\"text-align: justify;\">Vancouver on Pohjois-Amerikan kolmanneksi vilkkain elokuvien kuvauspaikkakunta (heti Los Angelesin ja <a title=\"Kes\u00e4lomalla New Yorkissa\" href=\"https:\/\/www.vuosiamaailmalla.fi\/?p=9567\">New Yorkin<\/a> j\u00e4lkeen), mutta hyvin harvoin kaupunki saa kunnian esiinty\u00e4 omana itsen\u00e4\u00e4n. T\u00e4h\u00e4n on kuitenkin tiedossa poikkeus loppukuusta, kun kanadalaisella Showcase-kanavalla starttaa uusi scifi-sarja <em>Continuum<\/em> (<a href=\"http:\/\/www.imdb.com\/title\/tt1954347\/\">IMDb<\/a>). Aikamatkailulla sek\u00e4 aikaparadokseilla kikkaileva scifi-sarja sijoittuu yht\u00e4 aikaa sek\u00e4 kaukaiseen tulevaisuuteen, ett\u00e4 t\u00e4h\u00e4n p\u00e4iv\u00e4\u00e4n.<\/p>\n<p><!--more--><\/p>\n<p style=\"text-align: center;\"><a href=\"\/blog\/wp-content\/uploads\/2012\/continuum_mainos.jpg\" target=\"_blank\" rel=\"noopener\"><img decoding=\"async\" style=\"border: 0px none; margin: 5px;\" src=\"\/blog\/wp-content\/uploads\/2012\/continuum_mainos.jpg\" alt=\"\" \/><\/a><\/p>\n<p style=\"text-align: center;\"><em>Continuum-sarjan tunnus<\/em><\/p>\n<p style=\"text-align: justify;\">Vuonna 2077 Vancouver on Pohjois-Amerikan p\u00e4\u00e4kaupunki, sill\u00e4 it\u00e4rannikon suuret kaupungit on menetetty ilmastonmuutoksen nostattaman meren alle. Jostain kumman syyst\u00e4 l\u00e4nsirannikolla merivesi ei ole noussut samalla tavalla, mik\u00e4 lienee johtanut siihen ett\u00e4 juuri Vancouverista on muodostunut 65 vuodessa kaiken vallan keskus. Tulevaisuus joutuu kuitenkin uhatuksi, kun ryhm\u00e4 kuolemaan tuomittuja terroristeja onnistuu pakenemaan teloitustaan. Terroristit eiv\u00e4t pakene perinteiseen tapaan Meksikoon, vaan aikamatkaavat kauas menneisyyteen, aina vuoteen 2012 saakka. Kaikkien onneksi my\u00f6s virkavaltaa edustava Kiera Cameron, jota esitt\u00e4\u00e4 monista tv-sarjojen sivuosista tunnettu <a href=\"http:\/\/www.imdb.com\/name\/nm0629697\/\">Rachel Nichols<\/a>, imeytyy menneisyyteen. H\u00e4n onkin sarjan ainoa toivo est\u00e4\u00e4 terroristeja muuttamasta tulevaisuutta.<\/p>\n<p style=\"text-align: center;\"><a href=\"\/blog\/wp-content\/uploads\/2012\/vancouver_vuonna_2077.jpg\" target=\"_blank\" rel=\"noopener\"><img decoding=\"async\" class=\"alignnone\" style=\"border: 0px none; margin: 5px;\" src=\"\/blog\/wp-content\/uploads\/2012\/vancouver_vuonna_2077.jpg\" alt=\"\" \/><\/a><\/p>\n<p style=\"text-align: center;\"><em>Vancouver vuonna 2077<\/em><\/p>\n<p style=\"text-align: justify;\">Paljon enemp\u00e4\u00e4 sarjasta ei tiedet\u00e4 ennen 27. toukokuuta, jolloin siis n\u00e4hd\u00e4\u00e4n sarjan ensimm\u00e4inen jakso. Meill\u00e4 kyseinen kaapelikanava ei valitettavasti n\u00e4y, mutta jostain t\u00e4m\u00e4n sarjan jaksot on silti saatava k\u00e4siin. Tulee nimitt\u00e4in olemaan kiintoisaa bongata kaupungin tuttuja paikkoja sek\u00e4 nykyhetkess\u00e4 ett\u00e4 kaukaisessa tulevaisuudessa. Vaikka sarjan juoni osoittautuisikin t\u00e4ydelliseksi hutuksi, niin eik\u00f6h\u00e4n se silti t\u00e4ll\u00e4 hetkell\u00e4 Slicell\u00e4 n\u00e4ht\u00e4v\u00e4t <a title=\"The Real Housewives of Vancouver\" href=\"https:\/\/www.vuosiamaailmalla.fi\/?p=168\">Vancouverin &#8221;aidot&#8221; kotirouvat<\/a> piekse.<\/p>\n<p><iframe loading=\"lazy\" src=\"https:\/\/www.youtube-nocookie.com\/embed\/K7y0CBV0Qh0\" width=\"560\" height=\"315\" frameborder=\"0\"><\/iframe><\/p>\n","protected":false},"excerpt":{"rendered":"<p>Vancouver on Pohjois-Amerikan kolmanneksi vilkkain elokuvien kuvauspaikkakunta (heti Los Angelesin ja New Yorkin j\u00e4lkeen), mutta hyvin harvoin kaupunki saa kunnian esiinty\u00e4 omana itsen\u00e4\u00e4n. T\u00e4h\u00e4n on kuitenkin tiedossa poikkeus loppukuusta, kun kanadalaisella Showcase-kanavalla starttaa uusi scifi-sarja Continuum (IMDb). Aikamatkailulla sek\u00e4 aikaparadokseilla kikkaileva scifi-sarja sijoittuu yht\u00e4 aikaa sek\u00e4 kaukaiseen tulevaisuuteen, ett\u00e4 t\u00e4h\u00e4n p\u00e4iv\u00e4\u00e4n.<\/p>\n","protected":false},"author":1,"featured_media":11539,"comment_status":"open","ping_status":"open","sticky":false,"template":"","format":"standard","meta":{"_jetpack_memberships_contains_paid_content":false,"footnotes":""},"categories":[17,3],"tags":[25,234,935,206,939],"class_list":["post-146","post","type-post","status-publish","format-standard","has-post-thumbnail","hentry","category-arki-kanadassa","category-arki-ulkomailla","tag-ajankohtaista","tag-continuum","tag-kanada","tag-tv-sarjat","tag-vancouver"],"jetpack_featured_media_url":"https:\/\/www.vuosiamaailmalla.fi\/blog\/wp-content\/uploads\/continuum_mainos_banner.jpg","jetpack_sharing_enabled":true,"_links":{"self":[{"href":"https:\/\/www.vuosiamaailmalla.fi\/blog\/wp-json\/wp\/v2\/posts\/146","targetHints":{"allow":["GET"]}}],"collection":[{"href":"https:\/\/www.vuosiamaailmalla.fi\/blog\/wp-json\/wp\/v2\/posts"}],"about":[{"href":"https:\/\/www.vuosiamaailmalla.fi\/blog\/wp-json\/wp\/v2\/types\/post"}],"author":[{"embeddable":true,"href":"https:\/\/www.vuosiamaailmalla.fi\/blog\/wp-json\/wp\/v2\/users\/1"}],"replies":[{"embeddable":true,"href":"https:\/\/www.vuosiamaailmalla.fi\/blog\/wp-json\/wp\/v2\/comments?post=146"}],"version-history":[{"count":2,"href":"https:\/\/www.vuosiamaailmalla.fi\/blog\/wp-json\/wp\/v2\/posts\/146\/revisions"}],"predecessor-version":[{"id":11576,"href":"https:\/\/www.vuosiamaailmalla.fi\/blog\/wp-json\/wp\/v2\/posts\/146\/revisions\/11576"}],"wp:featuredmedia":[{"embeddable":true,"href":"https:\/\/www.vuosiamaailmalla.fi\/blog\/wp-json\/wp\/v2\/media\/11539"}],"wp:attachment":[{"href":"https:\/\/www.vuosiamaailmalla.fi\/blog\/wp-json\/wp\/v2\/media?parent=146"}],"wp:term":[{"taxonomy":"category","embeddable":true,"href":"https:\/\/www.vuosiamaailmalla.fi\/blog\/wp-json\/wp\/v2\/categories?post=146"},{"taxonomy":"post_tag","embeddable":true,"href":"https:\/\/www.vuosiamaailmalla.fi\/blog\/wp-json\/wp\/v2\/tags?post=146"}],"curies":[{"name":"wp","href":"https:\/\/api.w.org\/{rel}","templated":true}]}}