{"id":1465,"date":"2010-09-13T17:39:04","date_gmt":"2010-09-14T00:39:04","guid":{"rendered":"http:\/\/13.53.127.146\/?p=1465"},"modified":"2016-10-16T17:21:26","modified_gmt":"2016-10-17T00:21:26","slug":"marx-ja-engels-kaansivat-selkansa-idalle","status":"publish","type":"post","link":"https:\/\/www.vuosiamaailmalla.fi\/blog\/2010\/marx-ja-engels-kaansivat-selkansa-idalle\/","title":{"rendered":"Marx ja Engels k\u00e4\u00e4nsiv\u00e4t selk\u00e4ns\u00e4 id\u00e4lle"},"content":{"rendered":"<p style=\"text-align: justify;\">Viime viikolla se sitten tapahtui: kommunismin isin\u00e4 pidetyt Karl Marx ja Friedrich Engels k\u00e4\u00e4nsiv\u00e4t katseensa vuosikymmenien j\u00e4lkeen sosialistisesta id\u00e4st\u00e4 kapitalistiseen l\u00e4nteen. Tai ainakin heid\u00e4n patsaansa Berliinin keskustassa sijaitsevassa <em>Marx-Engel-Forum<\/em> puistossa k\u00e4\u00e4nsiv\u00e4t. Syyn\u00e4 moiseen ep\u00e4pyh\u00e4\u00e4n tekoon on U5-metrolinjan jatkorakentaminen <em>Alexanderplatzilta<\/em> <a title=\"Ikoninen Brandenburger Tor\" href=\"https:\/\/www.vuosiamaailmalla.fi\/?p=8080\">Brandenburgin portille<\/a> (josta yhteys nykyist\u00e4 <a title=\"U55\" href=\"https:\/\/www.vuosiamaailmalla.fi\/?p=1159\">U55:sta<\/a> pitkin p\u00e4\u00e4rautatieasemalle). Metron linjaus kulkee juuri kyseisen puiston halki ja vaikka ty\u00f6t\u00e4 tehd\u00e4\u00e4nkin maan alla, piti painavat pronssipatsaat siirt\u00e4\u00e4 p\u00e4\u00e4lt\u00e4 toiseen paikkaan. Niinp\u00e4 patsaat katsovat seuraavat viitisen vuotta kohti l\u00e4ntt\u00e4 puiston luoteiskulmassa, aivan Berliinin tuomiokirkon l\u00e4hettyvill\u00e4.<\/p>\n<p><!--more--><\/p>\n<p style=\"text-align: center;\"><a href=\"\/blog\/wp-content\/uploads\/2010\/kommunismin_isat.jpg\" target=\"_blank\"><img decoding=\"async\" style=\"border: 0px none; margin: 5px;\" src=\"\/blog\/wp-content\/uploads\/2010\/kommunismin_isat.jpg\" alt=\"\" \/><\/a><\/p>\n<p style=\"text-align: center;\"><em>Herrat Marx ja Engels<\/em><\/p>\n<p style=\"text-align: justify;\">Asialla ei tietenk\u00e4\u00e4n ole muuta merkityst\u00e4 kuin symboolinen, sill\u00e4 DDR:n aikana melkein kaikella rakennetulla oli symboolinen merkityksens\u00e4. Niinp\u00e4 niihin aikoihin ei olisi tullut kuuloonkaan, ett\u00e4 kommunismin is\u00e4t katsoisivat kapitalistiseen l\u00e4nteen. Ehei, sinne kuului k\u00e4\u00e4nt\u00e4\u00e4 ainoastaan selk\u00e4ns\u00e4 ja luoda katse kohti nousevaa it\u00e4\u00e4. \ud83d\ude2e<\/p>\n<p style=\"text-align: center;\"><a href=\"\/blog\/wp-content\/uploads\/2010\/viela_tutulla_paikalla.jpg\" target=\"_blank\"><img decoding=\"async\" style=\"border: 0px none; margin: 5px;\" src=\"\/blog\/wp-content\/uploads\/2010\/thumbs\/thumbs_viela_tutulla_paikalla.jpg\" alt=\"\" \/><\/a><a href=\"\/blog\/wp-content\/uploads\/2010\/katseet_tiukasti_itaan.jpg\" target=\"_blank\"><img decoding=\"async\" style=\"border: 0px none; margin: 5px;\" src=\"\/blog\/wp-content\/uploads\/2010\/thumbs\/thumbs_katseet_tiukasti_itaan.jpg\" alt=\"\" \/><\/a><\/p>\n<p style=\"text-align: center;\"><em>Viel\u00e4 vanhalla paikalla katse sosialismin luomuksiin<\/em><\/p>\n<p style=\"text-align: center;\"><a href=\"\/blog\/wp-content\/uploads\/2010\/uudella_paikallaan.jpg\" target=\"_blank\"><img decoding=\"async\" style=\"border: 0px none; margin: 5px;\" src=\"\/blog\/wp-content\/uploads\/2010\/thumbs\/thumbs_uudella_paikallaan.jpg\" alt=\"\" \/><\/a><a href=\"\/blog\/wp-content\/uploads\/2010\/selka_itaan_katse_lanteen.jpg\" target=\"_blank\"><img decoding=\"async\" style=\"border: 0px none; margin: 5px;\" src=\"\/blog\/wp-content\/uploads\/2010\/thumbs\/thumbs_selka_itaan_katse_lanteen.jpg\" alt=\"\" \/><\/a><\/p>\n<p style=\"text-align: center;\"><em>Vastedes selk\u00e4 it\u00e4\u00e4n, katse l\u00e4nteen!<\/em><\/p>\n<p style=\"text-align: justify;\">Marx-Engels-Forum on pieni korttelin kokoinen puisto aivan oman <a title=\"Historiallinen asuinkorttelimme Nikolaiviertel\" href=\"https:\/\/www.vuosiamaailmalla.fi\/?p=8515\"><em>Nikolaiviertelimme<\/em><\/a> naapurissa. Puisto on mukava pieni viheralue muuten melko raskaasti rakennetulla Berliinin tv-tornin juuren alueella. Ennen toista maailmansotaa paikalla sijaitsi tiiviisti rakennettu Berliinin vanha kaupunki, joka kuitenkin tuhoutui sodassa t\u00e4ysin. Sodan j\u00e4lkeen rauniot lanattiin tasaiseksi ja sittemmin DDR:n aikana tilalle nousi t\u00e4ysin erilaisen asemakaavan mukaan rakennettuja valtavia kerrostaloja. N\u00e4iden talojen, tv-tornin sek\u00e4 Spree-joen v\u00e4liin j\u00e4\u00e4v\u00e4 alue, johon Marx-Engel-Forumkin kuuluu, on valtava avoin alue, joka on p\u00e4\u00e4osan vuotta tuulinen ja ankea, suurista ihmisvirroista huolimatta.<\/p>\n<p style=\"text-align: center;\"><a href=\"\/blog\/wp-content\/uploads\/2010\/marx-engels-forumin_vehreytta.jpg\" target=\"_blank\"><img decoding=\"async\" style=\"border: 0px none; margin: 5px;\" src=\"\/blog\/wp-content\/uploads\/2010\/marx-engels-forumin_vehreytta.jpg\" alt=\"\" \/><\/a><\/p>\n<p style=\"text-align: center;\"><em>Rotes Rathaus kurkistaa puiston lomasta<\/em><\/p>\n<p style=\"text-align: center;\"><a href=\"\/blog\/wp-content\/uploads\/2010\/marx-engels-forum_humbolt-boxilta_nahtyna.jpg\" target=\"_blank\"><img decoding=\"async\" style=\"border: 0px none; margin: 5px;\" src=\"\/blog\/wp-content\/uploads\/2010\/marx-engels-forum_humbolt-boxilta_nahtyna.jpg\" alt=\"\" \/><\/a><\/p>\n<p style=\"text-align: center;\"><em>Marx-Engels-Forum vehre\u00e4n\u00e4 tv-tornin ja Spreen v\u00e4liss\u00e4<\/em><\/p>\n<p style=\"text-align: center;\"><a href=\"\/blog\/wp-content\/uploads\/2010\/aukio_tv-tornin_juurella.jpg\" target=\"_blank\"><img decoding=\"async\" style=\"border: 0px none; margin: 5px;\" src=\"\/blog\/wp-content\/uploads\/2010\/aukio_tv-tornin_juurella.jpg\" alt=\"\" \/><\/a><\/p>\n<p style=\"text-align: center;\"><em>Nykyinen aava aukio tv-tornin juurella<\/em><\/p>\n<p style=\"text-align: justify;\">Viime aikoina onkin her\u00e4nnyt ajatuksia ja visioita alueen uudelleenrakentamiseksi. Kaupungin pormestari Klaus Wowereitin avaus peliin oli ehdotus rakentaa alueen vanhat korttelit takaisin, joka on kiintoisa ajatus. Ajatuksena on tuoda vilkkaat pikkukujat takaisin Alexanderplatzin l\u00e4heisyyteen, mik\u00e4 toisi eloa alueelle. Muunlaisiakin visioita on esitetty, alkaen suuren esiintymisalueen rakentamisesta, aina suureen sis\u00e4vesisatamaan saakka. Alla muutamia kuvia ehdotetuista visioista.<\/p>\n<p style=\"text-align: center;\"><a href=\"\/blog\/wp-content\/uploads\/2010\/marx-engel-gorum_vision4.jpg\" target=\"_blank\"><img decoding=\"async\" style=\"border: 0px none; margin: 5px;\" src=\"\/blog\/wp-content\/uploads\/2010\/thumbs\/thumbs_marx-engel-gorum_vision4.jpg\" alt=\"\" \/><\/a><a href=\"\/blog\/wp-content\/uploads\/2010\/marx-engel-gorum_vision3.jpg\" target=\"_blank\"><img decoding=\"async\" style=\"border: 0px none; margin: 5px;\" src=\"\/blog\/wp-content\/uploads\/2010\/thumbs\/thumbs_marx-engel-gorum_vision3.jpg\" alt=\"\" \/><\/a><a href=\"\/blog\/wp-content\/uploads\/2010\/marx-engel-gorum_vision1.jpg\" target=\"_blank\"><img decoding=\"async\" style=\"border: 0px none; margin: 5px;\" src=\"\/blog\/wp-content\/uploads\/2010\/thumbs\/thumbs_marx-engel-gorum_vision1.jpg\" alt=\"\" \/><\/a><\/p>\n<p style=\"text-align: center;\"><em>Visioita Marx-Engel-Forumin alueesta<\/em><\/p>\n<p style=\"text-align: center;\"><a href=\"\/blog\/wp-content\/uploads\/2010\/marx-engel-gorum_vision2.jpg\" target=\"_blank\"><img decoding=\"async\" style=\"border: 0px none; margin: 5px;\" src=\"\/blog\/wp-content\/uploads\/2010\/marx-engel-gorum_vision2.jpg\" alt=\"\" \/><\/a><\/p>\n<p style=\"text-align: center;\"><em>Visioitu sis\u00e4satama<\/em><\/p>\n<p style=\"text-align: justify;\">Niin tai n\u00e4in, ainoa t\u00e4ll\u00e4 er\u00e4\u00e4 varma asia on, ett\u00e4 metro jatkuu puiston halki ja sen mukana meillekin tulee uusi l\u00e4hin metroasema <em>Rotes Rathaus<\/em>in kulmalle. Tuota p\u00e4iv\u00e4\u00e4 saa silti viel\u00e4 hetken odottaa, sill\u00e4 ensimm\u00e4inen p\u00e4tk\u00e4 uutta U5:sta Alexanderplatzilta Rotes Rathausille valmistuu n\u00e4ill\u00e4 n\u00e4kymin vuonna 2014. Koko U5:sen on arvioitu olevan valmis vasta vuonna 2017, joten on mahdotonta sanoa josko me n\u00e4emm\u00e4 tuota p\u00e4iv\u00e4\u00e4 berliinil\u00e4isin\u00e4. Sit\u00e4 ennen myll\u00e4ys aivan kotimme l\u00e4hettyvill\u00e4 jatkuu ja Marx ja Engels joutuvat tuijottamaan kohti l\u00e4ntt\u00e4.<\/p>\n","protected":false},"excerpt":{"rendered":"<p>Viime viikolla se sitten tapahtui: kommunismin isin\u00e4 pidetyt Karl Marx ja Friedrich Engels k\u00e4\u00e4nsiv\u00e4t katseensa vuosikymmenien j\u00e4lkeen sosialistisesta id\u00e4st\u00e4 kapitalistiseen l\u00e4nteen. Tai ainakin heid\u00e4n patsaansa Berliinin keskustassa sijaitsevassa Marx-Engel-Forum puistossa k\u00e4\u00e4nsiv\u00e4t. Syyn\u00e4 moiseen ep\u00e4pyh\u00e4\u00e4n tekoon on U5-metrolinjan jatkorakentaminen Alexanderplatzilta Brandenburgin portille (josta yhteys nykyist\u00e4 U55:sta pitkin p\u00e4\u00e4rautatieasemalle). Metron linjaus kulkee juuri kyseisen puiston halki ja &hellip; <a href=\"https:\/\/www.vuosiamaailmalla.fi\/blog\/2010\/marx-ja-engels-kaansivat-selkansa-idalle\/\" class=\"more-link\">Jatka lukemista<span class=\"screen-reader-text\"> &#8221;Marx ja Engels k\u00e4\u00e4nsiv\u00e4t selk\u00e4ns\u00e4 id\u00e4lle&#8221;<\/span><\/a><\/p>\n","protected":false},"author":1,"featured_media":8530,"comment_status":"open","ping_status":"open","sticky":false,"template":"","format":"standard","meta":{"_jetpack_memberships_contains_paid_content":false,"footnotes":""},"categories":[18,3],"tags":[25,34,49,56,90,392,441,301,190,442],"class_list":["post-1465","post","type-post","status-publish","format-standard","has-post-thumbnail","hentry","category-arki-saksassa","category-arki-ulkomailla","tag-ajankohtaista","tag-arki","tag-berliini","tag-berlin-mitte","tag-ddr","tag-joukkoliikenne","tag-marx-engel-forum","tag-rakennustyomaa","tag-saksa","tag-visioita"],"jetpack_featured_media_url":"https:\/\/www.vuosiamaailmalla.fi\/blog\/wp-content\/uploads\/kommunismin_isat_banner.jpg","jetpack_sharing_enabled":true,"_links":{"self":[{"href":"https:\/\/www.vuosiamaailmalla.fi\/blog\/wp-json\/wp\/v2\/posts\/1465","targetHints":{"allow":["GET"]}}],"collection":[{"href":"https:\/\/www.vuosiamaailmalla.fi\/blog\/wp-json\/wp\/v2\/posts"}],"about":[{"href":"https:\/\/www.vuosiamaailmalla.fi\/blog\/wp-json\/wp\/v2\/types\/post"}],"author":[{"embeddable":true,"href":"https:\/\/www.vuosiamaailmalla.fi\/blog\/wp-json\/wp\/v2\/users\/1"}],"replies":[{"embeddable":true,"href":"https:\/\/www.vuosiamaailmalla.fi\/blog\/wp-json\/wp\/v2\/comments?post=1465"}],"version-history":[{"count":0,"href":"https:\/\/www.vuosiamaailmalla.fi\/blog\/wp-json\/wp\/v2\/posts\/1465\/revisions"}],"wp:featuredmedia":[{"embeddable":true,"href":"https:\/\/www.vuosiamaailmalla.fi\/blog\/wp-json\/wp\/v2\/media\/8530"}],"wp:attachment":[{"href":"https:\/\/www.vuosiamaailmalla.fi\/blog\/wp-json\/wp\/v2\/media?parent=1465"}],"wp:term":[{"taxonomy":"category","embeddable":true,"href":"https:\/\/www.vuosiamaailmalla.fi\/blog\/wp-json\/wp\/v2\/categories?post=1465"},{"taxonomy":"post_tag","embeddable":true,"href":"https:\/\/www.vuosiamaailmalla.fi\/blog\/wp-json\/wp\/v2\/tags?post=1465"}],"curies":[{"name":"wp","href":"https:\/\/api.w.org\/{rel}","templated":true}]}}