{"id":1470,"date":"2011-01-30T16:30:18","date_gmt":"2011-01-31T00:30:18","guid":{"rendered":"http:\/\/13.53.127.146\/?p=1470"},"modified":"2022-09-18T11:14:49","modified_gmt":"2022-09-18T18:14:49","slug":"lapsiperhe-vierasilla","status":"publish","type":"post","link":"https:\/\/www.vuosiamaailmalla.fi\/blog\/2011\/lapsiperhe-vierasilla\/","title":{"rendered":"Lapsiperhe vierasilla"},"content":{"rendered":"<p style=\"text-align: justify;\">Syksy on ollut kiireist\u00e4 aikaa, joten en ole viel\u00e4 ehtinyt kirjoittaa mukavasta viikonlopusta syyskuulta. Tuolloin saimme vieraaksemme ensimm\u00e4isen lapsiperheen, kun Niinan veli perheineen saapui luoksemme kolmeksi p\u00e4iv\u00e4ksi. Perheeseen kuuluvat 3- ja 5-vuotiaat pojat, joten viikonlopun ohjelmamme oli hieman normaalista vierailusta poikkeava.<\/p>\n<p><!--more--><\/p>\n<p style=\"text-align: justify;\">Vieraamme saapuivat lauantaiaamuna <em>Finnairin<\/em> koneella Helsingist\u00e4. Olimme vieraita vastassa kent\u00e4ll\u00e4 ja sangen ripe\u00e4sti konkkaronkkamme selvisi kent\u00e4lt\u00e4 asunnollemme. Muutaman tunnin paikkoja ihmetelty\u00e4mme l\u00e4hdimme iltap\u00e4iv\u00e4n ratoksi l\u00e4hist\u00f6ll\u00e4 sijaitsevalle leikkikent\u00e4lle. T\u00e4m\u00e4 U2-metrolinjan <em>M\u00e4rkisches Museum<\/em> aseman l\u00e4hell\u00e4 sijaitseva leikkipuisto on siit\u00e4 kiva, ett\u00e4 sen luona sijaitsee pieni aitaus, jossa asustaa kaksi karhua. Karhut ovat n\u00e4ytill\u00e4 kaiketi Berliinin tunnuksena, sill\u00e4 karhu l\u00f6ytyy niin Berliinin lipusta kuin vaakunastakin. Viereinen museo on maakunnan historian sek\u00e4 kulttuurin museo, miss\u00e4 syy karhuille keskell\u00e4 kaupunkia. Hieman orvolta n\u00e4m\u00e4 kaksi karhua pieness\u00e4 avoaitauksessaan kuitenkin n\u00e4ytt\u00e4v\u00e4t, mutta ainakin n\u00e4iss\u00e4 riitti ihmettely\u00e4 pienill\u00e4 vieraillamme.<\/p>\n<p style=\"text-align: center;\"><a href=\"\/blog\/wp-content\/uploads\/2010\/spreen_kanava.jpg\" target=\"_blank\" rel=\"noopener\"><img decoding=\"async\" style=\"border: 0px none; margin: 5px;\" src=\"\/blog\/wp-content\/uploads\/2010\/spreen_kanava.jpg\" alt=\"\" \/><\/a><\/p>\n<p style=\"text-align: center;\"><em>Laivoja Spreelt\u00e4 l\u00e4hte\u00e4v\u00e4ll\u00e4 kanavalla<\/em><\/p>\n<p style=\"text-align: center;\"><a href=\"\/blog\/wp-content\/uploads\/2010\/itasaksalainen_asuntoauto.jpg\" target=\"_blank\" rel=\"noopener\"><img decoding=\"async\" style=\"border: 0px none; margin: 5px;\" src=\"\/blog\/wp-content\/uploads\/2010\/itasaksalainen_asuntoauto.jpg\" alt=\"\" \/><\/a><\/p>\n<p style=\"text-align: center;\"><em>It\u00e4saksalainen asuntoauto<\/em><\/p>\n<p style=\"text-align: center;\"><a href=\"\/blog\/wp-content\/uploads\/2010\/karhuja_keskella_kaupunkia.jpg\" target=\"_blank\" rel=\"noopener\"><img decoding=\"async\" style=\"border: 0px none; margin: 5px;\" src=\"\/blog\/wp-content\/uploads\/2010\/karhuja_keskella_kaupunkia.jpg\" alt=\"\" \/><\/a><\/p>\n<p style=\"text-align: center;\"><em>Karhut aitauksessaan<\/em><\/p>\n<p style=\"text-align: justify;\">Leikkipaikalla pojilla oli tietenkin hauskaa, vaikka paikka ei laitteiltaan kovin moderni olekaan. Hauskaa oli my\u00f6s huomata, miten lapset eiv\u00e4t vierastaneet yht\u00e4\u00e4n olla tekemisiss\u00e4 paikan p\u00e4\u00e4ll\u00e4 olleiden saksalaisten lasten kanssa, vaikka yhteist\u00e4 kielt\u00e4 ei tietysti ollutkaan.<\/p>\n<p style=\"text-align: justify;\">Leikkikent\u00e4lt\u00e4 palasimme asunnollemme, jossa oli tietenkin illan aikana kokeiltava <a title=\"Berliinin Kimi R\u00e4ikk\u00f6nen\" href=\"https:\/\/www.vuosiamaailmalla.fi\/?p=1038\">rallipenkki\u00e4ni<\/a>. Pojat eiv\u00e4t viel\u00e4 oikein polkimille ylt\u00e4neet, joten Niinan veli ja min\u00e4 saimme toimia vauhdins\u00e4\u00e4telij\u00f6in\u00e4. Poikia t\u00e4m\u00e4 ei haitannut, sill\u00e4 pelkk\u00e4 ratin k\u00e4\u00e4ntely oli heille jo huippua puuhaa.<\/p>\n<p style=\"text-align: center;\"><a href=\"\/blog\/wp-content\/uploads\/2010\/avustettua_ajoa.jpg\" target=\"_blank\" rel=\"noopener\"><img decoding=\"async\" style=\"border: 0px none; margin: 5px;\" src=\"\/blog\/wp-content\/uploads\/2010\/avustettua_ajoa.jpg\" alt=\"\" \/><\/a><\/p>\n<p style=\"text-align: center;\"><em>Avustettua ajoa<\/em><\/p>\n<p style=\"text-align: justify;\">Sunnuntai valkeni eritt\u00e4in kauniina syyskuun p\u00e4iv\u00e4n\u00e4 ja heti aamup\u00e4iv\u00e4st\u00e4 suuntasimme l\u00e4nsikeskustaan. Siell\u00e4 vierailimme Berliinin el\u00e4intarhassa (<em>Zoo Berlin<\/em>), joka on kuuluisa maailman lajirikkaimpana sek\u00e4 yhten\u00e4 Euroopan suurimpana ett\u00e4 vanhimpana el\u00e4intarhana. Yhteens\u00e4 tarhassa oli menneen\u00e4 vuonna asukkeina 17133 el\u00e4int\u00e4, jotka edustivat 1554 eri lajia. Berliiniss\u00e4h\u00e4n on kaksi el\u00e4intarhaa, niin l\u00e4nsi- kuin it\u00e4puolellakin, joten n\u00e4it\u00e4 ei tule sekoittaa. It\u00e4puolen el\u00e4intarha (<em>Tierpark Berlin<\/em>) on pinta-alaltaan isompi (160 hehtaaria), mutta 7461 el\u00e4imell\u00e4\u00e4n (884 lajia) pienempi.<\/p>\n<p style=\"text-align: center;\"><a href=\"\/blog\/wp-content\/uploads\/2010\/kivinen_karhu.jpg\" target=\"_blank\" rel=\"noopener\"><img decoding=\"async\" style=\"border: 0px none; margin: 5px;\" src=\"\/blog\/wp-content\/uploads\/2010\/thumbs\/thumbs_kivinen_karhu.jpg\" alt=\"\" \/><\/a><\/p>\n<p style=\"text-align: center;\"><em>Karhu on<em> Berliiniss\u00e4<\/em> monen tunnus<br \/>\n<\/em><\/p>\n<p style=\"text-align: justify;\">Olemme Niinan kanssa vierailleet l\u00e4nsipuolen el\u00e4intarhassa aiemminkin, joten tiesimme ett\u00e4 sen 34 hehtaarin kokoisella alueella kuluu runsaasti aikaa. Lis\u00e4ksi noin kolme miljoonaa vuosittaista k\u00e4vij\u00e4\u00e4 tarkoittaa, ett\u00e4 alueella on paikoin ruuhkaistakin. Onneksi tuona sunnuntaina ei kuitenkaan ollut vaan p\u00e4\u00e4simme heti liput ostettuamme alueelle. El\u00e4intarhan sis\u00e4ll\u00e4 on aluksi syyt\u00e4 hieman pohtia, miten meinaa sen kiert\u00e4\u00e4, sill\u00e4 mit\u00e4\u00e4n merkitty\u00e4 reitti\u00e4 ei ole. Me p\u00e4\u00e4dyimme ensiksi vuorikauriiden, norsujen sek\u00e4 kirahvien keskelle.<\/p>\n<p style=\"text-align: justify;\">El\u00e4intarha on ik\u00e4isekseen (perustettu vuonna 1844) toteutettu loistavasti ja aitoja ja h\u00e4kkej\u00e4 on vain harvoin paikoin. Yleens\u00e4 ainoastaan syv\u00e4t ja jyrk\u00e4t vallihaudat pit\u00e4v\u00e4t el\u00e4imet omilla alueillaan, joten esimerkiksi valokuvaaminen onnistuu loistavasti. Jotkin lintulajit saavat jopa lennell\u00e4 t\u00e4ysin vapaasti el\u00e4intarhan alueella, tosin isommilla linnuilla siivet lienee typistetty jotta n\u00e4m\u00e4 pysyv\u00e4t alueillaan.<\/p>\n<p style=\"text-align: center;\"><a href=\"\/blog\/wp-content\/uploads\/2010\/pitkakaulainen_kirahvi.jpg\" target=\"_blank\" rel=\"noopener\"><img decoding=\"async\" style=\"border: 0px none; margin: 5px;\" src=\"\/blog\/wp-content\/uploads\/2010\/thumbs\/thumbs_pitkakaulainen_kirahvi.jpg\" alt=\"\" \/><\/a><a href=\"\/blog\/wp-content\/uploads\/2010\/norsu_lammittelee.jpg\" target=\"_blank\" rel=\"noopener\"><img decoding=\"async\" style=\"border: 0px none; margin: 5px;\" src=\"\/blog\/wp-content\/uploads\/2010\/thumbs\/thumbs_norsu_lammittelee.jpg\" alt=\"\" \/><\/a><\/p>\n<p style=\"text-align: center;\"><em>Kirahveja ja norsuja<\/em><\/p>\n<p style=\"text-align: center;\"><a href=\"\/blog\/wp-content\/uploads\/2010\/lansisaksalainen_linnunpontto1.jpg\" target=\"_blank\" rel=\"noopener\"><img decoding=\"async\" style=\"border: 0px none; margin: 5px;\" src=\"\/blog\/wp-content\/uploads\/2010\/thumbs\/thumbs_lansisaksalainen_linnunpontto1.jpg\" alt=\"\" \/><\/a><a href=\"\/blog\/wp-content\/uploads\/2010\/lansisaksalainen_linnunpontto2.jpg\" target=\"_blank\" rel=\"noopener\"><img decoding=\"async\" style=\"border: 0px none; margin: 5px;\" src=\"\/blog\/wp-content\/uploads\/2010\/thumbs\/thumbs_lansisaksalainen_linnunpontto2.jpg\" alt=\"\" \/><\/a><\/p>\n<p style=\"text-align: center;\"><em>N\u00e4m\u00e4 linnunp\u00f6nt\u00f6t on tehty kest\u00e4m\u00e4\u00e4n!<\/em><\/p>\n<p style=\"text-align: justify;\">Kuten aina, Apinatalossa ja Kissael\u00e4inten talossa kului paljon aikaa kymmeni\u00e4 erilaisia apinoita ja gorilloja katsellessa. Vilkkaat apinat heiluivat pitkin h\u00e4kki\u00e4\u00e4n, mutta kissapedot ottivat p\u00e4\u00e4asiassa rennosti. Musta puuma tosin oli aamulenkill\u00e4\u00e4n ja kuljeskeli pitkin h\u00e4kkins\u00e4 reunoja. El\u00e4intarhan kuuluisa j\u00e4ttil\u00e4ispanda Bao Bao puolestaan vietti aikaansa untenmailla, katsojista v\u00e4h\u00e4t v\u00e4litt\u00e4m\u00e4tt\u00e4. Kyseess\u00e4 on ainoa j\u00e4ttil\u00e4ispanda koko Saksassa, mink\u00e4 lis\u00e4ksi Bao Bao on maailman vanhin vangittuna el\u00e4v\u00e4 panda. Bao Bao on syntynyt vuonna 1978 ja on pysyv\u00e4ss\u00e4 lainassa Kiinalta.<\/p>\n<p style=\"text-align: center;\"><a href=\"\/blog\/wp-content\/uploads\/2010\/apinatalossa1.jpg\" target=\"_blank\" rel=\"noopener\"><img decoding=\"async\" style=\"border: 0px none; margin: 5px;\" src=\"\/blog\/wp-content\/uploads\/2010\/thumbs\/thumbs_apinatalossa1.jpg\" alt=\"\" \/><\/a><a href=\"\/blog\/wp-content\/uploads\/2010\/apinatalossa2.jpg\" target=\"_blank\" rel=\"noopener\"><img decoding=\"async\" style=\"border: 0px none; margin: 5px;\" src=\"\/blog\/wp-content\/uploads\/2010\/thumbs\/thumbs_apinatalossa2.jpg\" alt=\"\" \/><\/a><\/p>\n<p style=\"text-align: center;\"><em>Apinoilla riitt\u00e4\u00e4 vauhtia<\/em><\/p>\n<p style=\"text-align: center;\"><a href=\"\/blog\/wp-content\/uploads\/2010\/gorilla2.jpg\" target=\"_blank\" rel=\"noopener\"><img decoding=\"async\" style=\"border: 0px none; margin: 5px;\" src=\"\/blog\/wp-content\/uploads\/2010\/thumbs\/thumbs_gorilla2.jpg\" alt=\"\" \/><\/a><a href=\"\/blog\/wp-content\/uploads\/2010\/gorilla3.jpg\" target=\"_blank\" rel=\"noopener\"><img decoding=\"async\" style=\"border: 0px none; margin: 5px;\" src=\"\/blog\/wp-content\/uploads\/2010\/thumbs\/thumbs_gorilla3.jpg\" alt=\"\" \/><\/a><\/p>\n<p style=\"text-align: center;\"><em>El\u00e4intarhan kaksi vanhaa gorillaa<\/em><\/p>\n<p style=\"text-align: center;\"><a href=\"\/blog\/wp-content\/uploads\/2010\/gorilla1.jpg\" target=\"_blank\" rel=\"noopener\"><img decoding=\"async\" style=\"border: 0px none; margin: 5px;\" src=\"\/blog\/wp-content\/uploads\/2010\/thumbs\/thumbs_gorilla1.jpg\" alt=\"\" \/><\/a><\/p>\n<p style=\"text-align: center;\"><a href=\"\/blog\/wp-content\/uploads\/2010\/lampoa_etsimassa.jpg\" target=\"_blank\" rel=\"noopener\"><img decoding=\"async\" style=\"border: 0px none; margin: 5px;\" src=\"\/blog\/wp-content\/uploads\/2010\/lampoa_etsimassa.jpg\" alt=\"\" \/><\/a><\/p>\n<p style=\"text-align: center;\"><em>L\u00e4mp\u00f6\u00e4 koko joukolle<\/em><\/p>\n<p style=\"text-align: center;\"><a href=\"\/blog\/wp-content\/uploads\/2010\/leijona_unilla.jpg\" target=\"_blank\" rel=\"noopener\"><img decoding=\"async\" style=\"border: 0px none; margin: 5px;\" src=\"\/blog\/wp-content\/uploads\/2010\/thumbs\/thumbs_leijona_unilla.jpg\" alt=\"\" \/><\/a><a href=\"\/blog\/wp-content\/uploads\/2010\/tiikeri_unilla.jpg\" target=\"_blank\" rel=\"noopener\"><img decoding=\"async\" style=\"border: 0px none; margin: 5px;\" src=\"\/blog\/wp-content\/uploads\/2010\/thumbs\/thumbs_tiikeri_unilla.jpg\" alt=\"\" \/><\/a><a href=\"\/blog\/wp-content\/uploads\/2010\/musta_puuma.jpg\" target=\"_blank\" rel=\"noopener\"><img decoding=\"async\" style=\"border: 0px none; margin: 5px;\" src=\"\/blog\/wp-content\/uploads\/2010\/thumbs\/thumbs_musta_puuma.jpg\" alt=\"\" \/><\/a><\/p>\n<p style=\"text-align: center;\"><em>Kissael\u00e4imist\u00e4 vain puuma jaksoi liikkua<\/em><\/p>\n<p style=\"text-align: justify;\">Sarvikuonot, kengurut sek\u00e4 strutsit jaksoivat viihdytt\u00e4\u00e4 meit\u00e4 pitk\u00e4\u00e4n. Pingviinit eiv\u00e4t turhia h\u00f6tkyilleet ja merileijonatkin keskittyiv\u00e4t auringonottoon. Harmaasusilla n\u00e4ytti olevan hauskaa laumansa keskuudessa, sill\u00e4 n\u00e4m\u00e4 juoksentelivat pitkin isoa aitaustaan toisiaan jahdaten. Monenmoiset karhut l\u00e4hinn\u00e4 l\u00f6ntysteliv\u00e4t aitauksissaan ja virtahevotkaan eiv\u00e4t juuri vaivautuneet nousemaan altaistaan kuivalle maalle.<\/p>\n<p style=\"text-align: center;\"><a href=\"\/blog\/wp-content\/uploads\/2010\/sarvikuono_levolla.jpg\" target=\"_blank\" rel=\"noopener\"><img decoding=\"async\" style=\"border: 0px none; margin: 5px;\" src=\"\/blog\/wp-content\/uploads\/2010\/thumbs\/thumbs_sarvikuono_levolla.jpg\" alt=\"\" \/><\/a><a href=\"\/blog\/wp-content\/uploads\/2010\/sarvikuonoa_katsomassa.jpg\" target=\"_blank\" rel=\"noopener\"><img decoding=\"async\" style=\"border: 0px none; margin: 5px;\" src=\"\/blog\/wp-content\/uploads\/2010\/thumbs\/thumbs_sarvikuonoa_katsomassa.jpg\" alt=\"\" \/><\/a><\/p>\n<p style=\"text-align: center;\"><em>Sarvikuonoja ihmettelem\u00e4ss\u00e4<\/em><\/p>\n<p style=\"text-align: center;\"><a href=\"\/blog\/wp-content\/uploads\/2010\/kaverukset_unten_mailla.jpg\" target=\"_blank\" rel=\"noopener\"><img decoding=\"async\" style=\"border: 0px none; margin: 5px;\" src=\"\/blog\/wp-content\/uploads\/2010\/thumbs\/thumbs_kaverukset_unten_mailla.jpg\" alt=\"\" \/><\/a><a href=\"\/blog\/wp-content\/uploads\/2010\/saukko_sapuskalla.jpg\" target=\"_blank\" rel=\"noopener\"><img decoding=\"async\" style=\"border: 0px none; margin: 5px;\" src=\"\/blog\/wp-content\/uploads\/2010\/thumbs\/thumbs_saukko_sapuskalla.jpg\" alt=\"\" \/><\/a><a href=\"\/blog\/wp-content\/uploads\/2010\/pinnan_alla.jpg\" target=\"_blank\" rel=\"noopener\"><img decoding=\"async\" style=\"border: 0px none; margin: 5px;\" src=\"\/blog\/wp-content\/uploads\/2010\/thumbs\/thumbs_pinnan_alla.jpg\" alt=\"\" \/><\/a><\/p>\n<p style=\"text-align: center;\"><em>El\u00e4imi\u00e4 arkipuuhissaan<\/em><\/p>\n<p style=\"text-align: center;\"><a href=\"\/blog\/wp-content\/uploads\/2010\/erikoinen_elain.jpg\" target=\"_blank\" rel=\"noopener\"><img decoding=\"async\" style=\"border: 0px none; margin: 5px;\" src=\"\/blog\/wp-content\/uploads\/2010\/erikoinen_elain.jpg\" alt=\"\" \/><\/a><\/p>\n<p style=\"text-align: center;\"><em>Erikoinen el\u00e4in<\/em><\/p>\n<p style=\"text-align: center;\"><a href=\"\/blog\/wp-content\/uploads\/2010\/karhu.jpg\" target=\"_blank\" rel=\"noopener\"><img decoding=\"async\" style=\"border: 0px none; margin: 5px;\" src=\"\/blog\/wp-content\/uploads\/2010\/thumbs\/thumbs_karhu.jpg\" alt=\"\" \/><\/a><a href=\"\/blog\/wp-content\/uploads\/2010\/lauma_harmaasusia.jpg\" target=\"_blank\" rel=\"noopener\"><img decoding=\"async\" style=\"border: 0px none; margin: 5px;\" src=\"\/blog\/wp-content\/uploads\/2010\/thumbs\/thumbs_lauma_harmaasusia.jpg\" alt=\"\" \/><\/a><\/p>\n<p style=\"text-align: center;\"><em>Karhu ja leikkis\u00e4 susilauma<\/em><\/p>\n<p style=\"text-align: center;\"><a href=\"\/blog\/wp-content\/uploads\/2010\/koukkunokka_pingviineja.jpg\" target=\"_blank\" rel=\"noopener\"><img decoding=\"async\" style=\"border: 0px none; margin: 5px;\" src=\"\/blog\/wp-content\/uploads\/2010\/koukkunokka_pingviineja.jpg\" alt=\"\" \/><\/a><\/p>\n<p style=\"text-align: center;\"><em>Kahdenlaisia pingviinej\u00e4<\/em><\/p>\n<p style=\"text-align: center;\"><a href=\"\/blog\/wp-content\/uploads\/2010\/hengaileva_pingviini.jpg\" target=\"_blank\" rel=\"noopener\"><img decoding=\"async\" style=\"border: 0px none; margin: 5px;\" src=\"\/blog\/wp-content\/uploads\/2010\/thumbs\/thumbs_hengaileva_pingviini.jpg\" alt=\"\" \/><\/a><\/p>\n<p style=\"text-align: justify;\">Vuonna 2007 maailmanmaineeseen noussut <a title=\"Knut on kuollut\" href=\"https:\/\/www.vuosiamaailmalla.fi\/blog\/2011\/knut-on-kuollut\/\">j\u00e4\u00e4karhu Knut<\/a> on sittemmin kasvanut p\u00f6rr\u00f6isest\u00e4 pikkukarhusta suureksi j\u00e4\u00e4karhuksi. Julkisuudessakin olleiden naurettavien lakitaisteluiden j\u00e4ljilt\u00e4 Knut on edelleen n\u00e4ht\u00e4viss\u00e4 Berliiniss\u00e4. Tosin Knutin erottaminen muutamasta muusta el\u00e4intarhan j\u00e4\u00e4karhusta on hieman hankalaa, sill\u00e4 kaikki aikuiset j\u00e4\u00e4karhut n\u00e4ytt\u00e4v\u00e4t hyvin samalta. Yht\u00e4 kaikki vieraamme pitiv\u00e4t el\u00e4intarhan vierailusta kovasti ja varsinkin pojille se j\u00e4i varmasti mieleen.<\/p>\n<p style=\"text-align: center;\"><a href=\"\/blog\/wp-content\/uploads\/2010\/jaakarhu_kiehnaa.jpg\" target=\"_blank\" rel=\"noopener\"><img decoding=\"async\" style=\"border: 0px none; margin: 5px;\" src=\"\/blog\/wp-content\/uploads\/2010\/jaakarhu_kiehnaa.jpg\" alt=\"\" \/><\/a><\/p>\n<p style=\"text-align: center;\"><em>Isoksi kasvanut Knut<\/em><\/p>\n<p style=\"text-align: justify;\">Maanantaina k\u00e4vimme Niinan kanssa normaalisti t\u00f6ihin, mill\u00e4 v\u00e4lin vieraamme k\u00e4viv\u00e4t ostoksilla. Iltap\u00e4iv\u00e4ll\u00e4 min\u00e4 l\u00e4hdin Niinan veljen kanssa katsastamaan berliinil\u00e4isi\u00e4 kalastusliikkeit\u00e4 (veli kun on kova kalamies), joita netist\u00e4 etsittyn\u00e4 l\u00f6ytyikin monia. Sill\u00e4 aikaa muu porukka vieraili Potsdamer Platzilla sijaitsevassa <em>Lego Discovery Centeriss\u00e4<\/em>, joka on er\u00e4\u00e4nlainen pieni muotoinen legomaailma. Ja mit\u00e4 Niinalta j\u00e4lkik\u00e4teen kuulin, kyseess\u00e4 ei ole mist\u00e4\u00e4n aivan pienest\u00e4 paikasta, vaan maan alta l\u00f6ytyy monenlaisia legoihin liittyvi\u00e4 paikkoja. Onpa siell\u00e4 rakennettuna Berliinin n\u00e4ht\u00e4vyyksi\u00e4kin legoista.<\/p>\n<p style=\"text-align: center;\"><a href=\"\/blog\/wp-content\/uploads\/2010\/legoinen_kahvinjuoja.jpg\" target=\"_blank\" rel=\"noopener\"><img decoding=\"async\" style=\"border: 0px none; margin: 5px;\" src=\"\/blog\/wp-content\/uploads\/2010\/legoinen_kahvinjuoja.jpg\" alt=\"\" \/><\/a><\/p>\n<p style=\"text-align: center;\"><em>Legoisa kahviseuralainen<\/em><\/p>\n<p style=\"text-align: center;\"><a href=\"\/blog\/wp-content\/uploads\/2010\/reichstag_legoista.jpg\" target=\"_blank\" rel=\"noopener\"><img decoding=\"async\" style=\"border: 0px none; margin: 5px;\" src=\"\/blog\/wp-content\/uploads\/2010\/thumbs\/thumbs_reichstag_legoista.jpg\" alt=\"\" \/><\/a><a href=\"\/blog\/wp-content\/uploads\/2010\/tuomiokirkko_legoista.jpg\" target=\"_blank\" rel=\"noopener\"><img decoding=\"async\" style=\"border: 0px none; margin: 5px;\" src=\"\/blog\/wp-content\/uploads\/2010\/thumbs\/thumbs_tuomiokirkko_legoista.jpg\" alt=\"\" \/><\/a><\/p>\n<p style=\"text-align: center;\"><em>Berliini legoista<\/em><\/p>\n<p style=\"text-align: justify;\">Kaiken kaikkiaan ensimm\u00e4inen lapsiperheen vierailu luonamme meni oikein hyvin ja kaikilla oli hauskaa. Meille vierailu tarkoitti hieman eri paikoissa k\u00e4ynti\u00e4, mik\u00e4 oli mukavaa vaihtelua. N\u00e4m\u00e4 normaalit <a title=\"Ikoninen Brandenburger Tor\" href=\"https:\/\/www.vuosiamaailmalla.fi\/?p=8080\">Brandenburgin portit<\/a> ja tv-tornit kun alkaa olla n\u00e4hty aika monta kertaa. Lapsivieraita meille on tulossa todenn\u00e4k\u00f6isesti t\u00e4n\u00e4 vuonna <a title=\"P\u00e4\u00e4si\u00e4inen t\u00e4ynn\u00e4 dinosauruksia\" href=\"https:\/\/www.vuosiamaailmalla.fi\/?p=1121\">lis\u00e4\u00e4<\/a>, joten lapsille sopivia vierailupaikkoja tulee varmaan kierrelty\u00e4 viel\u00e4 uudemman kerran.<\/p>\n","protected":false},"excerpt":{"rendered":"<p>Syksy on ollut kiireist\u00e4 aikaa, joten en ole viel\u00e4 ehtinyt kirjoittaa mukavasta viikonlopusta syyskuulta. Tuolloin saimme vieraaksemme ensimm\u00e4isen lapsiperheen, kun Niinan veli perheineen saapui luoksemme kolmeksi p\u00e4iv\u00e4ksi. Perheeseen kuuluvat 3- ja 5-vuotiaat pojat, joten viikonlopun ohjelmamme oli hieman normaalista vierailusta poikkeava.<\/p>\n","protected":false},"author":1,"featured_media":8549,"comment_status":"open","ping_status":"open","sticky":false,"template":"","format":"standard","meta":{"_jetpack_memberships_contains_paid_content":false,"footnotes":""},"categories":[18,3],"tags":[34,49,65,384,313,443,172,255,190,263],"class_list":["post-1470","post","type-post","status-publish","format-standard","has-post-thumbnail","hentry","category-arki-saksassa","category-arki-ulkomailla","tag-arki","tag-berliini","tag-berlin-tiergarten","tag-elaintarha","tag-knut","tag-lego-discovery-center","tag-lansi-berliini","tag-potsdamer-platz","tag-saksa","tag-zoologischer-garten"],"jetpack_featured_media_url":"https:\/\/www.vuosiamaailmalla.fi\/blog\/wp-content\/uploads\/sarvikuonoa_katsomassa_banner.jpg","jetpack_sharing_enabled":true,"_links":{"self":[{"href":"https:\/\/www.vuosiamaailmalla.fi\/blog\/wp-json\/wp\/v2\/posts\/1470","targetHints":{"allow":["GET"]}}],"collection":[{"href":"https:\/\/www.vuosiamaailmalla.fi\/blog\/wp-json\/wp\/v2\/posts"}],"about":[{"href":"https:\/\/www.vuosiamaailmalla.fi\/blog\/wp-json\/wp\/v2\/types\/post"}],"author":[{"embeddable":true,"href":"https:\/\/www.vuosiamaailmalla.fi\/blog\/wp-json\/wp\/v2\/users\/1"}],"replies":[{"embeddable":true,"href":"https:\/\/www.vuosiamaailmalla.fi\/blog\/wp-json\/wp\/v2\/comments?post=1470"}],"version-history":[{"count":2,"href":"https:\/\/www.vuosiamaailmalla.fi\/blog\/wp-json\/wp\/v2\/posts\/1470\/revisions"}],"predecessor-version":[{"id":12828,"href":"https:\/\/www.vuosiamaailmalla.fi\/blog\/wp-json\/wp\/v2\/posts\/1470\/revisions\/12828"}],"wp:featuredmedia":[{"embeddable":true,"href":"https:\/\/www.vuosiamaailmalla.fi\/blog\/wp-json\/wp\/v2\/media\/8549"}],"wp:attachment":[{"href":"https:\/\/www.vuosiamaailmalla.fi\/blog\/wp-json\/wp\/v2\/media?parent=1470"}],"wp:term":[{"taxonomy":"category","embeddable":true,"href":"https:\/\/www.vuosiamaailmalla.fi\/blog\/wp-json\/wp\/v2\/categories?post=1470"},{"taxonomy":"post_tag","embeddable":true,"href":"https:\/\/www.vuosiamaailmalla.fi\/blog\/wp-json\/wp\/v2\/tags?post=1470"}],"curies":[{"name":"wp","href":"https:\/\/api.w.org\/{rel}","templated":true}]}}