{"id":14707,"date":"2026-08-31T00:10:45","date_gmt":"2026-08-31T07:10:45","guid":{"rendered":"https:\/\/www.vuosiamaailmalla.fi\/blog\/?p=14707"},"modified":"2026-08-31T00:16:41","modified_gmt":"2026-08-31T07:16:41","slug":"elamamme-tarina-20-vuotta-maailmalla","status":"publish","type":"post","link":"https:\/\/www.vuosiamaailmalla.fi\/blog\/2026\/elamamme-tarina-20-vuotta-maailmalla\/","title":{"rendered":"El\u00e4m\u00e4mme tarina \u2013 20 vuotta maailmalla"},"content":{"rendered":"<p style=\"text-align: justify;\">Vuosi on pitk\u00e4 aika ihmisen el\u00e4m\u00e4ss\u00e4 ja yhdess\u00e4 vuodessa ehtii tapahtua paljon. Mutta kun vuosia kokoaa yhteen per\u00e4ti <strong>kahden vuosikymmenen<\/strong> edest\u00e4, alkavat ne kertoa tarinaa eletyst\u00e4 el\u00e4m\u00e4st\u00e4. T\u00e4n\u00e4\u00e4n 31. elokuuta 2026 tulee kuluneeksi tasan 20 vuotta siit\u00e4, kun nuori suomalainen opiskelijapariskunta l\u00e4hti el\u00e4m\u00e4ns\u00e4 seikkailulle ulkomaille.<\/p>\n<p style=\"text-align: justify;\">Kirjoitin tasan <a title=\"El\u00e4m\u00e4mme seikkailu \u2013 10 vuotta maailmalla\" href=\"https:\/\/www.vuosiamaailmalla.fi\/blog\/2016\/elamamme-seikkailu-10-vuotta-maailmalla\/\">kymmenen vuotta sitten<\/a> t\u00e4st\u00e4 suuresta seikkailustamme, josta ei ole puuttunut k\u00e4\u00e4nteit\u00e4 tai yll\u00e4tyksi\u00e4. Monien vaiheiden ja suunnitelmallisen itsepintaisuuden kautta p\u00e4\u00e4dyimme Saksan vaihto-opiskeluista ja ensimm\u00e4isist\u00e4 ty\u00f6paikoistamme Kanadan l\u00e4nsirannikolle rakentamaan itsellemme ty\u00f6urat sek\u00e4 perustamaan perheen.<\/p>\n<p><!--more--><\/p>\n<p style=\"text-align: center;\"><a href=\"\/blog\/wp-content\/uploads\/2016\/kymmenen_vuotta_maailmalla.jpg\"><img decoding=\"async\" style=\"border: 0px none; margin: 5px;\" src=\"\/blog\/wp-content\/uploads\/2016\/kymmenen_vuotta_maailmalla.jpg\" \/><\/a><\/p>\n<p style=\"text-align: center;\"><em>Ensimm\u00e4iset kymmenen vuotta<\/em><\/p>\n<p style=\"text-align: justify;\">Kanadaan muutettua haasteita on riitt\u00e4nyt niin ty\u00f6luvissa kuin ty\u00f6kuvioissakin, sek\u00e4 jatkuvasti muuttuvissa asuinj\u00e4rjestelyiss\u00e4, joista osa on ollut hyvinkin hankalia el\u00e4m\u00e4ntilanteita. T\u00e4m\u00e4 kirjoitus ker\u00e4\u00e4 yhteen viimeisen kymmenen vuoden suurimmat tapahtumat el\u00e4m\u00e4ss\u00e4mme.<\/p>\n<p style=\"text-align: justify;\"><strong>URAA UURTAMASSA<\/strong><\/p>\n<p style=\"text-align: justify;\">Kymmenen vuotta sitten olimme uuden alun \u00e4\u00e4rell\u00e4. Min\u00e4 olin juuri <a title=\"Sapatin loppu\" href=\"https:\/\/www.vuosiamaailmalla.fi\/blog\/2016\/sapatin-loppu\/\">palannut sapatiltani<\/a> t\u00f6ihin, saatuani uuden merkitt\u00e4v\u00e4n roolin videopelien parista. Uusi ty\u00f6 oli eritt\u00e4in innostava, sill\u00e4 aihealue oli niin kiehtova ja rooli vei my\u00f6s uraani tuntuvasti eteenp\u00e4in. Videopelien parissa ty\u00f6skentely tuntui saavutetulta unelmalta, vaikka t\u00e4ysin uusi aihealue ja rooliin liittyv\u00e4t paineet askarruttivatkin aluksi.<\/p>\n<p style=\"text-align: justify;\">Valitettavasti vain puoli vuotta my\u00f6hemmin jouduin k\u00e4ym\u00e4\u00e4n l\u00e4pi muutoksen ty\u00f6ss\u00e4ni yrityksess\u00e4 tapahtuneen uudelleenorganisoinnin vuoksi, mutta onnistuin jatkamaan t\u00f6it\u00e4 samassa roolissa ja firmassa, mutta uuden tiimin parissa.<\/p>\n<p style=\"text-align: justify;\">T\u00e4m\u00e4 oli ensimm\u00e4inen kerta, kun ty\u00f6skentelin eri ty\u00f6paikassa kuin Niina, joka itse k\u00e4vi l\u00e4pi useita muutoksia pienemm\u00e4n firman palveluksessa. My\u00f6s h\u00e4n oli menestyv\u00e4 ty\u00f6ss\u00e4\u00e4n ja seuraavat vuodet t\u00e4yttikin tiukka ty\u00f6tahti sek\u00e4 ty\u00f6n vuoksi matkustaminen, Niinan vieraillessa Amerikan puolella ty\u00f6n merkeiss\u00e4 kymmeni\u00e4 kertoja.<\/p>\n<p style=\"text-align: center;\"><a href=\"\/blog\/wp-content\/uploads\/2025\/atlassian_team2.jpg\"><img decoding=\"async\" src=\"\/blog\/wp-content\/uploads\/2025\/atlassian_team2.jpg\" \/><\/a><\/p>\n<p style=\"text-align: center;\"><em>Ty\u00f6 on vienyt moniin tapahtumiin<\/em><\/p>\n<p style=\"text-align: justify;\">My\u00f6s Niinalla kuviot muuttuivat, kun t\u00e4m\u00e4n finanssipuolen ohjelmistotuotantoon keskittynyt ty\u00f6nantaja p\u00e4\u00e4tyi yritysoston kohteeksi vuonna 2018. Ostajapuoli oli tunnettu amerikkalainen teknologiayritys, mik\u00e4 oli erinomainen uutinen, mutta erin\u00e4isten mutkien vuoksi paikallinen Vancouverin osasto p\u00e4\u00e4dyttiin ajamaan alas ainoastaan puolen vuoden j\u00e4lkeen. Niinan onnistui kuitenkin hy\u00f6dynt\u00e4\u00e4 rakentamaansa ty\u00f6suhdeverkostoa ja l\u00f6yt\u00e4m\u00e4\u00e4n nopeasti nykyisen ty\u00f6paikkansa.<\/p>\n<p style=\"text-align: justify;\">Vuodet 2016-2018 olivatkin el\u00e4m\u00e4ss\u00e4mme kiireist\u00e4 mutta palkitsevaa aikaa, jolloin rakensimme varsinaiset ty\u00f6uramme sek\u00e4 nautimme ty\u00f6mme tuloksista asuen kauniissa pilvenpiirt\u00e4j\u00e4n kattohuoneistossa Burnabyss\u00e4. <a title=\"Muutto Burnabyyn\" href=\"https:\/\/www.vuosiamaailmalla.fi\/blog\/2016\/muutto-uuteen-kotiin\/\">Muutto esikaupunkiin<\/a> ei ollut meille iso kynnys, sill\u00e4 ty\u00f6paikkani sijaitsi siell\u00e4 ja Burnabyst\u00e4 on hyv\u00e4t yhteydet kaikkialle Vancouverin alueella.<\/p>\n<p style=\"text-align: center;\"><a href=\"\/blog\/wp-content\/uploads\/2017\/metrotown_sumussa_panoraama4.jpg\"><img decoding=\"async\" src=\"\/blog\/wp-content\/uploads\/2017\/metrotown_sumussa_panoraama4_pieni.jpg\" \/><\/a><\/p>\n<p style=\"text-align: center;\"><em>Kattohuoneiston aamumaisema<\/em><\/p>\n<p style=\"text-align: justify;\">Noina vuosina matkustimme my\u00f6skin toistuvasti eksoottisiin kaukokohteisiin niin Etel\u00e4-Amerikassa kuin Aasiassakin. L\u00f6ysimme noina vuosina my\u00f6s rakkautemme <a title=\"Kiehtovan historian Saipan\" href=\"https:\/\/www.vuosiamaailmalla.fi\/blog\/2018\/kiehtovan-historian-saipan\/\">tyynenmeren paratiisisaariin<\/a>, joita olemmekin sittemmin kolunneet melkoisen m\u00e4\u00e4r\u00e4n lomamatkoillamme.<\/p>\n<p style=\"text-align: center;\"><a href=\"\/blog\/wp-content\/uploads\/2017\/managaha_island3.jpg\"><img decoding=\"async\" src=\"\/blog\/wp-content\/uploads\/2017\/managaha_island3.jpg\" \/><\/a><\/p>\n<p style=\"text-align: center;\"><em>Kaukaisia paratiiseja<\/em><\/p>\n<p style=\"text-align: justify;\"><strong>KANADAN KANSALAISUUS<\/strong><\/p>\n<p style=\"text-align: justify;\">Kaiken t\u00e4m\u00e4n aikana ty\u00f6stimme my\u00f6s muodollisia asioita, kuten mik\u00e4 on virallinen statuksemme Kanadassa. Meill\u00e4 ollut <a title=\"Kanadan pysyv\u00e4t asukkaat\" href=\"https:\/\/www.vuosiamaailmalla.fi\/blog\/2013\/kanadan-pysyvat-asukkaat\/\">pysyv\u00e4 asumislupa<\/a> vaati nimest\u00e4\u00e4n huolimatta viiden vuoden v\u00e4lein tapahtuvaa uusimista, eik\u00e4 se oikeuta osallistumaan t\u00e4ysipainoisesti kanadalaiseen yhteiskuntaan, jonka osa kuitenkin olemme.<\/p>\n<p style=\"text-align: justify;\">Meill\u00e4 olikin p\u00e4\u00e4m\u00e4\u00e4r\u00e4n\u00e4 saada <a title=\"Uunituoreet Kanadan kansalaiset\" href=\"https:\/\/www.vuosiamaailmalla.fi\/blog\/2019\/uunituoreet-kanadan-kansalaiset\/\">Kanadan kaksoiskansalaisuus<\/a>, joka oli lopulta seitsem\u00e4n vuotta pitk\u00e4 prosessi. Kansalaisuustilaisuus toukokuun 9. p\u00e4iv\u00e4 2019 oli meille harras tilaisuus, joka tuntui erityiselt\u00e4. Olen eritt\u00e4in iloinen, ett\u00e4 omat vanhempani olivat tuolloin vierailulla luonamme ja saivat t\u00e4ten todistaa t\u00e4t\u00e4 erityist\u00e4 tilaisuutta.<\/p>\n<p style=\"text-align: center;\"><a href=\"\/blog\/wp-content\/uploads\/2019\/uunituoreet_kanadalaiset1.jpg\"><img decoding=\"async\" src=\"\/blog\/wp-content\/uploads\/2019\/uunituoreet_kanadalaiset1.jpg\" \/><\/a><\/p>\n<p style=\"text-align: center;\"><em>Kansalaisuuden saaminen herkisti<\/em><\/p>\n<p style=\"text-align: justify;\">Kanadalaisen identiteetin rakentaminen on kuitenkin el\u00e4m\u00e4n mittainen prosessi ja viel\u00e4 <a title=\"14 vuotta Kanadassa\" href=\"https:\/\/www.vuosiamaailmalla.fi\/blog\/2026\/14-vuotta-kanadassa\/\">nelj\u00e4ntoista vuoden<\/a> Kanadassa asumisen j\u00e4lkeenkin Niina ja min\u00e4 olemme edelleenkin mieliss\u00e4mme ensisijaisesti ulkomailla asuvia suomalaisia, joilla sattuu olemaan Kanadan passi. Ep\u00e4ilenkin, ett\u00e4 Suomessa syntyneen ja kasvaneen identiteetin korvaaminen ei ole edes mahdollista, mutta tilanne on p\u00e4invastainen t\u00e4\u00e4ll\u00e4 syntyneill\u00e4 lapsillamme.<\/p>\n<p style=\"text-align: justify;\"><strong>P\u00c4\u00c4T\u00d6S PERHEEST\u00c4<\/strong><\/p>\n<p style=\"text-align: justify;\">Yksi suurimpia p\u00e4\u00e4t\u00f6ksi\u00e4 el\u00e4m\u00e4ss\u00e4 on perheen perustaminen, tai silt\u00e4 se ainakin meist\u00e4 tuntui. Olimme keskustelleet asiasta vuosien varrella useaan otteeseen, mutta p\u00e4\u00e4t\u00f6s tuntui liian vaikealta ja siksi sit\u00e4 ty\u00f6nnettiin jatkuvasti eteenp\u00e4in. Vaikka meill\u00e4 menikin hyvin, ei meist\u00e4 tuntunut koskaan, ett\u00e4 meill\u00e4 menisi <em>tarpeeksi hyvin<\/em> senhetkisen el\u00e4m\u00e4ntyylimme yll\u00e4pit\u00e4miseksi viel\u00e4 lasten j\u00e4lkeenkin.<\/p>\n<p style=\"text-align: justify;\">Meihin oli my\u00f6skin j\u00e4tt\u00e4nyt j\u00e4lkens\u00e4 kaikki se ep\u00e4varmuus ja yll\u00e4tt\u00e4v\u00e4t k\u00e4\u00e4nteet, joita oli mahtunut <a title=\"15 vuotta maailmalla\" href=\"https:\/\/www.vuosiamaailmalla.fi\/blog\/2021\/15-vuotta-maailmalla\/\">viiteentoista vuoteemme maailmalla<\/a>. Ty\u00f6paikkoja ja asuntoja oli l\u00e4htenyt alta aivan yll\u00e4tt\u00e4en, ja vaikka kaikesta olikin lopulta selvitty, oli jokaisen tilanteen keskell\u00e4 silti runsaasti huolta huomisesta.<\/p>\n<p style=\"text-align: justify;\">Kolmas asia oli, ett\u00e4 osaisimmeko edes olla kunnon vanhempia? Emme olleet viett\u00e4neet paljoa aikaa pienten lasten kanssa ja aiemmat tilanteet olivat tuntuneet usein oudoilta. Tunsimme ettemme olisi ehk\u00e4 valmiita ottamaan n\u00e4in merkitt\u00e4v\u00e4\u00e4 haastetta vastaan.<\/p>\n<p style=\"text-align: center;\"><a href=\"\/blog\/wp-content\/uploads\/2022\/hauskaa_leikkikentalla1.jpg\"><img decoding=\"async\" src=\"\/blog\/wp-content\/uploads\/2022\/hauskaa_leikkikentalla1.jpg\" \/><\/a><\/p>\n<p style=\"text-align: center;\"><em>Millaista on vanhemmuus?<\/em><\/p>\n<p style=\"text-align: justify;\">Joskus p\u00e4\u00e4t\u00f6ksen teon hetki on ep\u00e4selv\u00e4 tai sellaista ei yksinkertaisesti ole, sattuman vaikuttaessa asioihin. N\u00e4in k\u00e4vi kun koko maailma mullistui kev\u00e4\u00e4ll\u00e4 2020 ja yht\u00e4kki\u00e4 kaikki aiempi eletty n\u00e4yttikin kovin erilaiselta ja v\u00e4hemm\u00e4n t\u00e4rke\u00e4lt\u00e4. Pandemian keskell\u00e4 kun <a title=\"Kes\u00e4lomamatkalla koronan keskell\u00e4\" href=\"https:\/\/www.vuosiamaailmalla.fi\/blog\/2020\/kesalomamatkalla-koronan-keskella\/\">ei matkusteltu mihink\u00e4\u00e4n<\/a> ja vaikka korona ei aiheuttanutkaan meille terveysongelmia, liittyi aikaan\u00a0 silti paljon ep\u00e4varmuutta ja el\u00e4m\u00e4n pohdintaa.<\/p>\n<p style=\"text-align: justify;\">Tuohon aikaan omissa ty\u00f6kuvioissani tapahtui merkitt\u00e4v\u00e4 muutos, kun sain tarjouksen hyv\u00e4st\u00e4 roolista uudessa firmassa. Uuden ty\u00f6n aloittaminen koronan keskell\u00e4 oli mielenkiintoista, mutta hyvin kompensoitu uusi rooli vakaassa ty\u00f6ymp\u00e4rist\u00f6ss\u00e4 loi uskoa taloudellisesta p\u00e4rj\u00e4\u00e4misest\u00e4 olisipa tilanteemme mik\u00e4 tahansa.<\/p>\n<p style=\"text-align: center;\"><a href=\"\/blog\/wp-content\/uploads\/2021\/raskaana.jpg\"><img decoding=\"async\" src=\"\/blog\/wp-content\/uploads\/2021\/thumbs\/thumbs_raskaana.jpg\" \/><\/a><\/p>\n<p style=\"text-align: center;\"><em>Sinet\u00f6ity p\u00e4\u00e4t\u00f6s<\/em><\/p>\n<p style=\"text-align: justify;\">Marraskuussa 2020 saimme tiet\u00e4\u00e4, ett\u00e4 <a title=\"Iloisia perheuutisia!\" href=\"https:\/\/www.vuosiamaailmalla.fi\/blog\/2021\/iloisia-perheuutisia\/\">meille syntyy lapsi<\/a> seuraavana kes\u00e4n\u00e4 ja n\u00e4in el\u00e4m\u00e4n yksi suuri p\u00e4\u00e4t\u00f6s oli sinet\u00f6ity.<\/p>\n<p style=\"text-align: justify;\"><strong>PERHE-EL\u00c4M\u00c4N VAIKEA ENSIALKU<\/strong><\/p>\n<p style=\"text-align: justify;\"><a title=\"Raskausaika Kanadassa\" href=\"https:\/\/www.vuosiamaailmalla.fi\/blog\/2021\/raskausaika-kanadassa\/\">Raskausaika<\/a> meni sangen huolettomasti vallitsevasta maailmantilanteesta huolimatta. Lapsen tuloon valmistautuminen vaati kuitenkin aiheeseen perehtymist\u00e4 ja k\u00e4vimme Niinan kanssa synnytysvalmennuksessa, jotta ymm\u00e4rt\u00e4isimme mit\u00e4 odottaa. Kaikki oli meille t\u00e4ysin uutta, mutta pikkuhiljaa aloimme ymm\u00e4rt\u00e4m\u00e4\u00e4n mit\u00e4 olisi tulossa ja etenkin miten kanadalainen j\u00e4rjestelm\u00e4 toimisi.<\/p>\n<p style=\"text-align: justify;\">Elokuun 3. p\u00e4iv\u00e4 2021 oli se p\u00e4iv\u00e4 jolloin el\u00e4m\u00e4mme muuttui, kun <a title=\"Uuden el\u00e4m\u00e4n alku\" href=\"https:\/\/www.vuosiamaailmalla.fi\/blog\/2021\/uuden-elaman-alku\/\">pieni tytt\u00f6 tuli el\u00e4m\u00e4\u00e4mme<\/a>. Muistan ikuisesti y\u00f6kolmelta tapahtunutta syntym\u00e4\u00e4 seuranneen ilon tunteen ja ajatuksen siit\u00e4, ett\u00e4 olimme nyt vanhempia.<\/p>\n<p style=\"text-align: center;\"><a href=\"\/blog\/wp-content\/uploads\/2021\/uunituore_ihminen2.jpg\"><img decoding=\"async\" src=\"\/blog\/wp-content\/uploads\/2021\/uunituore_ihminen2.jpg\" \/><\/a><\/p>\n<p style=\"text-align: center;\"><em>El\u00e4m\u00e4\u00e4 muuttava hetki<\/em><\/p>\n<p style=\"text-align: justify;\">Oli mahdotonta kuvitella, ett\u00e4 vain reilua vuorokautta my\u00f6hemmin tuota suurta iloa seuraisi <a title=\"Kriittiset ensip\u00e4iv\u00e4t teho-osastolla\" href=\"https:\/\/www.vuosiamaailmalla.fi\/blog\/2021\/kriittiset-ensipaivat-teho-osastolla\/\">el\u00e4m\u00e4mme vaikein hetki<\/a> ja aika, kun vastasyntyneen tytt\u00e4remme terveydentila romahti ja t\u00e4m\u00e4 k\u00e4vi l\u00e4hell\u00e4 menehtymist\u00e4 viel\u00e4 sairaalassa ollessamme.<\/p>\n<p style=\"text-align: justify;\">El\u00e4m\u00e4ss\u00e4 tulee harvoin eteen tilanteita, joissa ei voi tehd\u00e4 yht\u00e4\u00e4n mit\u00e4\u00e4n asioiden eteen ja tunsimmekin tuolloin suurta voimattomuutta. Onneksi molempien meid\u00e4n vanhemmat <a title=\"Isovanhemmat vierailulla\" href=\"https:\/\/www.vuosiamaailmalla.fi\/blog\/2021\/isovanhemmat-vierailulla\/\">p\u00e4\u00e4siv\u00e4t saapumaan<\/a> seuraavina viikkoina luoksemme, mink\u00e4 lis\u00e4ksi aloimme ymm\u00e4rt\u00e4m\u00e4\u00e4n mit\u00e4 tulevina aikoina tulisi tapahtumaan.<\/p>\n<p style=\"text-align: center;\"><a href=\"\/blog\/wp-content\/uploads\/2021\/ensiviikot_teho-osastolla3.jpg\"><img decoding=\"async\" src=\"\/blog\/wp-content\/uploads\/2021\/ensiviikot_teho-osastolla3.jpg\" \/><\/a><\/p>\n<p style=\"text-align: center;\"><em>Yksi vaikeimpia aikoja<\/em><\/p>\n<p style=\"text-align: justify;\">Iso asia oli kun p\u00e4\u00e4simme kolme ja puoli viikkoa my\u00f6hemmin kotiin ja saimme aloittaa odotetun vauva-arjen. Vauvan kanssa tottui nopeasti rutiiniin ja jo muutaman kuukauden j\u00e4lkeen asiat alkoivat tuntumaan varmemmilta, vaikka yll\u00e4tyksi\u00e4kin tuli vastaan aina sairastelun ja vastaavien asioiden yhteydess\u00e4.<\/p>\n<p style=\"text-align: justify;\"><strong>KASVAVA PERHE<\/strong><\/p>\n<p style=\"text-align: justify;\">Ennen Fionan toista syntym\u00e4p\u00e4iv\u00e4\u00e4 p\u00e4\u00e4simme pitk\u00e4st\u00e4 aikaa <a title=\"892 p\u00e4iv\u00e4\u00e4 poissa Suomesta\" href=\"https:\/\/www.vuosiamaailmalla.fi\/blog\/2022\/892-paivaa-poissa-suomesta\/\">k\u00e4ym\u00e4\u00e4n Suomessa<\/a> ja vain vuotta my\u00f6hemmin kes\u00e4kuussa 2024 meille <a title=\"Ikimuistoinen perheenlis\u00e4ys\" href=\"https:\/\/www.vuosiamaailmalla.fi\/blog\/2024\/ikimuistoinen-perheenlisays\/\">syntyi toinen tytt\u00e4remme<\/a>, Livia. Vaikean ensikokemuksemme j\u00e4ljilt\u00e4 toinen lapsemme oli loppuun saakka salainen projekti, josta emme halunneet kertoa laajemmin ennen kuin kaikki oli hyvin ja ohitse, mik\u00e4 kertoo kaikki yll\u00e4tt\u00e4neen ensikokemuksen vaikutuksesta meihin.<\/p>\n<p style=\"text-align: center;\"><a href=\"\/blog\/wp-content\/uploads\/2024\/uninen_tulokas3.jpg\"><img decoding=\"async\" src=\"\/blog\/wp-content\/uploads\/2024\/uninen_tulokas3.jpg\" \/><\/a><\/p>\n<p style=\"text-align: center;\"><em>Perheen nelj\u00e4s j\u00e4sen<\/em><\/p>\n<p style=\"text-align: justify;\">Sittemmin meill\u00e4 on kuitenkin eletty p\u00e4\u00e4asiassa iloista, joskaan ei tyls\u00e4\u00e4 perhearkea. Paria viime vuotta on v\u00e4ritt\u00e4nyt sukulointi <a title=\"Koko kes\u00e4 Suomessa\" href=\"https:\/\/www.vuosiamaailmalla.fi\/blog\/2025\/koko-kesa-suomessa\/\">pitkill\u00e4 Suomen matkoilla<\/a> sek\u00e4 muu matkustelu etenkin Niinan pitk\u00e4n <a title=\"\u00c4itiysvapaan korkea hinta\" href=\"https:\/\/www.vuosiamaailmalla.fi\/blog\/2026\/vanhempainvapaan-loppu\/\">\u00e4itiysvapaan<\/a> aikana vietetyn <a title=\"Perhematkailun supervuosi\" href=\"https:\/\/www.vuosiamaailmalla.fi\/blog\/2025\/perhematkailun-supervuosi\/\">perhematkailun supervuoden<\/a> aikana vuonna 2025.<\/p>\n<p style=\"text-align: center;\"><a href=\"\/blog\/wp-content\/uploads\/2025\/hauskaa_disneylandissa2.jpg\"><img decoding=\"async\" src=\"\/blog\/wp-content\/uploads\/2025\/hauskaa_disneylandissa2.jpg\" \/><\/a><\/p>\n<p style=\"text-align: center;\"><em>Lasten kanssa on k\u00e4yty jos miss\u00e4<\/em><\/p>\n<p style=\"text-align: justify;\">Uusina asioina meille on tullut tutuksi kanadalainen p\u00e4iv\u00e4hoitoj\u00e4rjestelm\u00e4, mink\u00e4 keskell\u00e4 olemme olleet onnekkaita edullisen ja luotettavan hoitopaikan l\u00f6ytymisess\u00e4 molemmille tyt\u00f6illemme. T\u00e4t\u00e4 kirjoittaessa seuraava virstanpylv\u00e4s on ainoastaan kahden viikon p\u00e4\u00e4st\u00e4 tapahtuva vanhemman tytt\u00e4remme esikouluun meno, mit\u00e4 seuraa vain vuotta my\u00f6hemmin varsinainen koulun aloitus.<\/p>\n<p style=\"text-align: justify;\">Lasten my\u00f6t\u00e4 meille on muodostunut t\u00e4rke\u00e4ksi my\u00f6s siteiden rakentaminen muihin paikallisiin suomalaisperheisiin sek\u00e4 <a title=\"Karkkia ja kepposia\" href=\"https:\/\/www.vuosiamaailmalla.fi\/blog\/2024\/karkkia-ja-kepposia\/\">osallistuminen suomalaiseen toimintaan<\/a> <em>Skandinaviakeskuksella<\/em>. Yrit\u00e4mme kovasti siirt\u00e4\u00e4 suomalaisia juuria sek\u00e4 identiteetti\u00e4 my\u00f6s lapsillemme, jotka kuitenkin kasvavat kanadalaisessa ymp\u00e4rist\u00f6ss\u00e4 ja oppivat ensisijaisesti englanninkielell\u00e4.<\/p>\n<p style=\"text-align: center;\"><a href=\"\/blog\/wp-content\/uploads\/2024\/halloween_muskari4.jpg\"><img decoding=\"async\" src=\"\/blog\/wp-content\/uploads\/2024\/halloween_muskari4.jpg\" \/><\/a><\/p>\n<p style=\"text-align: center;\"><em>Runsaasti suomalaista seuraa<\/em><\/p>\n<p style=\"text-align: justify;\">Kaikki t\u00e4m\u00e4 muutos on vaatinut mahdollisimman vakaata arkea, mink\u00e4 vuoksi kummankaan meid\u00e4n ty\u00f6kuvioissa ei ole ollut suuria muutoksia viimeiseen viiteen vuoteen. Ilahduttavaa on ollut my\u00f6s asua kohta kahdeksan vuotta samassa\u00a0 asunnossa, sill\u00e4 aiempi jatkuva muuttaminen olisi lapsille hyvin raskasta. Hyv\u00e4 puoli on ollut nykyisen asuntomme riitt\u00e4v\u00e4 koko nelihenkisenkin perheen asua, mink\u00e4 vuoksi meill\u00e4 ei ole ollut paineita muuttaa toisaalle.<\/p>\n<p style=\"text-align: justify;\"><strong>KAHDENKYMMENEN VUODEN TARINA<\/strong><\/p>\n<p style=\"text-align: justify;\">On uskomatonta, ett\u00e4 alun perin kolmen kuukauden seikkailuna alkanut kertomuksemme on venynyt jo kahden vuosikymmenen mittaiseksi ja l\u00e4hestyy pistett\u00e4, jossa olemme pian asuneet puolet el\u00e4m\u00e4st\u00e4mme ulkomailla. Tarina on ollut vivahteikas ja t\u00e4ynn\u00e4 iloisia sek\u00e4 surullisia hetki\u00e4. Sen aikana onkin itketty ja naurettu, mutta etenkin kasvettu sangen kokemattomista opiskelijanuorista paljon n\u00e4hneiksi vastuullisiksi perheenp\u00e4iksi.<\/p>\n<p style=\"text-align: justify;\">Kaiken kaikkiaan tuntuu, ett\u00e4 mit\u00e4\u00e4n mihin on voinut aidosti vaikuttaa, ei olisi halunnut menev\u00e4n mill\u00e4\u00e4n muulla tavalla. Vaikka asioiden taustalla ei olekaan ollut mit\u00e4\u00e4n kahdenkymmenen vuoden mittaista suunnitelmaa tai tiekarttaa &#8211; ainoastaan hajanaisia haaveita sek\u00e4 onnekkaita sattumuksia, on el\u00e4m\u00e4st\u00e4mme silti muodostunut pitk\u00e4lti haluamamme kaltainen.<\/p>\n<p style=\"text-align: justify;\">Monen tehdyn p\u00e4\u00e4t\u00f6ksen k\u00e4\u00e4nt\u00f6puolta on vaikea puntaroida, poikkeuksena suuri p\u00e4\u00e4t\u00f6s vanhemmuudesta. Nyt viisi vuotta my\u00f6hemmin olemme t\u00e4ysin vakuuttuneita sen olleen yksi t\u00e4rkeimpi\u00e4 ja samalla parhaimpia p\u00e4\u00e4t\u00f6ksi\u00e4mme, sill\u00e4 p\u00e4invastainen p\u00e4\u00e4t\u00f6s olisi ollut meid\u00e4n kohdallamme suuri virhe. Sen verran palkitsevaa lasten kasvattaminen meist\u00e4 on.<\/p>\n<p style=\"text-align: center;\"><a href=\"\/blog\/wp-content\/uploads\/2026\/perhepotretti.jpg\"><img decoding=\"async\" src=\"\/blog\/wp-content\/uploads\/2026\/thumbs\/thumbs_perhepotretti.jpg\" \/><\/a><\/p>\n<p style=\"text-align: center;\"><em>El\u00e4m\u00e4mme t\u00e4rkein p\u00e4\u00e4t\u00f6s<\/em><\/p>\n<p style=\"text-align: justify;\">Nyt keski-i\u00e4n puolella oltaessa tuntuu toisinaan, ett\u00e4 suuret p\u00e4\u00e4t\u00f6kset ovat jo takana, mutta todellisuudessa edess\u00e4 saattaa olla tasan yht\u00e4 monta t\u00e4rke\u00e4\u00e4 p\u00e4\u00e4t\u00f6st\u00e4. Yksi suuri ja toistaiseksi viel\u00e4 ratkaisematon p\u00e4\u00e4t\u00f6s on pysyv\u00e4 j\u00e4\u00e4minen Kanadaan tai paluu Eurooppaan. Jos p\u00e4\u00e4t\u00f6s oli vaikea jo aiemmin, on se erityisen hankala nyt kun p\u00e4\u00e4t\u00f6s liittyy moneen muuhunkin seikkaan aina lapsista t\u00f6ihin sek\u00e4 yleiseen elinymp\u00e4rist\u00f6\u00f6n ja el\u00e4m\u00e4nlaatuun.<\/p>\n<p style=\"text-align: justify;\">Onkin mahdollista, ett\u00e4 tarinassamme on tulossa uusia k\u00e4\u00e4nteit\u00e4 tulevien vuosien aikana. Tulevaisuus kun tuntuu pienesti ep\u00e4selv\u00e4lt\u00e4 kuten aina aiemminkin, mik\u00e4 lienee el\u00e4m\u00e4n tosiasioita. P\u00e4\u00e4t\u00f6sten kaikkia seurauksia ei my\u00f6sk\u00e4\u00e4n voi tiet\u00e4\u00e4 ennalta, mutta tietoisella ty\u00f6ll\u00e4 niiss\u00e4 voi saavuttaa parhaan lopputuleman.<\/p>\n<p style=\"text-align: justify;\">Jos en tied\u00e4 mist\u00e4 k\u00e4sin ja millaisessa el\u00e4m\u00e4ntilanteessa kirjoitan seuraavaa vastaavaa kirjoitustani kymmenen vuoden p\u00e4\u00e4st\u00e4, aavistan kuitenkin kirjoittavani siit\u00e4 aikanaan. T\u00e4st\u00e4 blogista on muodostunut er\u00e4\u00e4nlainen ep\u00e4virallinen omael\u00e4m\u00e4nkerta sek\u00e4 ajankuva omasta ajattelusta eri aikoina, ja tulenkin jatkamaan sit\u00e4 niin kauan kuin se vain mahdollista. Toivottavasti kyn\u00e4ni ei tuossa ajassa tylsy ja edesottamuksiamme on jatkossakin kiehtova seurata.<\/p>\n<p style=\"text-align: justify;\"><em>Klaus &amp; Niina<\/em><\/p>\n<p style=\"text-align: center;\"><a href=\"\/blog\/wp-content\/uploads\/2026\/kaksikymmenta_vuotta.jpg\"><img decoding=\"async\" src=\"\/blog\/wp-content\/uploads\/2026\/kaksikymmenta_vuotta.jpg\" \/><\/a><\/p>\n","protected":false},"excerpt":{"rendered":"<p>Vuosi on pitk\u00e4 aika ihmisen el\u00e4m\u00e4ss\u00e4 ja yhdess\u00e4 vuodessa ehtii tapahtua paljon. Mutta kun vuosia kokoaa yhteen per\u00e4ti kahden vuosikymmenen edest\u00e4, alkavat ne kertoa tarinaa eletyst\u00e4 el\u00e4m\u00e4st\u00e4. T\u00e4n\u00e4\u00e4n 31. elokuuta 2026 tulee kuluneeksi tasan 20 vuotta siit\u00e4, kun nuori suomalainen opiskelijapariskunta l\u00e4hti el\u00e4m\u00e4ns\u00e4 seikkailulle ulkomaille. Kirjoitin tasan kymmenen vuotta sitten t\u00e4st\u00e4 suuresta seikkailustamme, josta ei &hellip; <a href=\"https:\/\/www.vuosiamaailmalla.fi\/blog\/2026\/elamamme-tarina-20-vuotta-maailmalla\/\" class=\"more-link\">Jatka lukemista<span class=\"screen-reader-text\"> &#8221;El\u00e4m\u00e4mme tarina \u2013 20 vuotta maailmalla&#8221;<\/span><\/a><\/p>\n","protected":false},"author":1,"featured_media":14713,"comment_status":"open","ping_status":"closed","sticky":false,"template":"","format":"standard","meta":{"_jetpack_newsletter_access":"","_jetpack_dont_email_post_to_subs":false,"_jetpack_newsletter_tier_id":0,"_jetpack_memberships_contains_paywalled_content":false,"_jetpack_memberships_contains_paid_content":false,"footnotes":""},"categories":[3,4,1621,13],"tags":[25],"class_list":["post-14707","post","type-post","status-publish","format-standard","has-post-thumbnail","hentry","category-arki-ulkomailla","category-asuminen-kanadassa","category-perhe-kanadassa","category-tyoskentely-kanadassa","tag-ajankohtaista"],"jetpack_sharing_enabled":true,"jetpack-related-posts":[{"id":12974,"url":"https:\/\/www.vuosiamaailmalla.fi\/blog\/2023\/11-vuotta-kanadassa\/","url_meta":{"origin":14707,"position":0},"title":"11 vuotta Kanadassa","author":"Klaus Johansson","date":"21. tammikuuta 2023","format":false,"excerpt":"Viime vuonna juhlimme virstanpylv\u00e4st\u00e4 el\u00e4m\u00e4ss\u00e4mme, kun meille tuli t\u00e4yteen tasan 10 vuotta Kanadassa. Py\u00f6re\u00e4n lukeman kunniaksi muistelinkin tuolloin vuosikymmenen aikana koettuja edesottamuksia sek\u00e4 matkaamme t\u00e4h\u00e4n pisteeseen el\u00e4m\u00e4ss\u00e4mme. El\u00e4m\u00e4\u00e4n kuuluvia iloja, suruja ja yll\u00e4tyksi\u00e4 onkin riitt\u00e4nyt t\u00e4ll\u00e4 matkallamme, mutta koko ajan on menty eteenp\u00e4in ja hiljalleen meist\u00e4 on tullut my\u00f6s kanadalaisia.\u2026","rel":"","context":"Kategoriassa &quot;Arki Kanadassa&quot;","block_context":{"text":"Arki Kanadassa","link":"https:\/\/www.vuosiamaailmalla.fi\/blog\/category\/arki-ulkomailla\/arki-kanadassa\/"},"img":{"alt_text":"","src":"https:\/\/i0.wp.com\/www.vuosiamaailmalla.fi\/blog\/wp-content\/uploads\/kanadan_lippu_banner-1.jpg?resize=350%2C200&ssl=1","width":350,"height":200,"srcset":"https:\/\/i0.wp.com\/www.vuosiamaailmalla.fi\/blog\/wp-content\/uploads\/kanadan_lippu_banner-1.jpg?resize=350%2C200&ssl=1 1x, https:\/\/i0.wp.com\/www.vuosiamaailmalla.fi\/blog\/wp-content\/uploads\/kanadan_lippu_banner-1.jpg?resize=525%2C300&ssl=1 1.5x, https:\/\/i0.wp.com\/www.vuosiamaailmalla.fi\/blog\/wp-content\/uploads\/kanadan_lippu_banner-1.jpg?resize=700%2C400&ssl=1 2x"},"classes":[]},{"id":12630,"url":"https:\/\/www.vuosiamaailmalla.fi\/blog\/2022\/elamantayteiset-10-vuotta-kanadassa\/","url_meta":{"origin":14707,"position":1},"title":"El\u00e4m\u00e4nt\u00e4yteiset 10 vuotta Kanadassa","author":"Klaus Johansson","date":"23. tammikuuta 2022","format":false,"excerpt":"T\u00e4m\u00e4n viikon perjantaina vietettiin jokavuotista merkkip\u00e4iv\u00e4\u00e4mme ajasta jonka olemme asuneet t\u00e4\u00e4ll\u00e4 Kanadassa. T\u00e4n\u00e4 vuonna p\u00e4iv\u00e4 vaatikin kunnollista noteeraamista, sill\u00e4 t\u00e4yteen tuli py\u00f6re\u00e4t kymmenen vuotta eli yksi kokonainen vuosikymmen maassa, mit\u00e4 on vaikea uskoa todeksi. Voiko tosiaan olla, ett\u00e4 olemme el\u00e4neet jo nelj\u00e4nneksen el\u00e4m\u00e4st\u00e4mme Kanadassa ja per\u00e4ti 40% koko elinajastamme ulkomailla!?\u2026","rel":"","context":"Kategoriassa &quot;Arki Kanadassa&quot;","block_context":{"text":"Arki Kanadassa","link":"https:\/\/www.vuosiamaailmalla.fi\/blog\/category\/arki-ulkomailla\/arki-kanadassa\/"},"img":{"alt_text":"","src":"https:\/\/i0.wp.com\/www.vuosiamaailmalla.fi\/blog\/wp-content\/uploads\/kymmenen_vuotta_kanadassa_banner.jpg?resize=350%2C200&ssl=1","width":350,"height":200,"srcset":"https:\/\/i0.wp.com\/www.vuosiamaailmalla.fi\/blog\/wp-content\/uploads\/kymmenen_vuotta_kanadassa_banner.jpg?resize=350%2C200&ssl=1 1x, https:\/\/i0.wp.com\/www.vuosiamaailmalla.fi\/blog\/wp-content\/uploads\/kymmenen_vuotta_kanadassa_banner.jpg?resize=525%2C300&ssl=1 1.5x, https:\/\/i0.wp.com\/www.vuosiamaailmalla.fi\/blog\/wp-content\/uploads\/kymmenen_vuotta_kanadassa_banner.jpg?resize=700%2C400&ssl=1 2x"},"classes":[]},{"id":3153,"url":"https:\/\/www.vuosiamaailmalla.fi\/blog\/2014\/kahdeksan-vuotta-maailmalla\/","url_meta":{"origin":14707,"position":2},"title":"Kahdeksan vuotta maailmalla","author":"Klaus Johansson","date":"2. syyskuuta 2014","format":false,"excerpt":"Elokuun vaihtuminen syyskuuksi on joka vuosi muistelemisen aikaa, sill\u00e4 tuolloin tulee j\u00e4lleen t\u00e4yteen yksi vuosi lis\u00e4\u00e4 t\u00e4\u00e4ll\u00e4 ulkomailla. T\u00e4n\u00e4 vuonna t\u00e4yteen tuli jo kahdeksan vuotta siit\u00e4 kun olemme j\u00e4tt\u00e4neet Suomen taaksemme ja l\u00e4hteneet kokeilemaan eloa kotimaan rajojen ulkopuolella. N\u00e4in pitk\u00e4n ajan ja monien sattumusten j\u00e4lkeen voikin todeta, ett\u00e4 hyvin on\u2026","rel":"","context":"Kategoriassa &quot;Arki Kanadassa&quot;","block_context":{"text":"Arki Kanadassa","link":"https:\/\/www.vuosiamaailmalla.fi\/blog\/category\/arki-ulkomailla\/arki-kanadassa\/"},"img":{"alt_text":"","src":"","width":0,"height":0},"classes":[]},{"id":14201,"url":"https:\/\/www.vuosiamaailmalla.fi\/blog\/2026\/14-vuotta-kanadassa\/","url_meta":{"origin":14707,"position":3},"title":"14 vuotta Kanadassa","author":"Klaus Johansson","date":"22. tammikuuta 2026","format":false,"excerpt":"Vuosittainen tilinp\u00e4\u00e4t\u00f6s el\u00e4m\u00e4st\u00e4mme Kanadassa on ehtinyt jo nelj\u00e4nteentoista osaansa ja takana on matkailun t\u00e4ytt\u00e4m\u00e4 vuosi. Mennyt vuosi oli kokonaisuudessaan pitk\u00e4lti odotetun kaltainen ja iloisen perhearjen t\u00e4ytt\u00e4m\u00e4, mutta k\u00e4yd\u00e4\u00e4np\u00e4 l\u00e4pi vuoden suurimmat tapahtumat ja kiintoisimmat matkat. Taakse j\u00e4\u00e4nyt vuosi oli maailmanpoliittisesti mullistava, mik\u00e4 tuntui perinpohjaisesti my\u00f6s t\u00e4\u00e4ll\u00e4 Kanadassa saakka, jossa vaihtui\u2026","rel":"","context":"Kategoriassa &quot;Arki Kanadassa&quot;","block_context":{"text":"Arki Kanadassa","link":"https:\/\/www.vuosiamaailmalla.fi\/blog\/category\/arki-ulkomailla\/arki-kanadassa\/"},"img":{"alt_text":"","src":"https:\/\/i0.wp.com\/www.vuosiamaailmalla.fi\/blog\/wp-content\/uploads\/kanadan_lippu_banner-1.jpg?resize=350%2C200&ssl=1","width":350,"height":200,"srcset":"https:\/\/i0.wp.com\/www.vuosiamaailmalla.fi\/blog\/wp-content\/uploads\/kanadan_lippu_banner-1.jpg?resize=350%2C200&ssl=1 1x, https:\/\/i0.wp.com\/www.vuosiamaailmalla.fi\/blog\/wp-content\/uploads\/kanadan_lippu_banner-1.jpg?resize=525%2C300&ssl=1 1.5x, https:\/\/i0.wp.com\/www.vuosiamaailmalla.fi\/blog\/wp-content\/uploads\/kanadan_lippu_banner-1.jpg?resize=700%2C400&ssl=1 2x"},"classes":[]},{"id":12807,"url":"https:\/\/www.vuosiamaailmalla.fi\/blog\/2022\/16-vuotta-maailmalla\/","url_meta":{"origin":14707,"position":4},"title":"16 vuotta maailmalla","author":"Klaus Johansson","date":"28. elokuuta 2022","format":false,"excerpt":"Normaalista k\u00e4yt\u00e4nn\u00f6st\u00e4ni poiketen kirjoitan t\u00e4m\u00e4nvuotista pohdintaani jo ennakkoon, sill\u00e4 varsinaiseen merkkip\u00e4iv\u00e4\u00e4n kuun vaihteessa on viel\u00e4 muutama p\u00e4iv\u00e4 aikaa. Toisin kuin viime vuonna, kyseess\u00e4 ei ole merkkivuosi, vaikka meille tulikin kev\u00e4\u00e4ll\u00e4 t\u00e4yteen tasan 10 vuotta Kanadassa. Aika tuntuukin vilist\u00e4v\u00e4n ohitse, eik\u00e4 v\u00e4hiten siksi ett\u00e4 kes\u00e4kuussa minulle tuli lasiin py\u00f6re\u00e4t 40! Nelj\u00e4nkympin\u2026","rel":"","context":"Kategoriassa &quot;Arki Kanadassa&quot;","block_context":{"text":"Arki Kanadassa","link":"https:\/\/www.vuosiamaailmalla.fi\/blog\/category\/arki-ulkomailla\/arki-kanadassa\/"},"img":{"alt_text":"","src":"","width":0,"height":0},"classes":[]},{"id":13748,"url":"https:\/\/www.vuosiamaailmalla.fi\/blog\/2024\/18-vuotta-maailmalla\/","url_meta":{"origin":14707,"position":5},"title":"18 vuotta maailmalla","author":"Klaus Johansson","date":"2. syyskuuta 2024","format":false,"excerpt":"Samalla kun kes\u00e4 alkaa k\u00e4\u00e4nty\u00e4 syksyksi, tulee j\u00e4lleen kuluneeksi yksi vuosi lis\u00e4\u00e4 ulkomailla asumista. Elokuun viimeisin\u00e4 p\u00e4ivin\u00e4 tulikin \u00e4skett\u00e4in kuluneeksi jo 18 vuotta siit\u00e4, kun l\u00e4hdimme Saksaan suureen seikkailuun, jolla olemme yh\u00e4 edelleen! N\u00e4it\u00e4 kirjoituksia kirjoittaessa prosessini alkaa yleens\u00e4 aina viimevuotisen kirjoitukseni lukemisella, jotta n\u00e4en mit\u00e4 sit\u00e4 tulikaan ennustettua tulevasta\u2026","rel":"","context":"Kategoriassa &quot;Arki Kanadassa&quot;","block_context":{"text":"Arki Kanadassa","link":"https:\/\/www.vuosiamaailmalla.fi\/blog\/category\/arki-ulkomailla\/arki-kanadassa\/"},"img":{"alt_text":"","src":"","width":0,"height":0},"classes":[]}],"jetpack_featured_media_url":"https:\/\/www.vuosiamaailmalla.fi\/blog\/wp-content\/uploads\/2026\/kaksikymmenta_vuotta_banner.jpg","_links":{"self":[{"href":"https:\/\/www.vuosiamaailmalla.fi\/blog\/wp-json\/wp\/v2\/posts\/14707","targetHints":{"allow":["GET"]}}],"collection":[{"href":"https:\/\/www.vuosiamaailmalla.fi\/blog\/wp-json\/wp\/v2\/posts"}],"about":[{"href":"https:\/\/www.vuosiamaailmalla.fi\/blog\/wp-json\/wp\/v2\/types\/post"}],"author":[{"embeddable":true,"href":"https:\/\/www.vuosiamaailmalla.fi\/blog\/wp-json\/wp\/v2\/users\/1"}],"replies":[{"embeddable":true,"href":"https:\/\/www.vuosiamaailmalla.fi\/blog\/wp-json\/wp\/v2\/comments?post=14707"}],"version-history":[{"count":9,"href":"https:\/\/www.vuosiamaailmalla.fi\/blog\/wp-json\/wp\/v2\/posts\/14707\/revisions"}],"predecessor-version":[{"id":14722,"href":"https:\/\/www.vuosiamaailmalla.fi\/blog\/wp-json\/wp\/v2\/posts\/14707\/revisions\/14722"}],"wp:featuredmedia":[{"embeddable":true,"href":"https:\/\/www.vuosiamaailmalla.fi\/blog\/wp-json\/wp\/v2\/media\/14713"}],"wp:attachment":[{"href":"https:\/\/www.vuosiamaailmalla.fi\/blog\/wp-json\/wp\/v2\/media?parent=14707"}],"wp:term":[{"taxonomy":"category","embeddable":true,"href":"https:\/\/www.vuosiamaailmalla.fi\/blog\/wp-json\/wp\/v2\/categories?post=14707"},{"taxonomy":"post_tag","embeddable":true,"href":"https:\/\/www.vuosiamaailmalla.fi\/blog\/wp-json\/wp\/v2\/tags?post=14707"}],"curies":[{"name":"wp","href":"https:\/\/api.w.org\/{rel}","templated":true}]}}