{"id":1475,"date":"2011-02-19T17:56:27","date_gmt":"2011-02-20T01:56:27","guid":{"rendered":"http:\/\/13.53.127.146\/?p=1475"},"modified":"2021-02-10T19:58:51","modified_gmt":"2021-02-11T03:58:51","slug":"maailman-toiseksi-suurin-ikea","status":"publish","type":"post","link":"https:\/\/www.vuosiamaailmalla.fi\/blog\/2011\/maailman-toiseksi-suurin-ikea\/","title":{"rendered":"Maailman toiseksi suurin IKEA"},"content":{"rendered":"<p style=\"text-align: justify;\">Kuten lokakuussa <a title=\"Uutta tyyli\u00e4 kotiin IKEA:n ostoshelvetist\u00e4\" href=\"https:\/\/www.vuosiamaailmalla.fi\/?p=1410\">mainitsin<\/a>, on Berliiniin ollut rakenteilla kaupungin nelj\u00e4s IKEA. Projekti juontaa alkunsa 90-luvun alkuun, kun Berliinin muuri murtui ja l\u00e4nsimaiset yhti\u00f6t sy\u00f6ksyiv\u00e4t kiireell\u00e4 neitseellisille It\u00e4-Saksan markkinoille. Jo tuolloin Berliinin Lichtenbergin kaupunginosaan puuhattiin IKEA:n tavarataloa, mutta projekti pysyi j\u00e4iss\u00e4 aina vuoteen 2006 saakka. Tuolloin ly\u00f6tiin maahan lapiot ja aloitettiin uuden tavaratalon rakentaminen. Kuitenkin vuonna 2008 kohonneet rakennuskustannukset pys\u00e4yttiv\u00e4t rakennusty\u00f6t, joita p\u00e4\u00e4stiin jatkamaan vasta viime vuoden kev\u00e4\u00e4ll\u00e4 talouskriisin laskettua kustannuksia. Tavaratalo valmistui lopulta joulukuun alussa.<\/p>\n<p><!--more--><\/p>\n<p style=\"text-align: justify;\">Tavaratalosta rakennettiin varmaankin Tempelhofin IKEA:n (valmistunut vuonna 2003) ainaisten ruuhkien rohkaisemana kerralla tarpeeksi suuri ja niin nyt valmistunut IKEA on kooltaan per\u00e4ti 40 000 neli\u00f6metri\u00e4, mik\u00e4 tekee siit\u00e4 maailman toiseksi suurimman, heti Tukholman tavaratalon j\u00e4lkeen. Yleens\u00e4 IKEA:t ovat suunnilleen identtisi\u00e4, mutta Lichtenbergin kohdalla konserni oli velvoitettu panostamaan normaalia enemm\u00e4n arkkitehtuuriin. Sen vuoksi sini-keltaisia metalliseini\u00e4 t\u00e4ydent\u00e4\u00e4 180-metri\u00e4 leve\u00e4 lasinen julkisivu.<\/p>\n<p style=\"text-align: center;\"><a href=\"\/blog\/wp-content\/uploads\/2011\/ikea_lichtenberg2.jpg\" target=\"_blank\" rel=\"noopener\"><img decoding=\"async\" style=\"border: 0px none; margin: 5px;\" src=\"\/blog\/wp-content\/uploads\/2011\/thumbs\/thumbs_ikea_lichtenberg2.jpg\" alt=\"\" \/><\/a><a href=\"\/blog\/wp-content\/uploads\/2011\/ikea_lichtenberg1.jpg\" target=\"_blank\" rel=\"noopener\"><img decoding=\"async\" style=\"border: 0px none; margin: 5px;\" src=\"\/blog\/wp-content\/uploads\/2011\/thumbs\/thumbs_ikea_lichtenberg1.jpg\" alt=\"\" \/><\/a><\/p>\n<p style=\"text-align: center;\"><em>Maailman toiseksi suurin IKEA<\/em><\/p>\n<p style=\"text-align: justify;\">Lichtenbergin IKEA sijaitsee hyv\u00e4ll\u00e4 paikalla, sill\u00e4 sinne on helppo saapua suurta 6-kaistaista <em>Landsberger Alleeta<\/em> pitkin. Paikan p\u00e4\u00e4lle p\u00e4\u00e4see my\u00f6s ilman autoa, sill\u00e4 raitiovaunulinjat M6, 16, M17 sek\u00e4 27 riste\u00e4v\u00e4t sen l\u00e4hettyvill\u00e4. N\u00e4in ollen uusi IKEA onkin meille se kaikkein k\u00e4tevimm\u00e4n yhteyden p\u00e4\u00e4ss\u00e4 oleva tulevaisuuden ostoksia silm\u00e4ll\u00e4 pit\u00e4en.<\/p>\n<p style=\"text-align: justify;\">Uusi IKEA todellakin aukesi jo joulukuussa, mutta olisi saanut olla hullu menn\u00e4 l\u00e4hellek\u00e4\u00e4n sit\u00e4 avajaisviikon tai sit\u00e4 seuranneiden joulunalusviikkojen aikana. Niinp\u00e4 me annoimmekin paikan uutuudenvieh\u00e4tyksen hieman laskea, ennen kuin itse suuntasimme paikan p\u00e4\u00e4lle t\u00e4n\u00e4\u00e4n. Paikan p\u00e4\u00e4ll\u00e4 n\u00e4htyn\u00e4 kyseess\u00e4 on kyll\u00e4 valtava rakennus, mutta muilta osin kyseess\u00e4 on tyypillinen IKEA. Joitain erikoispiirteit\u00e4kin l\u00f6ytyy, sill\u00e4 ymp\u00e4r\u00f6iv\u00e4 It\u00e4-Berliinin alue on valtavien DDR:n aikaisten kerrostalojen (<em>plattenbau<\/em>) t\u00e4plitt\u00e4m\u00e4\u00e4n betoniviidakkoa. Koska DDR:ss\u00e4 oltiin tehokkaita, rakennettiin kaikki n\u00e4ist\u00e4 taloista vain muutamilla piirustuksilla, joten alueella on satojatuhansia identtisi\u00e4 asuntoja. Kooltaan n\u00e4m\u00e4 ovat asunnot ovat yleens\u00e4 sangen pieni\u00e4 ja siten hankalia sisustaa. Juuri t\u00e4ss\u00e4 IKEA on hoksannut t\u00e4ss\u00e4 markkinaraon. Lichtenbergin tavaratalosta l\u00f6ytyy osastoja, joissa esitell\u00e4\u00e4n t\u00e4ydellisi\u00e4 kalustuskokonaisuuksia 55, 35 ja 25 neli\u00f6n kokoisiin asuntoihin, jotka ovat ne yleisimm\u00e4t plattenbau-asuntojen koot.<\/p>\n<p style=\"text-align: center;\"><a href=\"\/blog\/wp-content\/uploads\/2011\/sisalta_tyypillista_ikeaa.jpg\" target=\"_blank\" rel=\"noopener\"><img decoding=\"async\" style=\"border: 0px none; margin: 5px;\" src=\"\/blog\/wp-content\/uploads\/2011\/sisalta_tyypillista_ikeaa.jpg\" alt=\"\" \/><\/a><\/p>\n<p style=\"text-align: center;\"><em>Sis\u00e4lt\u00e4 normaali uusi IKEA<\/em><\/p>\n<p style=\"text-align: justify;\">Asiakkaalle n\u00e4kym\u00e4t\u00f6nt\u00e4 on uuden IKEA:n ekoloogiset oivallukset. Rakennuksessa muun muassa hy\u00f6dynnet\u00e4\u00e4n paitsi sen oman, my\u00f6s ymp\u00e4r\u00f6ivien teollisuusrakennusten, j\u00e4tevett\u00e4, ottamalla siit\u00e4 talteen l\u00e4mp\u00f6energiaa. My\u00f6s valtavan rakennuksen katolle satava sadevesi hy\u00f6dynnet\u00e4\u00e4n tavaratalon vessojen huuhtelussa sek\u00e4 pihan istutusten kastelussa.<\/p>\n<p style=\"text-align: justify;\">Tarkoituksemme ei ollut ostaa IKEA:sta mit\u00e4\u00e4n, joten reissumme ostokset rajoittuivat IKEA:n ravintolan tarjoamiin lihapulliin. Aina yht\u00e4 hyvi\u00e4. lis\u00e4ksi ostimme pari pussillista <em>P\u00e5genin<\/em> pieni\u00e4 korvapuusteja, joita onkin kiva napostella tulevina iltoina.<\/p>\n<p style=\"text-align: justify;\">Aivan IKEA:n l\u00e4hell\u00e4 sijaitsee my\u00f6s mainitsemisen arvoinen Berliinin 9. korkein rakennus, <em>Die Pyramide<\/em>. T\u00e4m\u00e4 vuonna 1995 valmistunut tasan 100-metrinen ja 23-kerroksinen toimistotalo muodostuu kahdesta normaalin n\u00e4k\u00f6isest\u00e4 toimistotornista, sek\u00e4 niiden v\u00e4liss\u00e4 viistosti nousevasta lasisesta julkisivusta. Rakennuksen julkisivuun on upotettu my\u00f6s valoja, joista voi lukea kellonajan. Kello ei ole t\u00e4ll\u00e4 hetkell\u00e4 k\u00e4yt\u00f6ss\u00e4, mutta sit\u00e4 tituleerataankin silti joissain yhteyksiss\u00e4 Euroopan suurimmaksi.<\/p>\n<p style=\"text-align: center;\"><a href=\"\/blog\/wp-content\/uploads\/2011\/die_pyramide1.jpg\" target=\"_blank\" rel=\"noopener\"><img decoding=\"async\" style=\"border: 0px none; margin: 5px;\" src=\"\/blog\/wp-content\/uploads\/2011\/thumbs\/thumbs_die_pyramide1.jpg\" alt=\"\" \/><\/a><a href=\"\/blog\/wp-content\/uploads\/2011\/die_pyramide2.jpg\" target=\"_blank\" rel=\"noopener\"><img decoding=\"async\" style=\"border: 0px none; margin: 5px;\" src=\"\/blog\/wp-content\/uploads\/2011\/thumbs\/thumbs_die_pyramide2.jpg\" alt=\"\" \/><\/a><a href=\"\/blog\/wp-content\/uploads\/2011\/die_pyramide4.jpg\" target=\"_blank\" rel=\"noopener\"><img decoding=\"async\" style=\"border: 0px none; margin: 5px;\" src=\"\/blog\/wp-content\/uploads\/2011\/thumbs\/thumbs_die_pyramide4.jpg\" alt=\"\" \/><\/a><a href=\"\/blog\/wp-content\/uploads\/2011\/die_pyramide5.jpg\" target=\"_blank\" rel=\"noopener\"><img decoding=\"async\" style=\"border: 0px none; margin: 5px;\" src=\"\/blog\/wp-content\/uploads\/2011\/thumbs\/thumbs_die_pyramide5.jpg\" alt=\"\" \/><\/a><a href=\"\/blog\/wp-content\/uploads\/2011\/die_pyramide3.jpg\" target=\"_blank\" rel=\"noopener\"><img decoding=\"async\" style=\"border: 0px none; margin: 5px;\" src=\"\/blog\/wp-content\/uploads\/2011\/thumbs\/thumbs_die_pyramide3.jpg\" alt=\"\" \/><\/a><\/p>\n<p style=\"text-align: center;\"><em>Erikoinen Die Pyramide<\/em><\/p>\n<p style=\"text-align: justify;\">Sangen j\u00e4nn\u00e4n n\u00e4k\u00f6inen rakennus sijaitsee vilkkaiden Landsberger Alleen ja <em>Rhinstra\u00dfen<\/em> risteyksess\u00e4. Alue on t\u00e4h\u00e4n saakka tuntunut minusta hieman luotaanty\u00f6nt\u00e4v\u00e4lt\u00e4 vanhoine DDR:n aikaisine rakennuksineen, mutta nyt IKEA:n my\u00f6t\u00e4 alueen taso on nousussa. Viel\u00e4 kun IKEA:n vierelle valmistuu t\u00e4m\u00e4n vuoden aikana toinen suuri ostoskeskus, <em>Globus<\/em>, alkaa alueella olla melkoisesti s\u00e4pin\u00e4\u00e4.<\/p>\n<p style=\"text-align: center;\"><a href=\"\/blog\/wp-content\/uploads\/2011\/naapuritontillakin_rakennetaan.jpg\" target=\"_blank\" rel=\"noopener\"><img decoding=\"async\" style=\"border: 0px none; margin: 5px;\" src=\"\/blog\/wp-content\/uploads\/2011\/naapuritontillakin_rakennetaan.jpg\" alt=\"\" \/><\/a><\/p>\n<p style=\"text-align: center;\"><em>Globus-ostoskeskus rakenteilla<\/em><\/p>\n<p style=\"text-align: justify;\">Ja kun nyt aloitimme puhumaan korkeista rakennuksista, niin mainittakoon onnistunut saneerausprojekti Berliinin keskustan l\u00e4hell\u00e4. L\u00e4hell\u00e4 <em>Jannowitzbr\u00fccken<\/em> juna-asemaa, Berliinin julkisen liikenteen operaattori BVG:n kolmoistorneja vastap\u00e4\u00e4t\u00e4, sijaitsee monia DDR:n aikaisia j\u00e4ttim\u00e4isi\u00e4 asuinkerrostaloja. Monet n\u00e4ist\u00e4 on saneerattu sitten <a title=\"20 vuotta Berliinin muurin murtumisesta\" href=\"https:\/\/www.vuosiamaailmalla.fi\/?p=3383\">muurin murtumisen<\/a>, mutta edelleen joukossa on ehdassa alkuper\u00e4isasussaan olevia betonielementti hirvityksi\u00e4. Kaksi t\u00e4llaista ovat olleet ulkoisesti identtiset 18- ja 20-kerroksiset kauhistukset todenn\u00e4k\u00f6isesti kultaiselta 70-luvulta. Molemmiss\u00e4 rakennuksissa s\u00e4\u00e4 on piiskannut rakennusten ulkopinnoista likaiset, mink\u00e4 lis\u00e4ksi ehtaan 70-luvun tyyliin esiin j\u00e4tetyt elementtisaumat ovat loistaneet kirkkaina.<\/p>\n<p style=\"text-align: center;\"><a href=\"\/blog\/wp-content\/uploads\/2011\/bvg_toimistotornit2.jpg\" target=\"_blank\" rel=\"noopener\"><img decoding=\"async\" style=\"border: 0px none; margin: 5px;\" src=\"\/blog\/wp-content\/uploads\/2011\/thumbs\/thumbs_bvg_toimistotornit2.jpg\" alt=\"\" \/><\/a><a href=\"\/blog\/wp-content\/uploads\/2011\/bvg_toimistotornit1.jpg\" target=\"_blank\" rel=\"noopener\"><img decoding=\"async\" style=\"border: 0px none; margin: 5px;\" src=\"\/blog\/wp-content\/uploads\/2011\/thumbs\/thumbs_bvg_toimistotornit1.jpg\" alt=\"\" \/><\/a><\/p>\n<p style=\"text-align: center;\"><em>BVG:n p\u00e4\u00e4maja<\/em><\/p>\n<p style=\"text-align: justify;\">En ole kulkenut rakennusten ohi sitten syksyn ja olinkin yll\u00e4ttynyt havaitessani miten toinen rakennuksista oli talven aikana saneerattu t\u00e4ysin ulkoa. Lopputulos on loistavaa laatua ja rakennus n\u00e4ytt\u00e4\u00e4 nyt ihan uudenaikaiselta asuintornilta. Ja kaikki t\u00e4m\u00e4 vain rappaamalla saumat umpeen ja maalamalla sein\u00e4t hyvin valituilla v\u00e4reill\u00e4. Samanlaisia projekteja on toteutettu enemm\u00e4n ja v\u00e4hemm\u00e4n onnistuneesti pitkin It\u00e4-Berliini\u00e4 ja yrit\u00e4np\u00e4 laittaa jatkossa kuvia muistakin. N\u00e4ill\u00e4 kahdella rakennuksella on vain hyv\u00e4 aloittaa, sill\u00e4 vierekk\u00e4in seisovat rakennukset ovat nyt kuin y\u00f6 ja p\u00e4iv\u00e4. Toivoa sopii, ett\u00e4 naapurirakennuskin on pikaisesti saneerauslistalla.<\/p>\n<p style=\"text-align: center;\"><a href=\"\/blog\/wp-content\/uploads\/2011\/ennen_ja_jalkeen1.jpg\" target=\"_blank\" rel=\"noopener\"><img decoding=\"async\" style=\"border: 0px none; margin: 5px;\" src=\"\/blog\/wp-content\/uploads\/2011\/thumbs\/thumbs_ennen_ja_jalkeen1.jpg\" alt=\"\" \/><\/a><a href=\"\/blog\/wp-content\/uploads\/2011\/ennen_ja_jalkeen3.jpg\" target=\"_blank\" rel=\"noopener\"><img decoding=\"async\" style=\"border: 0px none; margin: 5px;\" src=\"\/blog\/wp-content\/uploads\/2011\/thumbs\/thumbs_ennen_ja_jalkeen3.jpg\" alt=\"\" \/><\/a><a href=\"\/blog\/wp-content\/uploads\/2011\/ennen_ja_jalkeen2.jpg\" target=\"_blank\" rel=\"noopener\"><img decoding=\"async\" style=\"border: 0px none; margin: 5px;\" src=\"\/blog\/wp-content\/uploads\/2011\/thumbs\/thumbs_ennen_ja_jalkeen2.jpg\" alt=\"\" \/><\/a><br \/>\n<a href=\"\/blog\/wp-content\/uploads\/2011\/plattenbau_jalkeen.jpg\" target=\"_blank\" rel=\"noopener\"><img decoding=\"async\" style=\"border: 0px none; margin: 5px;\" src=\"\/blog\/wp-content\/uploads\/2011\/thumbs\/thumbs_plattenbau_jalkeen.jpg\" alt=\"\" \/><\/a><a href=\"\/blog\/wp-content\/uploads\/2011\/plattenbau_ennen.jpg\" target=\"_blank\" rel=\"noopener\"><img decoding=\"async\" style=\"border: 0px none; margin: 5px;\" src=\"\/blog\/wp-content\/uploads\/2011\/thumbs\/thumbs_plattenbau_ennen.jpg\" alt=\"\" \/><\/a><\/p>\n<p style=\"text-align: center;\"><em>Kuin y\u00f6 ja p\u00e4iv\u00e4<\/em><\/p>\n","protected":false},"excerpt":{"rendered":"<p>Kuten lokakuussa mainitsin, on Berliiniin ollut rakenteilla kaupungin nelj\u00e4s IKEA. Projekti juontaa alkunsa 90-luvun alkuun, kun Berliinin muuri murtui ja l\u00e4nsimaiset yhti\u00f6t sy\u00f6ksyiv\u00e4t kiireell\u00e4 neitseellisille It\u00e4-Saksan markkinoille. Jo tuolloin Berliinin Lichtenbergin kaupunginosaan puuhattiin IKEA:n tavarataloa, mutta projekti pysyi j\u00e4iss\u00e4 aina vuoteen 2006 saakka. Tuolloin ly\u00f6tiin maahan lapiot ja aloitettiin uuden tavaratalon rakentaminen. Kuitenkin vuonna 2008 &hellip; <a href=\"https:\/\/www.vuosiamaailmalla.fi\/blog\/2011\/maailman-toiseksi-suurin-ikea\/\" class=\"more-link\">Jatka lukemista<span class=\"screen-reader-text\"> &#8221;Maailman toiseksi suurin IKEA&#8221;<\/span><\/a><\/p>\n","protected":false},"author":1,"featured_media":11797,"comment_status":"open","ping_status":"open","sticky":false,"template":"","format":"standard","meta":{"_jetpack_memberships_contains_paid_content":false,"footnotes":""},"categories":[18,3],"tags":[34,229,49,52,55,56,444,140,301,190,435],"class_list":["post-1475","post","type-post","status-publish","format-standard","has-post-thumbnail","hentry","category-arki-saksassa","category-arki-ulkomailla","tag-arki","tag-arkkitehtuuri","tag-berliini","tag-berlin-friedrichshain","tag-berlin-lichtenberg","tag-berlin-mitte","tag-die-pyramide","tag-ikea","tag-rakennustyomaa","tag-saksa","tag-uutta-ja-vanhaa"],"jetpack_featured_media_url":"https:\/\/www.vuosiamaailmalla.fi\/blog\/wp-content\/uploads\/ikea_lichtenberg_banner-1.jpg","jetpack_sharing_enabled":true,"_links":{"self":[{"href":"https:\/\/www.vuosiamaailmalla.fi\/blog\/wp-json\/wp\/v2\/posts\/1475","targetHints":{"allow":["GET"]}}],"collection":[{"href":"https:\/\/www.vuosiamaailmalla.fi\/blog\/wp-json\/wp\/v2\/posts"}],"about":[{"href":"https:\/\/www.vuosiamaailmalla.fi\/blog\/wp-json\/wp\/v2\/types\/post"}],"author":[{"embeddable":true,"href":"https:\/\/www.vuosiamaailmalla.fi\/blog\/wp-json\/wp\/v2\/users\/1"}],"replies":[{"embeddable":true,"href":"https:\/\/www.vuosiamaailmalla.fi\/blog\/wp-json\/wp\/v2\/comments?post=1475"}],"version-history":[{"count":1,"href":"https:\/\/www.vuosiamaailmalla.fi\/blog\/wp-json\/wp\/v2\/posts\/1475\/revisions"}],"predecessor-version":[{"id":11798,"href":"https:\/\/www.vuosiamaailmalla.fi\/blog\/wp-json\/wp\/v2\/posts\/1475\/revisions\/11798"}],"wp:featuredmedia":[{"embeddable":true,"href":"https:\/\/www.vuosiamaailmalla.fi\/blog\/wp-json\/wp\/v2\/media\/11797"}],"wp:attachment":[{"href":"https:\/\/www.vuosiamaailmalla.fi\/blog\/wp-json\/wp\/v2\/media?parent=1475"}],"wp:term":[{"taxonomy":"category","embeddable":true,"href":"https:\/\/www.vuosiamaailmalla.fi\/blog\/wp-json\/wp\/v2\/categories?post=1475"},{"taxonomy":"post_tag","embeddable":true,"href":"https:\/\/www.vuosiamaailmalla.fi\/blog\/wp-json\/wp\/v2\/tags?post=1475"}],"curies":[{"name":"wp","href":"https:\/\/api.w.org\/{rel}","templated":true}]}}