{"id":1492,"date":"2011-01-08T10:00:40","date_gmt":"2011-01-08T18:00:40","guid":{"rendered":"http:\/\/13.53.127.146\/?p=1492"},"modified":"2020-12-29T16:28:41","modified_gmt":"2020-12-30T00:28:41","slug":"joululoma-pakkasen-ja-lumen-keskella","status":"publish","type":"post","link":"https:\/\/www.vuosiamaailmalla.fi\/blog\/2011\/joululoma-pakkasen-ja-lumen-keskella\/","title":{"rendered":"Joululoma pakkasen ja lumen keskell\u00e4"},"content":{"rendered":"<p style=\"text-align: justify;\">Niin on selvitty lomap\u00e4ivist\u00e4 jo melkein viikon verran uuden vuoden puolelle. Joulunajan loma menikin mukavissa merkeiss\u00e4 Suomessa lomaillessa ja jopa pienesti matkaillessa.<\/p>\n<p style=\"text-align: justify;\">Lomamme alkoi tiistaina 21. joulukuuta. Berliiniss\u00e4 hanget olivat <a title=\"Rauhallista joulua\" href=\"https:\/\/www.vuosiamaailmalla.fi\/?p=1499\">enn\u00e4tyksellisiss\u00e4 mitoissa<\/a> l\u00e4ht\u00f6\u00e4 tehdess\u00e4mme ja olikin miellytt\u00e4v\u00e4 urakka raahata kahta painavaa matkalaukkua pitkin kehnosti aurattuja katuja lentokentt\u00e4bussi TXL:lle. Onneksi pys\u00e4kki on vain noin 350 metri\u00e4 asunnoltamme, joten urakasta oli mahdollista selviyty\u00e4 hikeentym\u00e4tt\u00e4 aivan t\u00e4ysin. Lentokent\u00e4ll\u00e4 pient\u00e4 j\u00e4nnityst\u00e4 aiheutti se, mitenh\u00e4n lennot kulkisivat, sill\u00e4 juuri noina p\u00e4ivin\u00e4 muun muassa <a title=\"Frankfurtin pilvenpiirt\u00e4jien katveessa\" href=\"https:\/\/www.vuosiamaailmalla.fi\/?p=3348\">Frankfurtissa<\/a> ja Lontoossa oli tuhansia ihmisi\u00e4 t\u00e4ysin jumissa lentokentill\u00e4. Berliiniss\u00e4 ei ongelmia kuitenkaan ollut ja poutaisen kelin vallitessa selvisimme hyvin matkaan. Perill\u00e4 Helsingiss\u00e4 olimme jopa viisi minuuttia etuajassa! My\u00f6s lento Joensuuhun onnistui hyvin.<\/p>\n<p><!--more--><\/p>\n<p style=\"text-align: center;\"><a href=\"\/blog\/wp-content\/uploads\/2010\/lumikeot_parvekkeella.jpg\" target=\"_blank\" rel=\"noopener\"><img decoding=\"async\" style=\"border: 0px none; margin: 5px;\" src=\"\/blog\/wp-content\/uploads\/2010\/thumbs\/thumbs_lumikeot_parvekkeella.jpg\" alt=\"\" \/><\/a><\/p>\n<p style=\"text-align: center;\"><em>Enn\u00e4tyslumet parvekkeellamme<\/em><\/p>\n<p style=\"text-align: justify;\">Perill\u00e4 Pohjois-Karjalassa odottivatkin Berliiniin verrattuna kunnon pakkaset ja koko jouluviikon elohopea huiteli -20 pakkasasteen alapuolella. Joulunalusp\u00e4iv\u00e4t merkitsiv\u00e4t tietysti vierailuja pitkin ja poikin Joensuunseutua, sek\u00e4 muutamia viime hetken lahjaostoksia Joensuussa. Kaupoissa oli itse asiassa sangen rauhallista ja ruuhkatonta. Jopa Suomen suurimmalla Prismalla Joensuussa oli hyvin rauhallista. Parkkipaikalta sai sielt\u00e4kin jonottaa pois vain vartin verran, mik\u00e4 on v\u00e4h\u00e4n verrattuna viime jouluun taikka ihan vain eiliseen, jolloin lehtien mukaan totaalinen suma parkkialueella oli johtanut jopa yli tunnin odotukseen!<\/p>\n<p style=\"text-align: center;\"><a href=\"\/blog\/wp-content\/uploads\/2010\/matala_keskipaivan_aurinko1.jpg\" target=\"_blank\" rel=\"noopener\"><img decoding=\"async\" style=\"border: 0px none; margin: 5px;\" src=\"\/blog\/wp-content\/uploads\/2010\/thumbs\/thumbs_matala_keskipaivan_aurinko1.jpg\" alt=\"\" \/><\/a><a href=\"\/blog\/wp-content\/uploads\/2010\/matala_keskipaivan_aurinko2.jpg\" target=\"_blank\" rel=\"noopener\"><img decoding=\"async\" style=\"border: 0px none; margin: 5px;\" src=\"\/blog\/wp-content\/uploads\/2010\/thumbs\/thumbs_matala_keskipaivan_aurinko2.jpg\" alt=\"\" \/><\/a><\/p>\n<p style=\"text-align: center;\"><em>Keskip\u00e4iv\u00e4n aurinko aatonaattona<\/em><\/p>\n<p style=\"text-align: justify;\">Itse jouluaatto meni Niinan vanhempien luona Liperiss\u00e4 kovien pakkasten vallitessa. Koko jouluaaton pakkaset paukkuivat selv\u00e4sti alle -30 asteessa, mik\u00e4 teki muun muassa haudoilla k\u00e4ynnist\u00e4 hyyt\u00e4v\u00e4n urakan. Jouluruokailun ja joulukirkon j\u00e4lkeen joulupukkikin teki vierailun. 3- ja 5-vuotiaisiin Niinan veljenpoikiin vierailu meni viel\u00e4 t\u00e4ydest\u00e4 ja sen j\u00e4lkeen sit\u00e4 p\u00e4\u00e4si itsekin rakentelemaan legoilla. \ud83d\ude2e<\/p>\n<p style=\"text-align: center;\"><a href=\"\/blog\/wp-content\/uploads\/2010\/aatonaaton_pakkasia.jpg\" target=\"_blank\" rel=\"noopener\"><img decoding=\"async\" style=\"border: 0px none; margin: 5px;\" src=\"\/blog\/wp-content\/uploads\/2010\/aatonaaton_pakkasia.jpg\" alt=\"\" \/><\/a><\/p>\n<p style=\"text-align: center;\"><em>Kylm\u00e4 jouluaatto<\/em><\/p>\n<p style=\"text-align: center;\"><a href=\"\/blog\/wp-content\/uploads\/2010\/joulupoyta.jpg\" target=\"_blank\" rel=\"noopener\"><img decoding=\"async\" style=\"border: 0px none; margin: 5px;\" src=\"\/blog\/wp-content\/uploads\/2010\/thumbs\/thumbs_joulupoyta.jpg\" alt=\"\" \/><\/a><a href=\"\/blog\/wp-content\/uploads\/2010\/joulukoristeita.jpg\" target=\"_blank\" rel=\"noopener\"><img decoding=\"async\" style=\"border: 0px none; margin: 5px;\" src=\"\/blog\/wp-content\/uploads\/2010\/thumbs\/thumbs_joulukoristeita.jpg\" alt=\"\" \/><\/a><a href=\"\/blog\/wp-content\/uploads\/2010\/kuusenkoriste.jpg\" target=\"_blank\" rel=\"noopener\"><img decoding=\"async\" style=\"border: 0px none; margin: 5px;\" src=\"\/blog\/wp-content\/uploads\/2010\/thumbs\/thumbs_kuusenkoriste.jpg\" alt=\"\" \/><\/a><\/p>\n<p style=\"text-align: center;\"><em>Joulukoristeita<\/em><\/p>\n<p style=\"text-align: center;\"><a href=\"\/blog\/wp-content\/uploads\/2010\/jannittava_vieras.jpg\" target=\"_blank\" rel=\"noopener\"><img decoding=\"async\" style=\"border: 0px none; margin: 5px;\" src=\"\/blog\/wp-content\/uploads\/2010\/thumbs\/thumbs_jannittava_vieras.jpg\" alt=\"\" \/><\/a><a href=\"\/blog\/wp-content\/uploads\/2010\/legorakentamisen_riemua.jpg\" target=\"_blank\" rel=\"noopener\"><img decoding=\"async\" style=\"border: 0px none; margin: 5px;\" src=\"\/blog\/wp-content\/uploads\/2010\/thumbs\/thumbs_legorakentamisen_riemua.jpg\" alt=\"\" \/><\/a><\/p>\n<p style=\"text-align: center;\"><em>J\u00e4nnitt\u00e4v\u00e4 vieras ja legorakentelua<\/em><\/p>\n<p style=\"text-align: justify;\">Tapaninp\u00e4iv\u00e4ksi pakkaset hieman hellittiv\u00e4t Pohjois-Karjalassa, joten uskaltauduimme tuolloin laskettelemaan Kolille. Kolilla on tullut k\u00e4yty\u00e4 monia kertoja, mutta kansallispuiston laskettelurinteisiin (Loma-Kolilla ja Ukko-Kolilla on molemmilla nelj\u00e4 rinnett\u00e4) ei ole tullut koskaan poikettua. Nyt t\u00e4m\u00e4 puute tuli korjattua ja kolmisen tuntia jaksoimmekin lasketella huikeissa talvimaisemissa. Varsinkin aivan Ukko-Kolin huipulla maisemat ovat upeat, kun Suomen viidenneksi suurin j\u00e4rvi Pielinen levitt\u00e4ytyy 347-metrisen t\u00e4m\u00e4n vaaran juurella 120 kilometri\u00e4 pitk\u00e4n\u00e4 ja 40 kilometri\u00e4 leve\u00e4n\u00e4. J\u00e4rven yli vie joka talvi Kolin j\u00e4\u00e4tie, joka seitsem\u00e4n kilometrin pituudellaan on Suomen pisin. Upean maiseman t\u00e4ydent\u00e4v\u00e4t vaaran huipulla j\u00f6k\u00f6tt\u00e4v\u00e4t kuuset, jotka ovat paksun tykkylumen peitt\u00e4m\u00e4t. J\u00e4rjestelm\u00e4kameraa minulla ei tietenk\u00e4\u00e4n ollut mukana rinteess\u00e4, mutta vanhalla Nokian E72:llakin sai jonkinmoisia kuvia t\u00e4st\u00e4 upeasta maisemasta.<\/p>\n<p style=\"text-align: center;\"><a href=\"\/blog\/wp-content\/uploads\/2010\/veljekset_maessa.jpg\" target=\"_blank\" rel=\"noopener\"><img decoding=\"async\" style=\"border: 0px none; margin: 5px;\" src=\"\/blog\/wp-content\/uploads\/2010\/veljekset_maessa.jpg\" alt=\"\" \/><\/a><\/p>\n<p style=\"text-align: center;\"><em>Veljenpojat m\u00e4ess\u00e4<\/em><\/p>\n<p style=\"text-align: center;\"><a href=\"\/blog\/wp-content\/uploads\/2010\/nakyma_pieliselle.jpg\" target=\"_blank\" rel=\"noopener\"><img decoding=\"async\" style=\"border: 0px none; margin: 5px;\" src=\"\/blog\/wp-content\/uploads\/2010\/thumbs\/thumbs_nakyma_pieliselle.jpg\" alt=\"\" \/><\/a><a href=\"\/blog\/wp-content\/uploads\/2010\/tykkylumisia_puita1.jpg\" target=\"_blank\" rel=\"noopener\"><img decoding=\"async\" style=\"border: 0px none; margin: 5px;\" src=\"\/blog\/wp-content\/uploads\/2010\/thumbs\/thumbs_tykkylumisia_puita1.jpg\" alt=\"\" \/><\/a><a href=\"\/blog\/wp-content\/uploads\/2010\/tykkylumisia_puita2.jpg\" target=\"_blank\" rel=\"noopener\"><img decoding=\"async\" style=\"border: 0px none; margin: 5px;\" src=\"\/blog\/wp-content\/uploads\/2010\/thumbs\/thumbs_tykkylumisia_puita2.jpg\" alt=\"\" \/><\/a><\/p>\n<p style=\"text-align: center;\"><em>Kolin huipulla<\/em><\/p>\n<p style=\"text-align: justify;\">Seuraavana aamuna, 27. joulukuuta, nousimme aamutuimaan Viinij\u00e4rven asemalta kiskobussin kyytiin. Kyseess\u00e4 oli ensimm\u00e4inen kerta kyseisen junan kyydiss\u00e4 ja kyyti oli miellytt\u00e4v\u00e4\u00e4. Pieks\u00e4m\u00e4ell\u00e4 vaihdoimme vanhan kunnon &#8221;sinisen junan&#8221; kyytiin kohti Tamperetta. Ei ollut t\u00e4m\u00e4 VR:n pikajunakaan entisens\u00e4, sill\u00e4 osastomme penkit oli vaihdettu vanhoista muhkeista istuimista koviin InterCity-penkkeihin. S\u00e4hk\u00f6pistokkeiden l\u00f6ytyminen oli sent\u00e4\u00e4n plussaa. Juna oli per\u00e4ti 10-vaunuinen ja t\u00e4ynn\u00e4 joululomalta palaavia ihmisi\u00e4 matkalla L\u00e4nsi-Suomeen.<\/p>\n<p style=\"text-align: justify;\">Puolilta p\u00e4ivin olimme Tampereella, josta alkoikin reissumme &#8221;matkailuosuus&#8221;. H\u00e4pe\u00e4kseni t\u00e4ytyy tunnustaa, etten ole ollut koskaan aiemmin Tampereella, mit\u00e4 nyt olen kahdesti kulkenut junalla kaupungin l\u00e4vitse. Nyt oli aika oikaista t\u00e4m\u00e4kin v\u00e4\u00e4ryys ja siirt\u00e4\u00e4 titteli Porille, joka on siis t\u00e4stedes suurin suomalainen kaupunki, jossa en ole viel\u00e4 k\u00e4ynyt.<\/p>\n<p style=\"text-align: justify;\">Niinan katsastaessa alennusmyyntien tarjontaa, k\u00e4velin itse keskustan alueella kummallakin puolen Tammerkoskea paikkoja katsellen. Tampereen tuomiokirkko oli jo ulkoa hieno ilmestys punaisine torneineen ja poikkesinpa rakennuksen sis\u00e4ll\u00e4kin katsomassa. Hieman edemp\u00e4n\u00e4 Tammerkosken ymp\u00e4ryst\u00e4 sek\u00e4 vanhat teollisuusrakennukset sen varrella muodostavat hienon milj\u00f6\u00f6n, jota hetken tarkastelin eri kulmista. Upeita vanhoja taloja tuntui olevan kaupungissa muutenkin siell\u00e4t\u00e4\u00e4ll\u00e4.<\/p>\n<p style=\"text-align: center;\"><a href=\"\/blog\/wp-content\/uploads\/2010\/tampereen_tuomiokirkko1.jpg\" target=\"_blank\" rel=\"noopener\"><img decoding=\"async\" style=\"border: 0px none; margin: 5px;\" src=\"\/blog\/wp-content\/uploads\/2010\/thumbs\/thumbs_tampereen_tuomiokirkko1.jpg\" alt=\"\" \/><\/a><a href=\"\/blog\/wp-content\/uploads\/2010\/tampereen_tuomiokirkko2.jpg\" target=\"_blank\" rel=\"noopener\"><img decoding=\"async\" style=\"border: 0px none; margin: 5px;\" src=\"\/blog\/wp-content\/uploads\/2010\/thumbs\/thumbs_tampereen_tuomiokirkko2.jpg\" alt=\"\" \/><\/a><a href=\"\/blog\/wp-content\/uploads\/2010\/tampereen_tuomiokirkko3.jpg\" target=\"_blank\" rel=\"noopener\"><img decoding=\"async\" style=\"border: 0px none; margin: 5px;\" src=\"\/blog\/wp-content\/uploads\/2010\/thumbs\/thumbs_tampereen_tuomiokirkko3.jpg\" alt=\"\" \/><\/a><\/p>\n<p style=\"text-align: center;\"><em>Tampereen tuomiokirkko ulkoa ja sis\u00e4lt\u00e4<\/em><\/p>\n<p style=\"text-align: center;\"><a href=\"\/blog\/wp-content\/uploads\/2010\/tuomiokirkko_sisalta1.jpg\" target=\"_blank\" rel=\"noopener\"><img decoding=\"async\" style=\"border: 0px none; margin: 5px;\" src=\"\/blog\/wp-content\/uploads\/2010\/thumbs\/thumbs_tuomiokirkko_sisalta1.jpg\" alt=\"\" \/><\/a><a href=\"\/blog\/wp-content\/uploads\/2010\/tuomiokirkko_sisalta2.jpg\" target=\"_blank\" rel=\"noopener\"><img decoding=\"async\" style=\"border: 0px none; margin: 5px;\" src=\"\/blog\/wp-content\/uploads\/2010\/thumbs\/thumbs_tuomiokirkko_sisalta2.jpg\" alt=\"\" \/><\/a><\/p>\n<p style=\"text-align: center;\"><a href=\"\/blog\/wp-content\/uploads\/2010\/tampella.jpg\" target=\"_blank\" rel=\"noopener\"><img decoding=\"async\" style=\"border: 0px none; margin: 5px;\" src=\"\/blog\/wp-content\/uploads\/2010\/thumbs\/thumbs_tampella.jpg\" alt=\"\" \/><\/a><a href=\"\/blog\/wp-content\/uploads\/2010\/tammerkoskea.jpg\" target=\"_blank\" rel=\"noopener\"><img decoding=\"async\" style=\"border: 0px none; margin: 5px;\" src=\"\/blog\/wp-content\/uploads\/2010\/thumbs\/thumbs_tammerkoskea.jpg\" alt=\"\" \/><\/a><a href=\"\/blog\/wp-content\/uploads\/2010\/hotelli_ilves.jpg\" target=\"_blank\" rel=\"noopener\"><img decoding=\"async\" style=\"border: 0px none; margin: 5px;\" src=\"\/blog\/wp-content\/uploads\/2010\/thumbs\/thumbs_hotelli_ilves.jpg\" alt=\"\" \/><\/a><\/p>\n<p style=\"text-align: center;\"><em>Tammerkosken maisemia ja Hotelli Ilves<\/em><\/p>\n<p style=\"text-align: center;\"><a href=\"\/blog\/wp-content\/uploads\/2010\/rakkauslukkoja_tampereella.jpg\" target=\"_blank\" rel=\"noopener\"><img decoding=\"async\" style=\"border: 0px none; margin: 5px;\" src=\"\/blog\/wp-content\/uploads\/2010\/rakkauslukkoja_tampereella.jpg\" alt=\"\" \/><\/a><\/p>\n<p style=\"text-align: center;\"><em>Rakkauslukkoja Tampereella<\/em><\/p>\n<p style=\"text-align: center;\"><a href=\"\/blog\/wp-content\/uploads\/2010\/tampereen_kaupungintalo.jpg\" target=\"_blank\" rel=\"noopener\"><img decoding=\"async\" style=\"border: 0px none; margin: 5px;\" src=\"\/blog\/wp-content\/uploads\/2010\/tampereen_kaupungintalo.jpg\" alt=\"\" \/><\/a><\/p>\n<p style=\"text-align: center;\"><em>Tampereen kaupungintalo<\/em><\/p>\n<p style=\"text-align: justify;\">Tampereen joulutori oli jo sulkeutunut ja koko alue t\u00e4ynn\u00e4 tuoretta lunta. Lunta oli nimitt\u00e4in satanut parisenkymment\u00e4 sentti\u00e4 edelt\u00e4v\u00e4n\u00e4 y\u00f6n\u00e4 ja kinoksia olikin kaikkialla. Tapasin Niinan keskustorin reunustan kahvilassa ja siin\u00e4 hetken istuttuamme palasimme hetkeksi hotellihuoneeseemme Hotelli Ilvekselle. Olimme valinneet Ilveksen ihan vain sen keskeisen sijainnin sek\u00e4 rakennuksen korkeuden vuoksi. Maisemat toiseksi ylimm\u00e4n (17.) kerroksen huoneestamme olivatkin hienot yli Tampereen keskustan kohti kaupungin kuuluisaa N\u00e4sinneulaa. Tavallaan maisemat olivat kuin kotona, kun ikkunasta oli n\u00e4ht\u00e4viss\u00e4 korkea torni.<\/p>\n<p style=\"text-align: center;\"><a href=\"\/blog\/wp-content\/uploads\/2010\/17_kerros.jpg\" target=\"_blank\" rel=\"noopener\"><img decoding=\"async\" style=\"border: 0px none; margin: 5px;\" src=\"\/blog\/wp-content\/uploads\/2010\/17_kerros.jpg\" alt=\"\" \/><\/a><\/p>\n<p style=\"text-align: center;\"><em>Huone yl\u00e4kerroksessa<\/em><\/p>\n<p style=\"text-align: center;\"><a href=\"\/blog\/wp-content\/uploads\/2010\/tampere_panoraama.jpg\" target=\"_blank\" rel=\"noopener\"><img decoding=\"async\" style=\"border: 0px none; margin: 5px;\" src=\"\/blog\/wp-content\/uploads\/2010\/tampere_panoraama_pieni.jpg\" alt=\"\" \/><\/a><\/p>\n<p style=\"text-align: center;\"><em>Tampere p\u00e4iv\u00e4ll\u00e4<\/em><\/p>\n<p style=\"text-align: center;\"><a href=\"\/blog\/wp-content\/uploads\/2010\/nasinneula_paivalla.jpg\" target=\"_blank\" rel=\"noopener\"><img decoding=\"async\" style=\"border: 0px none; margin: 5px;\" src=\"\/blog\/wp-content\/uploads\/2010\/nasinneula_paivalla.jpg\" alt=\"\" \/><\/a><\/p>\n<p style=\"text-align: center;\"><em>N\u00e4sinneula<\/em><\/p>\n<p style=\"text-align: justify;\">Illaksi meill\u00e4 molemmilla oli omat menomme, sill\u00e4 tapasimme kummatkin Tampereella asuvia yst\u00e4vi\u00e4mme. Koska n\u00e4m\u00e4 eiv\u00e4t tunteneet toisiaan, liikuimme kummatkin omassa porukassamme. Niina k\u00e4vi yst\u00e4v\u00e4tt\u00e4rens\u00e4 kanssa sy\u00f6m\u00e4ss\u00e4 <em>New York<\/em> -pihviravintolassa ja min\u00e4 kaverini kanssa <em>Astor<\/em> nimisess\u00e4 ravintolassa. Kolmen ruokalajin illallinen oli eritt\u00e4in hyv\u00e4 ja mielest\u00e4ni ei edes aivan mahdottoman kallis (~40 euroa) Suomen hintatasolla mitattuna. Ruoan j\u00e4lkeen k\u00e4velimme viel\u00e4 ajankuluksi kaverini kanssa Ratinan stadionille uuden Laukonsillan yli niit\u00e4n\u00e4it\u00e4 h\u00f6p\u00f6tellen ja maisemia katsellen. Vain pari tuntia aiemmin talvikeli oli tehnyt minulle kepposet ja olin kaatunut koko painollani oikean polveni p\u00e4\u00e4lle. Onneksi se ei kuitenkaan ole haitannut k\u00e4vely\u00e4 hetke\u00e4k\u00e4\u00e4n tuolloin eik\u00e4 sittemmink\u00e4\u00e4n. Haaverista aiheutui pelk\u00e4st\u00e4\u00e4n valtava mustelma, joten minulla oli onnea onnettomuudessa.<\/p>\n<p style=\"text-align: justify;\">Illalla katselimme hotellihuoneestamme \u00f6isi\u00e4 maisemia yli Tambereen. Kaupunki ja sen ihmiset vaikuttivat p\u00e4iv\u00e4n mittaisen kokemukseni perusteella oikein mukavilta. Ja vaikka t\u00e4st\u00e4 joutuisikin Tampereella hirteen, minusta Tampereessa oli jollain tapaa paljon turkumaista, mik\u00e4 on pelk\u00e4st\u00e4\u00e4n positiivinen asia! Turkua suuremmalta Tampere kyll\u00e4 vaikutti jo pelk\u00e4n keskustansa osalta, mutta ei miss\u00e4\u00e4n nimess\u00e4 milt\u00e4\u00e4n pikkukaupungilta. Mukavan oloinen kaupunki kaikin puolin.<\/p>\n<p style=\"text-align: center;\"><a href=\"\/blog\/wp-content\/uploads\/2010\/tampere_yolla1.jpg\" target=\"_blank\" rel=\"noopener\"><img decoding=\"async\" style=\"border: 0px none; margin: 5px;\" src=\"\/blog\/wp-content\/uploads\/2010\/tampere_yolla1.jpg\" alt=\"\" \/><\/a><\/p>\n<p style=\"text-align: center;\"><em>Y\u00f6llinen Tampere<\/em><\/p>\n<p style=\"text-align: center;\"><a href=\"\/blog\/wp-content\/uploads\/2010\/tampere_yolla2.jpg\" target=\"_blank\" rel=\"noopener\"><img decoding=\"async\" style=\"border: 0px none; margin: 5px;\" src=\"\/blog\/wp-content\/uploads\/2010\/thumbs\/thumbs_tampere_yolla2.jpg\" alt=\"\" \/><\/a><a href=\"\/blog\/wp-content\/uploads\/2010\/tuomiokirkko_ja_lampovoimala.jpg\" target=\"_blank\" rel=\"noopener\"><img decoding=\"async\" style=\"border: 0px none; margin: 5px;\" src=\"\/blog\/wp-content\/uploads\/2010\/thumbs\/thumbs_tuomiokirkko_ja_lampovoimala.jpg\" alt=\"\" \/><\/a><\/p>\n<p style=\"text-align: center;\"><em>Tuomiokirkko ja l\u00e4mp\u00f6voimala<\/em><\/p>\n<p style=\"text-align: center;\"><a href=\"\/blog\/wp-content\/uploads\/2010\/nasinneula_yolla.jpg\" target=\"_blank\" rel=\"noopener\"><img decoding=\"async\" style=\"border: 0px none; margin: 5px;\" src=\"\/blog\/wp-content\/uploads\/2010\/nasinneula_yolla.jpg\" alt=\"\" \/><\/a><\/p>\n<p style=\"text-align: center;\"><em>N\u00e4sinneula pime\u00e4ll\u00e4<\/em><\/p>\n<p style=\"text-align: justify;\">Y\u00f6 miellytt\u00e4v\u00e4ss\u00e4 hotellihuoneessamme ei valitettavasti kulunut mukavasti nukkuen, sill\u00e4 y\u00f6n aikana minulle nousi kuume. Ja kun nen\u00e4kin \u00e4rtyi vuotamaan jatkuvana virtana, niin flunssahan se oli. Aamulla olimme valveilla jo aikaisin, joten otimme allemme ajateltua aiemman junavuoron kohti Karjaata. J\u00e4nn\u00e4n\u00e4 yksityiskohtana matka Tampereelta Karjaalle on aivan yht\u00e4 pitk\u00e4 niin Helsingin kuin Turunkin kautta. Ainoastaan vaihtoyhteyden pituus tarjoaa pienen pient\u00e4 etua matkustusajassa. Koska Helsingin vuosituhannen lumimassoista ja kaaoksesta oli tehty niin suuria otsikoita, p\u00e4\u00e4dyimme t\u00e4ll\u00e4 kertaa matkustamaan Turun kautta.<\/p>\n<p style=\"text-align: justify;\">Kotipuolessa menikin sitten tiistai ja keskiviikkoa sis\u00e4tiloissa flunssasta toipuessa. Loppuviikosta p\u00e4\u00e4simme jo liikenteeseen ja k\u00e4vimmekin l\u00e4pi ne perinteiset kyl\u00e4paikat. Uudenvuodenaattokin meni sangen rauhallisissa merkeiss\u00e4 kaveriporukan kesken hyvin sy\u00f6den ja muutamat raketit paukutellen. Harmillisesti paikallinen palokunta ei t\u00e4n\u00e4 vuonna j\u00e4rjest\u00e4nyt normaalisti koko L\u00e4nsi-Uudellamaalla tunnettua ilotulitustaan palokuntatalon remontin vuoksi. Tapaus oli niin poikkeuksellinen, ett\u00e4 asiasta piti oikein ilmoittaa lehdiss\u00e4, jottei pari tuhatta ihmist\u00e4 saapuisi paikan p\u00e4\u00e4lle turhan takia. Ehk\u00e4p\u00e4 joku siltikin saapui ihmettelem\u00e4\u00e4n hiljaista kyl\u00e4\u00e4, sit\u00e4 en tied\u00e4.<\/p>\n<p style=\"text-align: center;\"><a href=\"\/blog\/wp-content\/uploads\/2011\/lumimassoja_kotipuolessa2.jpg\" target=\"_blank\" rel=\"noopener\"><img decoding=\"async\" style=\"border: 0px none; margin: 5px;\" src=\"\/blog\/wp-content\/uploads\/2011\/thumbs\/thumbs_lumimassoja_kotipuolessa2.jpg\" alt=\"\" \/><\/a><a href=\"\/blog\/wp-content\/uploads\/2011\/lumimassoja_kotipuolessa1.jpg\" target=\"_blank\" rel=\"noopener\"><img decoding=\"async\" style=\"border: 0px none; margin: 5px;\" src=\"\/blog\/wp-content\/uploads\/2011\/thumbs\/thumbs_lumimassoja_kotipuolessa1.jpg\" alt=\"\" \/><\/a><\/p>\n<p style=\"text-align: center;\"><em>Enn\u00e4tyshanget kotipuolessa<\/em><\/p>\n<p style=\"text-align: justify;\">Paluu Berliiniin koitti sunnuntaina, 2. tammikuuta. T\u00e4ll\u00e4 kertaa lentomme oli tunnin my\u00f6h\u00e4ss\u00e4, sill\u00e4 Helsinki-Vantaalla oli joko liian v\u00e4h\u00e4n j\u00e4\u00e4npoistokalustoa tai se oli sitten v\u00e4\u00e4rin koordinoitu. P\u00e4\u00e4asia oli silti p\u00e4\u00e4st\u00e4 perille ja j\u00e4lleen kiinni arkeen, johon sit\u00e4 sitten heti maanantaina p\u00e4\u00e4sikin. N\u00e4in se sitten menikin j\u00e4lleen joululoma perinteisiss\u00e4 merkeiss\u00e4 mukavissa talvimaisemissa.<\/p>\n","protected":false},"excerpt":{"rendered":"<p>Niin on selvitty lomap\u00e4ivist\u00e4 jo melkein viikon verran uuden vuoden puolelle. Joulunajan loma menikin mukavissa merkeiss\u00e4 Suomessa lomaillessa ja jopa pienesti matkaillessa. Lomamme alkoi tiistaina 21. joulukuuta. Berliiniss\u00e4 hanget olivat enn\u00e4tyksellisiss\u00e4 mitoissa l\u00e4ht\u00f6\u00e4 tehdess\u00e4mme ja olikin miellytt\u00e4v\u00e4 urakka raahata kahta painavaa matkalaukkua pitkin kehnosti aurattuja katuja lentokentt\u00e4bussi TXL:lle. Onneksi pys\u00e4kki on vain noin 350 metri\u00e4 &hellip; <a href=\"https:\/\/www.vuosiamaailmalla.fi\/blog\/2011\/joululoma-pakkasen-ja-lumen-keskella\/\" class=\"more-link\">Jatka lukemista<span class=\"screen-reader-text\"> &#8221;Joululoma pakkasen ja lumen keskell\u00e4&#8221;<\/span><\/a><\/p>\n","protected":false},"author":1,"featured_media":8552,"comment_status":"open","ping_status":"open","sticky":false,"template":"","format":"standard","meta":{"_jetpack_memberships_contains_paid_content":false,"footnotes":""},"categories":[7,885],"tags":[932,49,264,167,190,198,202,445],"class_list":["post-1492","post","type-post","status-publish","format-standard","has-post-thumbnail","hentry","category-matkakertomukset","category-suomi","tag-asunto","tag-berliini","tag-joulu","tag-koli","tag-saksa","tag-suomi","tag-talvi","tag-tampere"],"jetpack_featured_media_url":"https:\/\/www.vuosiamaailmalla.fi\/blog\/wp-content\/uploads\/nakyma_pieliselle_banner.jpg","jetpack_sharing_enabled":true,"_links":{"self":[{"href":"https:\/\/www.vuosiamaailmalla.fi\/blog\/wp-json\/wp\/v2\/posts\/1492","targetHints":{"allow":["GET"]}}],"collection":[{"href":"https:\/\/www.vuosiamaailmalla.fi\/blog\/wp-json\/wp\/v2\/posts"}],"about":[{"href":"https:\/\/www.vuosiamaailmalla.fi\/blog\/wp-json\/wp\/v2\/types\/post"}],"author":[{"embeddable":true,"href":"https:\/\/www.vuosiamaailmalla.fi\/blog\/wp-json\/wp\/v2\/users\/1"}],"replies":[{"embeddable":true,"href":"https:\/\/www.vuosiamaailmalla.fi\/blog\/wp-json\/wp\/v2\/comments?post=1492"}],"version-history":[{"count":2,"href":"https:\/\/www.vuosiamaailmalla.fi\/blog\/wp-json\/wp\/v2\/posts\/1492\/revisions"}],"predecessor-version":[{"id":11142,"href":"https:\/\/www.vuosiamaailmalla.fi\/blog\/wp-json\/wp\/v2\/posts\/1492\/revisions\/11142"}],"wp:featuredmedia":[{"embeddable":true,"href":"https:\/\/www.vuosiamaailmalla.fi\/blog\/wp-json\/wp\/v2\/media\/8552"}],"wp:attachment":[{"href":"https:\/\/www.vuosiamaailmalla.fi\/blog\/wp-json\/wp\/v2\/media?parent=1492"}],"wp:term":[{"taxonomy":"category","embeddable":true,"href":"https:\/\/www.vuosiamaailmalla.fi\/blog\/wp-json\/wp\/v2\/categories?post=1492"},{"taxonomy":"post_tag","embeddable":true,"href":"https:\/\/www.vuosiamaailmalla.fi\/blog\/wp-json\/wp\/v2\/tags?post=1492"}],"curies":[{"name":"wp","href":"https:\/\/api.w.org\/{rel}","templated":true}]}}