{"id":150,"date":"2012-04-30T18:41:38","date_gmt":"2012-05-01T01:41:38","guid":{"rendered":"http:\/\/127.0.0.1:4001\/wordpress\/?p=150"},"modified":"2021-02-04T19:23:09","modified_gmt":"2021-02-05T03:23:09","slug":"lynn-loop","status":"publish","type":"post","link":"https:\/\/www.vuosiamaailmalla.fi\/blog\/2012\/lynn-loop\/","title":{"rendered":"Lynn Loop"},"content":{"rendered":"<p style=\"text-align: justify;\">Vancouver on ulkoilijan paratiisi niin kes\u00e4ll\u00e4 kuin talvellakin. Nyt kun ollaan taas kes\u00e4n puolella, olemme alkaneet kierrell\u00e4 metropolialueen lukuisia luontopolkuja sek\u00e4 vaellusreittej\u00e4. Eilen sunnuntaina suuntasimme puoliltap\u00e4ivin <a title=\"Kes\u00e4p\u00e4iv\u00e4 North Vancouverissa\" href=\"https:\/\/www.vuosiamaailmalla.fi\/?p=7861\">North Vancouverin<\/a> puolelle Lynn Valleyn laaksoon. T\u00e4m\u00e4 Mount Frommen sek\u00e4 <a title=\"Pilvihattaraa Mount Seymourilla\" href=\"https:\/\/www.vuosiamaailmalla.fi\/?p=7765\">Mount Seymourin<\/a> puristuksissa sijaitseva laakso on meilt\u00e4 noin 20 minuutin ajomatkan p\u00e4\u00e4ss\u00e4 ja se tunnetaan yhten\u00e4 Vancouverin alueen sateisimpana paikkana. Suuren sadem\u00e4\u00e4r\u00e4n ansiosta laakson reunoilla on aikoinaan kasvanut suuria puita, joista on 1900-luvun alun laajojen hakkuiden j\u00e4ljilt\u00e4 n\u00e4ht\u00e4viss\u00e4 l\u00e4hinn\u00e4 en\u00e4\u00e4 valtavia kantoja. Pitk\u00e4lle m\u00e4d\u00e4ntyneet j\u00e4ttikannotkin ovat silti vaikuttavia suomalaiseen talousmets\u00e4\u00e4n tottuneelle.<\/p>\n<p><!--more--><\/p>\n<p style=\"text-align: center;\"><a href=\"\/blog\/wp-content\/uploads\/2012\/varoituskyltti.jpg\" target=\"_blank\" rel=\"noopener\"><img decoding=\"async\" style=\"border: 0px none; margin: 5px;\" src=\"\/blog\/wp-content\/uploads\/2012\/varoituskyltti.jpg\" alt=\"\" \/><\/a><\/p>\n<p style=\"text-align: center;\"><em>Hieman liioittelulta tuntuva varoitus<\/em><\/p>\n<p style=\"text-align: center;\"><a href=\"\/blog\/wp-content\/uploads\/2012\/lynn_loop1.jpg\" target=\"_blank\" rel=\"noopener\"><img decoding=\"async\" style=\"border: 0px none; margin: 5px;\" src=\"\/blog\/wp-content\/uploads\/2012\/thumbs\/thumbs_lynn_loop1.jpg\" alt=\"\" \/><\/a> <a href=\"\/blog\/wp-content\/uploads\/2012\/lynn_loop2.jpg\" target=\"_blank\" rel=\"noopener\"><img decoding=\"async\" style=\"border: 0px none; margin: 5px;\" src=\"\/blog\/wp-content\/uploads\/2012\/thumbs\/thumbs_lynn_loop2.jpg\" alt=\"\" \/><\/a> <a href=\"\/blog\/wp-content\/uploads\/2012\/suuri_kanto.jpg\" target=\"_blank\" rel=\"noopener\"><img decoding=\"async\" style=\"border: 0px none; margin: 5px;\" src=\"\/blog\/wp-content\/uploads\/2012\/thumbs\/thumbs_suuri_kanto.jpg\" alt=\"\" \/><\/a><br \/>\n<em>Mets\u00e4isi\u00e4 maisemia<\/em><\/p>\n<p style=\"text-align: justify;\">Alueella on yhteens\u00e4 kolme luonnonpuistoa, joita pitkin risteilee kymmeni\u00e4 kilometrej\u00e4 eri tasoisia vaellusreittej\u00e4. Me valitsimme iltap\u00e4iv\u00e4n ratoksi suositun reilun viiden kilometrin mittaisen <em>Lynn Loopin<\/em>. Arvioitu kiertoaika kyseiselle reitille on noin kaksi tuntia, mik\u00e4 piti kohdallamme sangen hyvin paikkansa. Reitin voi kulkea kumpaankin suuntaan, mutta me p\u00e4\u00e4timme kiert\u00e4\u00e4 sen my\u00f6t\u00e4p\u00e4iv\u00e4\u00e4n. Reitin alussa k\u00e4vell\u00e4\u00e4n pitkin vuorilta alkunsa saavan kosken viert\u00e4 kulkevaa hyv\u00e4kuntoista mets\u00e4tiet\u00e4. Noin puolentoista kilometrin j\u00e4lkeen tielt\u00e4 k\u00e4\u00e4nnyt\u00e4\u00e4n polulle, joka l\u00e4htee kipuamaan yl\u00f6s jyrkk\u00e4\u00e4 m\u00e4en reunustaa. M\u00e4en harjalla kulkee toinen polku, jota pitkin aloitetaan paluumatka. Yl\u00e4polkua on kaatuneiden puiden vuoksi hieman vaivalloinen k\u00e4vell\u00e4, mutta se laskeutuu lopuksi hyv\u00e4\u00e4 sorapolkua pitkin takaisin aloituspaikalle. Juuri lopussa olevan sangen tasaisen laskun vuoksi reitin kiert\u00e4minen my\u00f6t\u00e4p\u00e4iv\u00e4\u00e4n on polville miellytt\u00e4v\u00e4mp\u00e4\u00e4.<\/p>\n<p style=\"text-align: center;\"><a href=\"\/blog\/wp-content\/uploads\/2012\/lynn_loop4.jpg\" target=\"_blank\" rel=\"noopener\"><img decoding=\"async\" style=\"border: 0px none; margin: 5px;\" src=\"\/blog\/wp-content\/uploads\/2012\/thumbs\/thumbs_lynn_loop4.jpg\" alt=\"\" \/><\/a> <a href=\"\/blog\/wp-content\/uploads\/2012\/lynn_loop3.jpg\" target=\"_blank\" rel=\"noopener\"><img decoding=\"async\" style=\"border: 0px none; margin: 5px;\" src=\"\/blog\/wp-content\/uploads\/2012\/thumbs\/thumbs_lynn_loop3.jpg\" alt=\"\" \/><\/a><\/p>\n<p style=\"text-align: center;\"><em>Koski ja mets\u00e4polku<\/em><\/p>\n<p style=\"text-align: justify;\">Vancouverilaiset ovat aktiivisia ulkolijoita ja polulla riittikin v\u00e4ke\u00e4. Jonossa ei sent\u00e4\u00e4n tarvinnut kulkea, vaan v\u00e4lill\u00e4 saimme olla hetken kaksistemmekin. Trafiikkia piisasin kuitenkin sen verran, ettei tarvinnut pel\u00e4t\u00e4 t\u00f6rm\u00e4\u00e4v\u00e4ns\u00e4 alueella el\u00e4viin musta- tai harmaakarhuihin. Parkkipaikan taulun mukaan viimeisin havainto karhusta oli kuitenkin vain reilun viikon takaa, joten t\u00e4ysin poissuljettua se ei alueella kuitenkaan ole.<\/p>\n<p style=\"text-align: center;\"><a href=\"\/blog\/wp-content\/uploads\/2012\/varoitus_karhuista.jpg\" target=\"_blank\" rel=\"noopener\"><img decoding=\"async\" style=\"border: 0px none; margin: 5px;\" src=\"\/blog\/wp-content\/uploads\/2012\/thumbs\/thumbs_varoitus_karhuista.jpg\" alt=\"\" \/><\/a> <a href=\"\/blog\/wp-content\/uploads\/2012\/karhuhavainto.jpg\" target=\"_blank\" rel=\"noopener\"><img decoding=\"async\" style=\"border: 0px none; margin: 5px;\" src=\"\/blog\/wp-content\/uploads\/2012\/thumbs\/thumbs_karhuhavainto.jpg\" alt=\"\" \/><\/a><\/p>\n<p style=\"text-align: center;\"><em>Varoituksia karhuista<\/em><\/p>\n<p style=\"text-align: justify;\">Kaiken kaikkiaan Lynn Loop oli mukava parituntinen, jonka voi hyvin k\u00e4yd\u00e4 kiert\u00e4m\u00e4ss\u00e4 <a title=\"Iltap\u00e4iv\u00e4 Lynn Loopilla\" href=\"https:\/\/www.vuosiamaailmalla.fi\/?p=2940\">toisenkin kerran<\/a>. Paikalle on helppo ajaa keskustasta ja tarjolla on runsaasti ilmaisia parkkipaikkoja. Koska reitti kulkee koko ajan mets\u00e4ss\u00e4, ei itse Lynn Loopilta aukene maisemia Vancouveriin. Reitin varrella on kuitenkin haarautumia, joiden p\u00e4\u00e4ss\u00e4 pit\u00e4isi olla jonkinlainen maisemapaikka. Emme kuitenkaan itse k\u00e4yneet yhdess\u00e4k\u00e4\u00e4n n\u00e4ist\u00e4 t\u00e4ll\u00e4 kertaa.<\/p>\n","protected":false},"excerpt":{"rendered":"<p>Vancouver on ulkoilijan paratiisi niin kes\u00e4ll\u00e4 kuin talvellakin. Nyt kun ollaan taas kes\u00e4n puolella, olemme alkaneet kierrell\u00e4 metropolialueen lukuisia luontopolkuja sek\u00e4 vaellusreittej\u00e4. Eilen sunnuntaina suuntasimme puoliltap\u00e4ivin North Vancouverin puolelle Lynn Valleyn laaksoon. T\u00e4m\u00e4 Mount Frommen sek\u00e4 Mount Seymourin puristuksissa sijaitseva laakso on meilt\u00e4 noin 20 minuutin ajomatkan p\u00e4\u00e4ss\u00e4 ja se tunnetaan yhten\u00e4 Vancouverin alueen sateisimpana &hellip; <a href=\"https:\/\/www.vuosiamaailmalla.fi\/blog\/2012\/lynn-loop\/\" class=\"more-link\">Jatka lukemista<span class=\"screen-reader-text\"> &#8221;Lynn Loop&#8221;<\/span><\/a><\/p>\n","protected":false},"author":1,"featured_media":11597,"comment_status":"open","ping_status":"open","sticky":false,"template":"","format":"standard","meta":{"_jetpack_memberships_contains_paid_content":false,"footnotes":""},"categories":[17,3,15],"tags":[34,935,177,178,184,938,939],"class_list":["post-150","post","type-post","status-publish","format-standard","has-post-thumbnail","hentry","category-arki-kanadassa","category-arki-ulkomailla","category-vaeltaminen","tag-arki","tag-kanada","tag-lynn-loop","tag-lynn-valley","tag-north-vancouver","tag-vaellus","tag-vancouver"],"jetpack_featured_media_url":"https:\/\/www.vuosiamaailmalla.fi\/blog\/wp-content\/uploads\/suuri_kanto_banner-1.jpg","jetpack_sharing_enabled":true,"_links":{"self":[{"href":"https:\/\/www.vuosiamaailmalla.fi\/blog\/wp-json\/wp\/v2\/posts\/150","targetHints":{"allow":["GET"]}}],"collection":[{"href":"https:\/\/www.vuosiamaailmalla.fi\/blog\/wp-json\/wp\/v2\/posts"}],"about":[{"href":"https:\/\/www.vuosiamaailmalla.fi\/blog\/wp-json\/wp\/v2\/types\/post"}],"author":[{"embeddable":true,"href":"https:\/\/www.vuosiamaailmalla.fi\/blog\/wp-json\/wp\/v2\/users\/1"}],"replies":[{"embeddable":true,"href":"https:\/\/www.vuosiamaailmalla.fi\/blog\/wp-json\/wp\/v2\/comments?post=150"}],"version-history":[{"count":3,"href":"https:\/\/www.vuosiamaailmalla.fi\/blog\/wp-json\/wp\/v2\/posts\/150\/revisions"}],"predecessor-version":[{"id":11598,"href":"https:\/\/www.vuosiamaailmalla.fi\/blog\/wp-json\/wp\/v2\/posts\/150\/revisions\/11598"}],"wp:featuredmedia":[{"embeddable":true,"href":"https:\/\/www.vuosiamaailmalla.fi\/blog\/wp-json\/wp\/v2\/media\/11597"}],"wp:attachment":[{"href":"https:\/\/www.vuosiamaailmalla.fi\/blog\/wp-json\/wp\/v2\/media?parent=150"}],"wp:term":[{"taxonomy":"category","embeddable":true,"href":"https:\/\/www.vuosiamaailmalla.fi\/blog\/wp-json\/wp\/v2\/categories?post=150"},{"taxonomy":"post_tag","embeddable":true,"href":"https:\/\/www.vuosiamaailmalla.fi\/blog\/wp-json\/wp\/v2\/tags?post=150"}],"curies":[{"name":"wp","href":"https:\/\/api.w.org\/{rel}","templated":true}]}}