{"id":1504,"date":"2012-12-01T11:25:06","date_gmt":"2012-12-01T19:25:06","guid":{"rendered":"http:\/\/13.53.127.146\/?p=1504"},"modified":"2021-02-01T19:13:59","modified_gmt":"2021-02-02T03:13:59","slug":"kauden-avaus-cypress-mountainilla","status":"publish","type":"post","link":"https:\/\/www.vuosiamaailmalla.fi\/blog\/2012\/kauden-avaus-cypress-mountainilla\/","title":{"rendered":"Kauden avaus Cypress Mountainilla"},"content":{"rendered":"<p style=\"text-align: justify;\">Kuten moneen kertaan ennustettua, viime viikonlopun kelist\u00e4 n\u00e4ytti tulevan niin hyv\u00e4, ett\u00e4 se olisi loistava tilaisuus k\u00e4yd\u00e4 rinteess\u00e4 ensimm\u00e4ist\u00e4 kertaa t\u00e4n\u00e4 talvena ja aloittaa laskettelukausi. Ensimm\u00e4iset rinteet North Shore Mountainseilla avattiin jo reilu <a title=\"Laskettelukausi alkoi Vancouverissa\" href=\"https:\/\/www.vuosiamaailmalla.fi\/?p=1308\">viikko aiemmin<\/a>, mutta sittemmin s\u00e4\u00e4 on ollut sateinen ja pilvinen, kuten esimerkiksi edellisviikonloppuna <em>Cypress Mountainilla<\/em> <a title=\"Kaksi vuodenaikaa\" href=\"https:\/\/www.vuosiamaailmalla.fi\/?p=1357\">vieraillessamme<\/a>. Kuitenkin viime viikonlopusta tuli kaunis ja aurinkoinen, mik\u00e4 tarjosi tilaisuuden l\u00e4hte\u00e4 suksille.<\/p>\n<p><!--more--><\/p>\n<p style=\"text-align: justify;\">Harkitsimme rinteeseen l\u00e4ht\u00f6\u00e4 jo lauantaina, mutta Cypress Mountainin <a href=\"http:\/\/cypressmountain.com\/\">nettisivujen<\/a> mukaan he eiv\u00e4t olleet ehtineet saada y\u00f6n aikana kaikkia suunnittelemiaan rinteit\u00e4 auki viel\u00e4 lauantaiksi. Niinp\u00e4 p\u00e4\u00e4timmekin k\u00e4ytt\u00e4\u00e4 lauantain ostoksilla, sill\u00e4 suunnitelmissamme on ollut jo vuosia omien laskettelumonojen hankinta. Monojen ainainen vuokraus maksaa maltaita, joten omat monot maksavat ajan kanssa itsens\u00e4 takaisin. Omien monojen kanssa tiet\u00e4\u00e4 my\u00f6s joka kerta, milt\u00e4 ne tuntuvat jalassa. Tai siis tiet\u00e4\u00e4, kunhan on ensiksi onnistunut ostamaan itselleen oikeat monot.<\/p>\n<p style=\"text-align: justify;\">Laskettelumonojen ostaminen on varmasti rasittavinta mit\u00e4 voi kuvitella, sill\u00e4 niiden sopimista jalkaa on vaikea arvioida olematta m\u00e4ess\u00e4. Hankalaksi niiden arvioinnin tekee my\u00f6s se, ett\u00e4 laskettelumonot tuntuvat jalkaan laitettaessa eritt\u00e4in ep\u00e4mukavilta ihan aina, joten sopivuuden arviointi ep\u00e4mukavuuden keskell\u00e4 ei ole ihan helppoa. Onneksemme liikkeess\u00e4 oli myyj\u00e4, joka <a title=\"Black Friday\" href=\"https:\/\/www.vuosiamaailmalla.fi\/?p=1447\">Black Fridayn<\/a> ostoslaumoista huolimatta jaksoi avustaa meit\u00e4 ja ohjeistaa sit\u00e4 milt\u00e4 monojen tulisi tuntua jalassa. N\u00e4iden ohjeiden perusteella saimme tehty\u00e4 ostop\u00e4\u00e4t\u00f6ksemme ja ostimme viel\u00e4 kyp\u00e4r\u00e4tkin itsellemme.<\/p>\n<p style=\"text-align: center;\"><a href=\"\/blog\/wp-content\/uploads\/2012\/uudet_monot.jpg\"><img decoding=\"async\" style=\"border: 0px none; margin: 5px;\" src=\"\/blog\/wp-content\/uploads\/2012\/uudet_monot.jpg\" alt=\"\" \/><\/a><\/p>\n<p style=\"text-align: center;\"><em>Uudet monot<\/em><\/p>\n<p style=\"text-align: justify;\">Sunnuntaiksi Cypress Mountainilla oli saatu auki muutama rinne lis\u00e4\u00e4 ja niinp\u00e4 suuntasimmekin sinne heti aamusta. Paikalla oli valtavasti ihmisi\u00e4, mutta olimme hissijonossa v\u00e4h\u00e4n aamuyhdeks\u00e4n j\u00e4lkeen. Ensimm\u00e4inen nousu oli mahtava tunne raikkaassa aamussa ja ylh\u00e4\u00e4lt\u00e4 aukesivat j\u00e4lleen kauniit maisemat. Ensimm\u00e4isen laskun aikana uusien monojen sopivuutta oli viel\u00e4 vaikea arvioida, mutta puoleenp\u00e4iv\u00e4\u00e4n menness\u00e4 olimme molemmat vaikuuttuneet, ett\u00e4 olimme onnistuneet ostamaan hyvin istuvat monot.<\/p>\n<p style=\"text-align: center;\"><a href=\"\/blog\/wp-content\/uploads\/2012\/maisema_cypressilla1.jpg\"><img decoding=\"async\" style=\"border: 0px none; margin: 5px;\" src=\"\/blog\/wp-content\/uploads\/2012\/thumbs\/thumbs_maisema_cypressilla1.jpg\" alt=\"\" \/><\/a><a href=\"\/blog\/wp-content\/uploads\/2012\/maisema_cypressilla3.jpg\"><img decoding=\"async\" style=\"border: 0px none; margin: 5px;\" src=\"\/blog\/wp-content\/uploads\/2012\/thumbs\/thumbs_maisema_cypressilla3.jpg\" alt=\"\" \/><\/a><a href=\"\/blog\/wp-content\/uploads\/2012\/maisema_cypressilla2.jpg\"><img decoding=\"async\" style=\"border: 0px none; margin: 5px;\" src=\"\/blog\/wp-content\/uploads\/2012\/thumbs\/thumbs_maisema_cypressilla2.jpg\" alt=\"\" \/><\/a><\/p>\n<p style=\"text-align: center;\"><em> Rinnemaisemia<\/em><\/p>\n<p style=\"text-align: justify;\">Koska auki oli vain kaksi hissi\u00e4 ja viisi rinnett\u00e4 (yhteens\u00e4 53:sta), oli varsinkin hisseille ajoittain ruuhkaista. Kausikorttilaiset olivat selke\u00e4sti tulleet joukolla kokeilemaan suksien luistamista pienest\u00e4 rinnetarjonnasta huolimatta, mik\u00e4 aiheutti jonoutumista. Auki olivat vain kolme helppoa rinnett\u00e4 sek\u00e4 kaksi keskitasoista, sill\u00e4 mustille rinteille ei ole viel\u00e4 riitt\u00e4v\u00e4sti lunta. Tarjonnan niukkuudesta huolimatta meill\u00e4 oli hauska p\u00e4iv\u00e4 Cypressill\u00e4, sill\u00e4 avoimet rinteet ovat hauskoja ja niit\u00e4 on hauska viipottaa. Viiden ja puolen tunnin laskettelun j\u00e4lkeen olimmekin v\u00e4syneen tyytyv\u00e4isi\u00e4 p\u00e4iv\u00e4\u00e4mme ja kauden aloitukseen jo marraskuun puolella.<\/p>\n<p style=\"text-align: center;\"><a href=\"\/blog\/wp-content\/uploads\/2012\/maisema_cypressilla4.jpg\"><img decoding=\"async\" style=\"border: 0px none; margin: 5px;\" src=\"\/blog\/wp-content\/uploads\/2012\/thumbs\/thumbs_maisema_cypressilla4.jpg\" alt=\"\" \/><\/a><a href=\"\/blog\/wp-content\/uploads\/2012\/vuoden_ensimmaisessa_rinteessa.jpg\"><img decoding=\"async\" style=\"border: 0px none; margin: 5px;\" src=\"\/blog\/wp-content\/uploads\/2012\/thumbs\/thumbs_vuoden_ensimmaisessa_rinteessa.jpg\" alt=\"\" \/><\/a><\/p>\n<p style=\"text-align: center;\"><em>Vuoden ensimm\u00e4iset rinteet<\/em><\/p>\n<p style=\"text-align: justify;\"><a href=\"https:\/\/www.vuosiamaailmalla.fi\/?p=7591\">Seuraavasta laskettelukerrasta Cypressill\u00e4<\/a> ei osaa viel\u00e4 sanoa, mutta kauniin viikonlopun sattuessa voi olla, ett\u00e4 suuntaamme jollekin l\u00e4hirinteist\u00e4. Joululoma kuitenkin puskee p\u00e4\u00e4lle, joten viimeist\u00e4\u00e4n uudenvuoden j\u00e4lkeen on m\u00e4keen p\u00e4\u00e4st\u00e4 uudestaan ja tuolloin auki onkin sitten jo kaikki keskuksen sek\u00e4 rinteet.<\/p>\n","protected":false},"excerpt":{"rendered":"<p>Kuten moneen kertaan ennustettua, viime viikonlopun kelist\u00e4 n\u00e4ytti tulevan niin hyv\u00e4, ett\u00e4 se olisi loistava tilaisuus k\u00e4yd\u00e4 rinteess\u00e4 ensimm\u00e4ist\u00e4 kertaa t\u00e4n\u00e4 talvena ja aloittaa laskettelukausi. Ensimm\u00e4iset rinteet North Shore Mountainseilla avattiin jo reilu viikko aiemmin, mutta sittemmin s\u00e4\u00e4 on ollut sateinen ja pilvinen, kuten esimerkiksi edellisviikonloppuna Cypress Mountainilla vieraillessamme. Kuitenkin viime viikonlopusta tuli kaunis ja &hellip; <a href=\"https:\/\/www.vuosiamaailmalla.fi\/blog\/2012\/kauden-avaus-cypress-mountainilla\/\" class=\"more-link\">Jatka lukemista<span class=\"screen-reader-text\"> &#8221;Kauden avaus Cypress Mountainilla&#8221;<\/span><\/a><\/p>\n","protected":false},"author":1,"featured_media":11491,"comment_status":"open","ping_status":"open","sticky":false,"template":"","format":"standard","meta":{"_jetpack_memberships_contains_paid_content":false,"footnotes":""},"categories":[17,3,778,774],"tags":[34,933,935,173,939,943],"class_list":["post-1504","post","type-post","status-publish","format-standard","has-post-thumbnail","hentry","category-arki-kanadassa","category-arki-ulkomailla","category-laskettelu-ulkoilu","category-ulkoilu","tag-arki","tag-cypress-mountain","tag-kanada","tag-laskettelu","tag-vancouver","tag-west-vancouver"],"jetpack_featured_media_url":"https:\/\/www.vuosiamaailmalla.fi\/blog\/wp-content\/uploads\/maisema_cypressilla_banner-1.jpg","jetpack_sharing_enabled":true,"_links":{"self":[{"href":"https:\/\/www.vuosiamaailmalla.fi\/blog\/wp-json\/wp\/v2\/posts\/1504","targetHints":{"allow":["GET"]}}],"collection":[{"href":"https:\/\/www.vuosiamaailmalla.fi\/blog\/wp-json\/wp\/v2\/posts"}],"about":[{"href":"https:\/\/www.vuosiamaailmalla.fi\/blog\/wp-json\/wp\/v2\/types\/post"}],"author":[{"embeddable":true,"href":"https:\/\/www.vuosiamaailmalla.fi\/blog\/wp-json\/wp\/v2\/users\/1"}],"replies":[{"embeddable":true,"href":"https:\/\/www.vuosiamaailmalla.fi\/blog\/wp-json\/wp\/v2\/comments?post=1504"}],"version-history":[{"count":2,"href":"https:\/\/www.vuosiamaailmalla.fi\/blog\/wp-json\/wp\/v2\/posts\/1504\/revisions"}],"predecessor-version":[{"id":11493,"href":"https:\/\/www.vuosiamaailmalla.fi\/blog\/wp-json\/wp\/v2\/posts\/1504\/revisions\/11493"}],"wp:featuredmedia":[{"embeddable":true,"href":"https:\/\/www.vuosiamaailmalla.fi\/blog\/wp-json\/wp\/v2\/media\/11491"}],"wp:attachment":[{"href":"https:\/\/www.vuosiamaailmalla.fi\/blog\/wp-json\/wp\/v2\/media?parent=1504"}],"wp:term":[{"taxonomy":"category","embeddable":true,"href":"https:\/\/www.vuosiamaailmalla.fi\/blog\/wp-json\/wp\/v2\/categories?post=1504"},{"taxonomy":"post_tag","embeddable":true,"href":"https:\/\/www.vuosiamaailmalla.fi\/blog\/wp-json\/wp\/v2\/tags?post=1504"}],"curies":[{"name":"wp","href":"https:\/\/api.w.org\/{rel}","templated":true}]}}