{"id":1513,"date":"2012-12-05T14:00:32","date_gmt":"2012-12-05T22:00:32","guid":{"rendered":"http:\/\/13.53.127.146\/?p=1513"},"modified":"2021-02-01T19:16:08","modified_gmt":"2021-02-02T03:16:08","slug":"santa-claus-parade","status":"publish","type":"post","link":"https:\/\/www.vuosiamaailmalla.fi\/blog\/2012\/santa-claus-parade\/","title":{"rendered":"Santa Claus Parade"},"content":{"rendered":"<p style=\"text-align: justify;\">Pohjoisamerikkalaiset rakastavat paraateja ja varsinkin <a title=\"Thanksgiving Day\" href=\"https:\/\/www.vuosiamaailmalla.fi\/?p=813\">kiitosp\u00e4iv\u00e4n<\/a> sek\u00e4 <a title=\"St. Patrick\u2019s Day\" href=\"https:\/\/www.vuosiamaailmalla.fi\/?p=190\">Pyh\u00e4n Patrickin p\u00e4iv\u00e4n<\/a> aikoihin kaikissa suuremmissa kaupungeissa j\u00e4rjestett\u00e4v\u00e4t paraatit ovat suosittuja niin Kanadassa kuin Yhdysvalloissakin. Kolmas suosittu tapahtuma ovat jouluparaatit, joita j\u00e4rjestet\u00e4\u00e4n pitkin Kanadaa yleens\u00e4 joulukuun alussa. Meill\u00e4 t\u00e4\u00e4ll\u00e4 Vancouverissa j\u00e4rjestettiin j\u00e4rjestyksess\u00e4\u00e4n yhdeks\u00e4s <em>Santa Claus Parade<\/em> menneen\u00e4 sunnuntaina.<\/p>\n<p><!--more--><\/p>\n<p style=\"text-align: center;\"><a href=\"\/blog\/wp-content\/uploads\/2012\/paraatin_alkupaata.jpg\"><img decoding=\"async\" style=\"border: 0px none; margin: 5px;\" src=\"\/blog\/wp-content\/uploads\/2012\/paraatin_alkupaata.jpg\" alt=\"\" \/><\/a><\/p>\n<p style=\"text-align: center;\"><em>Paraatin alkup\u00e4\u00e4<\/em><\/p>\n<p style=\"text-align: center;\"><a href=\"\/blog\/wp-content\/uploads\/2012\/olympia-atleetit.jpg\"><img decoding=\"async\" style=\"border: 0px none; margin: 5px;\" src=\"\/blog\/wp-content\/uploads\/2012\/olympia-atleetit.jpg\" alt=\"\" \/><\/a><\/p>\n<p style=\"text-align: center;\"><em>Kanadan olympia-atleetteja<\/em><\/p>\n<p style=\"text-align: center;\"><a href=\"\/blog\/wp-content\/uploads\/2012\/miniambulanssi.jpg\"><img decoding=\"async\" style=\"border: 0px none; margin: 5px;\" src=\"\/blog\/wp-content\/uploads\/2012\/thumbs\/thumbs_miniambulanssi.jpg\" alt=\"\" \/><\/a><a href=\"\/blog\/wp-content\/uploads\/2012\/palokunnan_paraatilaisia.jpg\"><img decoding=\"async\" style=\"border: 0px none; margin: 5px;\" src=\"\/blog\/wp-content\/uploads\/2012\/thumbs\/thumbs_palokunnan_paraatilaisia.jpg\" alt=\"\" \/><\/a><a href=\"\/blog\/wp-content\/uploads\/2012\/jouluinen_panssariauto.jpg\"><img decoding=\"async\" style=\"border: 0px none; margin: 5px;\" src=\"\/blog\/wp-content\/uploads\/2012\/thumbs\/thumbs_jouluinen_panssariauto.jpg\" alt=\"\" \/><\/a><\/p>\n<p style=\"text-align: center;\"><em>V\u00e4hemm\u00e4n jouluisia ajoneuvoja<\/em><\/p>\n<p style=\"text-align: justify;\">Koska paraatin reitti kulkee melkein asuinrakennuksemme ohitse, suuntasimme mekin sunnuntai-iltap\u00e4iv\u00e4ll\u00e4 ulos katsomaan menoa. Reitin varrelle oli ker\u00e4\u00e4ntynyt runsaasti kaiken ik\u00e4isi\u00e4 ihmisi\u00e4, mutta arvattavasti juuri lapsiperheit\u00e4 oli paikalla eniten. Yhteens\u00e4 1,8 kilometrin mittaisen <a title=\"Joulupukin paraati\" href=\"http:\/\/www.vuosiamaailmalla.fi\/blog\/2013\/joulupukin-paraati\/\">paraatireitin varrelle<\/a> odotettiin lehtitietojen mukaan noin 300 000 ihmist\u00e4, mik\u00e4 omin silmin arvioituna todenn\u00e4k\u00f6isesti toteutuikin.<\/p>\n<p style=\"text-align: center;\"><a href=\"\/blog\/wp-content\/uploads\/2012\/jouluhiiri.jpg\"><img decoding=\"async\" style=\"border: 0px none; margin: 5px;\" src=\"\/blog\/wp-content\/uploads\/2012\/thumbs\/thumbs_jouluhiiri.jpg\" alt=\"\" \/><\/a><a href=\"\/blog\/wp-content\/uploads\/2012\/jouluporo.jpg\"><img decoding=\"async\" style=\"border: 0px none; margin: 5px;\" src=\"\/blog\/wp-content\/uploads\/2012\/thumbs\/thumbs_jouluporo.jpg\" alt=\"\" \/><\/a><a href=\"\/blog\/wp-content\/uploads\/2012\/canucks_hai.jpg\"><img decoding=\"async\" style=\"border: 0px none; margin: 5px;\" src=\"\/blog\/wp-content\/uploads\/2012\/thumbs\/thumbs_canucks_hai.jpg\" alt=\"\" \/><\/a><\/p>\n<p style=\"text-align: center;\"><em>Paraatin satuhahmoja<\/em><\/p>\n<p style=\"text-align: center;\"><a href=\"\/blog\/wp-content\/uploads\/2012\/joulutanssijoita2.jpg\"><img decoding=\"async\" style=\"border: 0px none; margin: 5px;\" src=\"\/blog\/wp-content\/uploads\/2012\/thumbs\/thumbs_joulutanssijoita2.jpg\" alt=\"\" \/><\/a><a href=\"\/blog\/wp-content\/uploads\/2012\/joulutanssijoita3.jpg\"><img decoding=\"async\" style=\"border: 0px none; margin: 5px;\" src=\"\/blog\/wp-content\/uploads\/2012\/thumbs\/thumbs_joulutanssijoita3.jpg\" alt=\"\" \/><\/a><a href=\"\/blog\/wp-content\/uploads\/2012\/joulutonttuja.jpg\"><img decoding=\"async\" style=\"border: 0px none; margin: 5px;\" src=\"\/blog\/wp-content\/uploads\/2012\/thumbs\/thumbs_joulutonttuja.jpg\" alt=\"\" \/><\/a><\/p>\n<p style=\"text-align: center;\"><em>Paraatin tanssiryhmi\u00e4<\/em><\/p>\n<p style=\"text-align: center;\"><a href=\"\/blog\/wp-content\/uploads\/2012\/marssiorkesteri.jpg\"><img decoding=\"async\" style=\"border: 0px none; margin: 5px;\" src=\"\/blog\/wp-content\/uploads\/2012\/thumbs\/thumbs_marssiorkesteri.jpg\" alt=\"\" \/><\/a><a href=\"\/blog\/wp-content\/uploads\/2012\/joulutanssijoita1.jpg\"><img decoding=\"async\" style=\"border: 0px none; margin: 5px;\" src=\"\/blog\/wp-content\/uploads\/2012\/thumbs\/thumbs_joulutanssijoita1.jpg\" alt=\"\" \/><\/a><\/p>\n<p style=\"text-align: center;\"><em>Musiikkitarjontaa<\/em><\/p>\n<p style=\"text-align: justify;\">Paraati saavutti kohtamme noin vartti alkamisensa j\u00e4lkeen ja sit\u00e4 riitti puolentoista tunnin ajan. Joukossa oli mit\u00e4 moninaisempia ajoneuvoja, erilaisia tanssiryhmi\u00e4, koulujen marssiorkestereja sek\u00e4 kymmeni\u00e4 suklaan ja ilmaisen kr\u00e4\u00e4s\u00e4n jakajia. N\u00e4m\u00e4 olivat monelle kuitenkin vain tunnelman nostatusta ennen varsinaisen p\u00e4\u00e4vieraan eli joulupukin saapumista paraatin lopussa. Joulupukki oli matkassa kahden pienen tontun ja kahdeksan poron kanssa ja iloisesti toivotti v\u00e4kijoukolle hyv\u00e4\u00e4 ja rauhallista joulua.<\/p>\n<p style=\"text-align: center;\"><a href=\"\/blog\/wp-content\/uploads\/2012\/joulupukki3.jpg\"><img decoding=\"async\" style=\"border: 0px none; margin: 5px;\" src=\"\/blog\/wp-content\/uploads\/2012\/thumbs\/thumbs_joulupukki3.jpg\" alt=\"\" \/><\/a><a href=\"\/blog\/wp-content\/uploads\/2012\/joulupukki1.jpg\"><img decoding=\"async\" style=\"border: 0px none; margin: 5px;\" src=\"\/blog\/wp-content\/uploads\/2012\/thumbs\/thumbs_joulupukki1.jpg\" alt=\"\" \/><\/a><a href=\"\/blog\/wp-content\/uploads\/2012\/joulupukki2.jpg\"><img decoding=\"async\" style=\"border: 0px none; margin: 5px;\" src=\"\/blog\/wp-content\/uploads\/2012\/thumbs\/thumbs_joulupukki2.jpg\" alt=\"\" \/><\/a><\/p>\n<p style=\"text-align: center;\"><em>Paraatin odotetuin henkil\u00f6<\/em><\/p>\n<p style=\"text-align: justify;\">Ilmaistapahtuma oli meist\u00e4 oikein hauska ohjelmanumero sunnuntaille ja oli mukavaa ettei iltap\u00e4iv\u00e4n aikana sattunut satamaan. Paraati olisi kyll\u00e4 j\u00e4rjestetty sateesta huolimattakin ja moni olikin valmistautunut ep\u00e4vakaaseen keliin. Yleis\u00f6n onneksi sadetta ei kuitenkaan saatu, mik\u00e4 teki tapahtumasta oikein hauskan ja onnistuneen.<\/p>\n<p style=\"text-align: center;\"><a href=\"\/blog\/wp-content\/uploads\/2012\/ponivaunut.jpg\"><img decoding=\"async\" style=\"border: 0px none; margin: 5px;\" src=\"\/blog\/wp-content\/uploads\/2012\/thumbs\/thumbs_ponivaunut.jpg\" alt=\"\" \/><\/a><a href=\"\/blog\/wp-content\/uploads\/2012\/piparkakkumies_ja_lumiukko.jpg\"><img decoding=\"async\" style=\"border: 0px none; margin: 5px;\" src=\"\/blog\/wp-content\/uploads\/2012\/thumbs\/thumbs_piparkakkumies_ja_lumiukko.jpg\" alt=\"\" \/><\/a><a href=\"\/blog\/wp-content\/uploads\/2012\/grinch.jpg\"><img decoding=\"async\" style=\"border: 0px none; margin: 5px;\" src=\"\/blog\/wp-content\/uploads\/2012\/thumbs\/thumbs_grinch.jpg\" alt=\"\" \/><\/a><\/p>\n<p style=\"text-align: center;\"><em>Lis\u00e4\u00e4 paraatin hahmoja<\/em><\/p>\n","protected":false},"excerpt":{"rendered":"<p>Pohjoisamerikkalaiset rakastavat paraateja ja varsinkin kiitosp\u00e4iv\u00e4n sek\u00e4 Pyh\u00e4n Patrickin p\u00e4iv\u00e4n aikoihin kaikissa suuremmissa kaupungeissa j\u00e4rjestett\u00e4v\u00e4t paraatit ovat suosittuja niin Kanadassa kuin Yhdysvalloissakin. Kolmas suosittu tapahtuma ovat jouluparaatit, joita j\u00e4rjestet\u00e4\u00e4n pitkin Kanadaa yleens\u00e4 joulukuun alussa. Meill\u00e4 t\u00e4\u00e4ll\u00e4 Vancouverissa j\u00e4rjestettiin j\u00e4rjestyksess\u00e4\u00e4n yhdeks\u00e4s Santa Claus Parade menneen\u00e4 sunnuntaina.<\/p>\n","protected":false},"author":1,"featured_media":11494,"comment_status":"open","ping_status":"open","sticky":false,"template":"","format":"standard","meta":{"_jetpack_memberships_contains_paid_content":false,"footnotes":""},"categories":[17,3],"tags":[25,32,34,264,155,446,661,939,940],"class_list":["post-1513","post","type-post","status-publish","format-standard","has-post-thumbnail","hentry","category-arki-kanadassa","category-arki-ulkomailla","tag-ajankohtaista","tag-amerikkalainen-juttu","tag-arki","tag-joulu","tag-kanadalainen-juttu","tag-paraati","tag-santa-claus-parade","tag-vancouver","tag-vancouver-downtown"],"jetpack_featured_media_url":"https:\/\/www.vuosiamaailmalla.fi\/blog\/wp-content\/uploads\/joulupukki_paraatissa_banner.jpg","jetpack_sharing_enabled":true,"_links":{"self":[{"href":"https:\/\/www.vuosiamaailmalla.fi\/blog\/wp-json\/wp\/v2\/posts\/1513","targetHints":{"allow":["GET"]}}],"collection":[{"href":"https:\/\/www.vuosiamaailmalla.fi\/blog\/wp-json\/wp\/v2\/posts"}],"about":[{"href":"https:\/\/www.vuosiamaailmalla.fi\/blog\/wp-json\/wp\/v2\/types\/post"}],"author":[{"embeddable":true,"href":"https:\/\/www.vuosiamaailmalla.fi\/blog\/wp-json\/wp\/v2\/users\/1"}],"replies":[{"embeddable":true,"href":"https:\/\/www.vuosiamaailmalla.fi\/blog\/wp-json\/wp\/v2\/comments?post=1513"}],"version-history":[{"count":2,"href":"https:\/\/www.vuosiamaailmalla.fi\/blog\/wp-json\/wp\/v2\/posts\/1513\/revisions"}],"predecessor-version":[{"id":11496,"href":"https:\/\/www.vuosiamaailmalla.fi\/blog\/wp-json\/wp\/v2\/posts\/1513\/revisions\/11496"}],"wp:featuredmedia":[{"embeddable":true,"href":"https:\/\/www.vuosiamaailmalla.fi\/blog\/wp-json\/wp\/v2\/media\/11494"}],"wp:attachment":[{"href":"https:\/\/www.vuosiamaailmalla.fi\/blog\/wp-json\/wp\/v2\/media?parent=1513"}],"wp:term":[{"taxonomy":"category","embeddable":true,"href":"https:\/\/www.vuosiamaailmalla.fi\/blog\/wp-json\/wp\/v2\/categories?post=1513"},{"taxonomy":"post_tag","embeddable":true,"href":"https:\/\/www.vuosiamaailmalla.fi\/blog\/wp-json\/wp\/v2\/tags?post=1513"}],"curies":[{"name":"wp","href":"https:\/\/api.w.org\/{rel}","templated":true}]}}