{"id":1525,"date":"2012-12-06T12:00:29","date_gmt":"2012-12-06T20:00:29","guid":{"rendered":"http:\/\/13.53.127.146\/?p=1525"},"modified":"2023-08-12T21:37:46","modified_gmt":"2023-08-13T04:37:46","slug":"35-miljoonaa-kanadalaista","status":"publish","type":"post","link":"https:\/\/www.vuosiamaailmalla.fi\/blog\/2012\/35-miljoonaa-kanadalaista\/","title":{"rendered":"34 miljoonaa kanadalaista"},"content":{"rendered":"<p style=\"text-align: justify;\">Kanada on <a title=\"Kasvava Kanada\" href=\"https:\/\/www.vuosiamaailmalla.fi\/blog\/2012\/kasvava-kanada\/\">kasvava maa<\/a>, jonka v\u00e4kiluku lis\u00e4\u00e4ntyy niin syntyvyydest\u00e4 kuin <a title=\"Kanada lis\u00e4\u00e4 maahanmuuttoa\" href=\"https:\/\/www.vuosiamaailmalla.fi\/blog\/2016\/kanada-lisaa-maahanmuuttoa\/\">runsaasta maahanmuutostakin<\/a>. Maassa suoritetaan <a title=\"Kanada laski v\u00e4est\u00f6ns\u00e4\" href=\"https:\/\/www.vuosiamaailmalla.fi\/blog\/2017\/kanada-laski-vaestonsa\/\">virallinen v\u00e4est\u00f6nlaskenta<\/a> joka viides vuosi ja edellinen laskenta valmistui vuonna 2011. Laskennan tulosten perusteella Kanadan tilastokeskus <em>Statistics Canada<\/em> tarkentaa arviotaan maan tulevasta kehityksest\u00e4 ja keskuksen nettisivuilta l\u00f6ytyy <a title=\"\" href=\"https:\/\/www150.statcan.gc.ca\/n1\/pub\/71-607-x\/71-607-x2018005-eng.htm\">reaaliaikainen v\u00e4est\u00f6kello<\/a>, joka arvioi kanadalaisten senhetkist\u00e4 lukum\u00e4\u00e4r\u00e4\u00e4, mik\u00e4 ylitti keskiviikkona py\u00f6re\u00e4n <strong>34 miljoonan<\/strong> kanadalaisen rajan.<\/p>\n<p><!--more--><\/p>\n<p style=\"text-align: justify;\"><em>Aiheeseen liittyen lue my\u00f6s: <a title=\"Kanadan v\u00e4est\u00f6r\u00e4j\u00e4hdys\" href=\"https:\/\/www.vuosiamaailmalla.fi\/blog\/2023\/kanadan-vaestorajahdys\/\"><strong>Kanadan v\u00e4est\u00f6r\u00e4j\u00e4hdys<\/strong><\/a>.<\/em><\/p>\n<p style=\"text-align: justify;\">Tasaluvun ylityst\u00e4 ja sen tarkkaa ajankohtaa ei pystyt\u00e4 varmistamaan mitenk\u00e4\u00e4n ja kyse onkin puhtaasti tilastollisesta arvioinnista. Arvioiden mukaan kanadalaisten m\u00e4\u00e4r\u00e4 kasvaa yhdell\u00e4 uudella asukkaalla joka minuutti ja 28 sekuntia, mik\u00e4 tarkoittaa vuodessa 361 317 henkil\u00f6n lis\u00e4yst\u00e4 Kanadan v\u00e4kilukuun. Kanadassa syntyy vuosittain arviolta 391 121 lasta, mink\u00e4 lis\u00e4ksi maahan muuttaa vuosittain noin 262 332 ulkomaiden kansalaista. Vuosittaista kuolleiden m\u00e4\u00e4r\u00e4\u00e4 sivusto ei mainitse, mutta kaikkien kolmen yhteenlasku tuottaa mainitun lopputuloksen 361 317 <a title=\"Uunituoreet Kanadan kansalaiset\" href=\"https:\/\/www.vuosiamaailmalla.fi\/blog\/2019\/uunituoreet-kanadan-kansalaiset\/\">uudesta kanadalaisesta<\/a> joka ainut vuosi.<\/p>\n<p style=\"text-align: justify;\">Se on merkitt\u00e4v\u00e4 kasvulukema ja tarpeen Kanadalle, jonka v\u00e4est\u00f6 ik\u00e4\u00e4ntyy vauhdilla. Maahanmuuttajilla onkin suuri merkitys maalle, jonka <a title=\"Tulikuumana hohkaava talous\" href=\"https:\/\/www.vuosiamaailmalla.fi\/blog\/2016\/tulikuumana-hohkaava-talous\/\">kasvava talous<\/a> tarvitse jatkuvasti uutta ty\u00f6voimaa. Lehdiss\u00e4 onkin ollut viime aikoina paljon juttua maahanmuuttajuuden ja <a title=\"Kanadan pysyv\u00e4t asukkaat\" href=\"https:\/\/www.vuosiamaailmalla.fi\/blog\/2013\/kanadan-pysyvat-asukkaat\/\">pysyv\u00e4n asumisluvan<\/a> saamisen helpottamisesta, jotta maa pystyisi s\u00e4ilytt\u00e4m\u00e4\u00e4n maineensa <a title=\"Maailman paras asuinkaupunki\" href=\"https:\/\/www.vuosiamaailmalla.fi\/blog\/2014\/maailman-paras-asuinkaupunki\/\">haluttuna muuttokohteena<\/a> erityisesti koulutettujen maahanmuuttajien silmiss\u00e4. Mit\u00e4 k\u00e4yt\u00e4nn\u00f6n toimia ja muutoksia t\u00e4m\u00e4 sitten tarkoittaa, on viel\u00e4 avoinna, mutta ainakin hallituksen tahtotila asian suhteen on hyvin selke\u00e4 ja niinp\u00e4 Kanadan v\u00e4kiluku jatkaneekin <a title=\"Voimakkaasti kasvava v\u00e4est\u00f6\" href=\"https:\/\/www.vuosiamaailmalla.fi\/blog\/2022\/voimakkaasti-kasvava-vaesto\/\">vahvaa kasvuaan<\/a> my\u00f6s <a title=\"Kanadan v\u00e4est\u00f6r\u00e4j\u00e4hdys\" href=\"https:\/\/www.vuosiamaailmalla.fi\/blog\/2023\/kanadan-vaestorajahdys\/\">tulevaisuudessa<\/a>.<\/p>\n","protected":false},"excerpt":{"rendered":"<p>Kanada on kasvava maa, jonka v\u00e4kiluku lis\u00e4\u00e4ntyy niin syntyvyydest\u00e4 kuin runsaasta maahanmuutostakin. Maassa suoritetaan virallinen v\u00e4est\u00f6nlaskenta joka viides vuosi ja edellinen laskenta valmistui vuonna 2011. Laskennan tulosten perusteella Kanadan tilastokeskus Statistics Canada tarkentaa arviotaan maan tulevasta kehityksest\u00e4 ja keskuksen nettisivuilta l\u00f6ytyy reaaliaikainen v\u00e4est\u00f6kello, joka arvioi kanadalaisten senhetkist\u00e4 lukum\u00e4\u00e4r\u00e4\u00e4, mik\u00e4 ylitti keskiviikkona py\u00f6re\u00e4n 34 miljoonan kanadalaisen &hellip; <a href=\"https:\/\/www.vuosiamaailmalla.fi\/blog\/2012\/35-miljoonaa-kanadalaista\/\" class=\"more-link\">Jatka lukemista<span class=\"screen-reader-text\"> &#8221;34 miljoonaa kanadalaista&#8221;<\/span><\/a><\/p>\n","protected":false},"author":1,"featured_media":9032,"comment_status":"open","ping_status":"open","sticky":false,"template":"","format":"standard","meta":{"_jetpack_memberships_contains_paid_content":false,"footnotes":""},"categories":[17,3,4],"tags":[25,935,1249],"class_list":["post-1525","post","type-post","status-publish","format-standard","has-post-thumbnail","hentry","category-arki-kanadassa","category-arki-ulkomailla","category-asuminen-kanadassa","tag-ajankohtaista","tag-kanada","tag-vaesto"],"jetpack_featured_media_url":"https:\/\/www.vuosiamaailmalla.fi\/blog\/wp-content\/uploads\/kanadalainen_vakijoukko_banner.jpg","jetpack_sharing_enabled":true,"_links":{"self":[{"href":"https:\/\/www.vuosiamaailmalla.fi\/blog\/wp-json\/wp\/v2\/posts\/1525","targetHints":{"allow":["GET"]}}],"collection":[{"href":"https:\/\/www.vuosiamaailmalla.fi\/blog\/wp-json\/wp\/v2\/posts"}],"about":[{"href":"https:\/\/www.vuosiamaailmalla.fi\/blog\/wp-json\/wp\/v2\/types\/post"}],"author":[{"embeddable":true,"href":"https:\/\/www.vuosiamaailmalla.fi\/blog\/wp-json\/wp\/v2\/users\/1"}],"replies":[{"embeddable":true,"href":"https:\/\/www.vuosiamaailmalla.fi\/blog\/wp-json\/wp\/v2\/comments?post=1525"}],"version-history":[{"count":4,"href":"https:\/\/www.vuosiamaailmalla.fi\/blog\/wp-json\/wp\/v2\/posts\/1525\/revisions"}],"predecessor-version":[{"id":13227,"href":"https:\/\/www.vuosiamaailmalla.fi\/blog\/wp-json\/wp\/v2\/posts\/1525\/revisions\/13227"}],"wp:featuredmedia":[{"embeddable":true,"href":"https:\/\/www.vuosiamaailmalla.fi\/blog\/wp-json\/wp\/v2\/media\/9032"}],"wp:attachment":[{"href":"https:\/\/www.vuosiamaailmalla.fi\/blog\/wp-json\/wp\/v2\/media?parent=1525"}],"wp:term":[{"taxonomy":"category","embeddable":true,"href":"https:\/\/www.vuosiamaailmalla.fi\/blog\/wp-json\/wp\/v2\/categories?post=1525"},{"taxonomy":"post_tag","embeddable":true,"href":"https:\/\/www.vuosiamaailmalla.fi\/blog\/wp-json\/wp\/v2\/tags?post=1525"}],"curies":[{"name":"wp","href":"https:\/\/api.w.org\/{rel}","templated":true}]}}