{"id":1545,"date":"2012-12-19T05:45:33","date_gmt":"2012-12-19T13:45:33","guid":{"rendered":"http:\/\/13.53.127.146\/?p=1545"},"modified":"2020-03-02T18:51:31","modified_gmt":"2020-03-03T02:51:31","slug":"joululomalla","status":"publish","type":"post","link":"https:\/\/www.vuosiamaailmalla.fi\/blog\/2012\/joululomalla\/","title":{"rendered":"Joululomalla"},"content":{"rendered":"<p style=\"text-align: justify;\">Blogissa on pit\u00e4nyt hiljaista viime aikoina, sill\u00e4 olen paraikaa Suomessa pitk\u00e4ll\u00e4 joululomalla. Lensin Vancouverista 10. joulukuuta Lontoon kautta <a title=\"Turistina Helsingiss\u00e4\" href=\"https:\/\/www.vuosiamaailmalla.fi\/?p=10528\">Helsinkiin<\/a> ja olen t\u00e4\u00e4ll\u00e4 vanhempieni luona aina 31. joulukuuta saakka. Niina ei p\u00e4\u00e4ssyt l\u00e4htem\u00e4\u00e4n kanssani samaan aikaan, vaan h\u00e4n l\u00e4htee matkaan vasta t\u00e4n\u00e4\u00e4n keskiviikkona ja saapuu perille It\u00e4-Suomeen perjantaina. N\u00e4en h\u00e4nt\u00e4 siell\u00e4 tapaninp\u00e4iv\u00e4n\u00e4.<\/p>\n<p><!--more--><\/p>\n<p style=\"text-align: justify;\">Mennyt viikko on ollut t\u00e4\u00e4ll\u00e4 Etel\u00e4-Suomessa hyvin lumirikas ja t\u00e4ytyy sanoa, ett\u00e4 alkaisi tuon kanssa jo riitt\u00e4m\u00e4\u00e4nkin. Aluksi oli ihan hauska kolata kevytt\u00e4 pakkaslunta kotipihalta, mutta nyt kun kolaan saa tarttua joka p\u00e4iv\u00e4 ja toisinaan viel\u00e4 monta kertaa p\u00e4iv\u00e4ss\u00e4, on hommasta mennyt se v\u00e4h\u00e4inenkin hupi. On silti my\u00f6nnett\u00e4v\u00e4, ett\u00e4 on mukavaa kun joulusta vaikuttaisi tulevan suurella varmuudella valkoinen t\u00e4\u00e4ll\u00e4 etel\u00e4ss\u00e4kin.<\/p>\n<p style=\"text-align: justify;\">Tiistaina saatiin aamulla my\u00f6s Vancouverin kaupungin alueella vuoden ensilumet, tosin Downtown pysyi kuullemani perusteella ainoana alueena sulana koko p\u00e4iv\u00e4n. Kuitenkin esimerkiksi Burnabyss\u00e4 ja muualla Downtownin ulkopuolella lunta saatiin muutamasta sentist\u00e4 aina kymmeniin senttimetreihin saakka. Lumi tuli viel\u00e4p\u00e4 t\u00e4ysin yll\u00e4tt\u00e4en, sill\u00e4 edes Kanadan ilmatieteenlaitoksella ei ollut aavistustakaan, ett\u00e4 lunta ylip\u00e4\u00e4t\u00e4ns\u00e4 tulisi tuona aamuna. Niinp\u00e4 valmistautumattomina <a title=\"Lumikaaos yll\u00e4tti Vancouverin\" href=\"https:\/\/www.vuosiamaailmalla.fi\/?p=8635\">lumiseen aamuun<\/a> her\u00e4nneill\u00e4 ihmisill\u00e4 olikin suuria vaikeuksia p\u00e4\u00e4st\u00e4 t\u00f6ihin, kun kuorma-autoja juuttui m\u00e4kiin ja henkil\u00f6autot liukastelivat lukuisilla teill\u00e4. Meill\u00e4 nyt on autossa onneksi <a title=\"Talvirenkaat British Columbiassa\" href=\"https:\/\/www.vuosiamaailmalla.fi\/?p=181\">talvirenkaat<\/a>, eik\u00e4 meill\u00e4 nyt ollut edes mink\u00e4\u00e4nlaista tarvetta l\u00e4hte\u00e4 autolla mihink\u00e4\u00e4n, mutta voin silti kuvitella miten kurja liikenteess\u00e4 on ollut tiistaina liukastella.<\/p>\n<p style=\"text-align: justify;\">Vaikka tuumasinkin etuk\u00e4teen kirjoittavani joululomalla monenlaista t\u00e4nne blogin puolelle, n\u00e4ytt\u00e4\u00e4 kuitenkin silt\u00e4, ettei sit\u00e4 lomallaan jaksa istuskella tietokoneen \u00e4\u00e4rell\u00e4. Niinp\u00e4 blogissani pit\u00e4\u00e4 varmaan hiljaista seuraavatkin pari viikkoa. Tai ei sit\u00e4 koskaan tied\u00e4, josko totaalinen tylsyys iskee jossain vaiheessa t\u00e4\u00e4ll\u00e4 hankien ja nietosten keskell\u00e4 oleskellessa&#8230; \ud83d\ude09<\/p>\n","protected":false},"excerpt":{"rendered":"<p>Blogissa on pit\u00e4nyt hiljaista viime aikoina, sill\u00e4 olen paraikaa Suomessa pitk\u00e4ll\u00e4 joululomalla. Lensin Vancouverista 10. joulukuuta Lontoon kautta Helsinkiin ja olen t\u00e4\u00e4ll\u00e4 vanhempieni luona aina 31. joulukuuta saakka. Niina ei p\u00e4\u00e4ssyt l\u00e4htem\u00e4\u00e4n kanssani samaan aikaan, vaan h\u00e4n l\u00e4htee matkaan vasta t\u00e4n\u00e4\u00e4n keskiviikkona ja saapuu perille It\u00e4-Suomeen perjantaina. N\u00e4en h\u00e4nt\u00e4 siell\u00e4 tapaninp\u00e4iv\u00e4n\u00e4.<\/p>\n","protected":false},"author":1,"featured_media":0,"comment_status":"open","ping_status":"open","sticky":false,"template":"","format":"standard","meta":{"_jetpack_memberships_contains_paid_content":false,"footnotes":""},"categories":[17,3,12],"tags":[25,34,935,198,202,939],"class_list":["post-1545","post","type-post","status-publish","format-standard","hentry","category-arki-kanadassa","category-arki-ulkomailla","category-matkalla-kerrottua","tag-ajankohtaista","tag-arki","tag-kanada","tag-suomi","tag-talvi","tag-vancouver"],"jetpack_featured_media_url":"","jetpack_sharing_enabled":true,"_links":{"self":[{"href":"https:\/\/www.vuosiamaailmalla.fi\/blog\/wp-json\/wp\/v2\/posts\/1545","targetHints":{"allow":["GET"]}}],"collection":[{"href":"https:\/\/www.vuosiamaailmalla.fi\/blog\/wp-json\/wp\/v2\/posts"}],"about":[{"href":"https:\/\/www.vuosiamaailmalla.fi\/blog\/wp-json\/wp\/v2\/types\/post"}],"author":[{"embeddable":true,"href":"https:\/\/www.vuosiamaailmalla.fi\/blog\/wp-json\/wp\/v2\/users\/1"}],"replies":[{"embeddable":true,"href":"https:\/\/www.vuosiamaailmalla.fi\/blog\/wp-json\/wp\/v2\/comments?post=1545"}],"version-history":[{"count":0,"href":"https:\/\/www.vuosiamaailmalla.fi\/blog\/wp-json\/wp\/v2\/posts\/1545\/revisions"}],"wp:attachment":[{"href":"https:\/\/www.vuosiamaailmalla.fi\/blog\/wp-json\/wp\/v2\/media?parent=1545"}],"wp:term":[{"taxonomy":"category","embeddable":true,"href":"https:\/\/www.vuosiamaailmalla.fi\/blog\/wp-json\/wp\/v2\/categories?post=1545"},{"taxonomy":"post_tag","embeddable":true,"href":"https:\/\/www.vuosiamaailmalla.fi\/blog\/wp-json\/wp\/v2\/tags?post=1545"}],"curies":[{"name":"wp","href":"https:\/\/api.w.org\/{rel}","templated":true}]}}