{"id":1553,"date":"2012-12-20T22:34:45","date_gmt":"2012-12-21T06:34:45","guid":{"rendered":"http:\/\/13.53.127.146\/?p=1553"},"modified":"2017-11-13T11:13:57","modified_gmt":"2017-11-13T19:13:57","slug":"maailmanlopun-paiva","status":"publish","type":"post","link":"https:\/\/www.vuosiamaailmalla.fi\/blog\/2012\/maailmanlopun-paiva\/","title":{"rendered":"Maailmanlopun p\u00e4iv\u00e4"},"content":{"rendered":"<p style=\"text-align: justify;\">Kauan odotettu ja kovasti mediassa rummutettu &#8221;maailmanlopun p\u00e4iv\u00e4&#8221; 21.12.2012 on nyt sitten t\u00e4\u00e4ll\u00e4\u00a0<strong>t\u00e4n\u00e4\u00e4n<\/strong>. Me ennakoimme sivilisaation sek\u00e4 lentoliikenteen t\u00e4ydellisen romahtamisen ja olemmekin nyt molemmat kotiv\u00e4kiemme luona t\u00e4\u00e4ll\u00e4 <a title=\"Joululomalla\" href=\"https:\/\/www.vuosiamaailmalla.fi\/?p=1545\">koto-Suomessa<\/a>. Niinakin saapui Suomeen eilen illalla.<\/p>\n<p style=\"text-align: justify;\">T\u00e4ss\u00e4 p\u00e4iv\u00e4n p\u00e4\u00e4tapahtumaa odotellessa ajattelin linkata t\u00e4nne ikivanhan, mutta aina niin hauskan, animaation siit\u00e4 miten maailma t\u00e4n\u00e4\u00e4n p\u00e4\u00e4ttynee. T\u00e4m\u00e4 lieneekin viimeinen p\u00e4ivitykseni t\u00e4nne blogiini. V\u00e4h\u00e4n lyhyk\u00e4iseksi k\u00e4vi aika t\u00e4m\u00e4n\u00a0<a title=\"Blogi 3.0\" href=\"https:\/\/www.vuosiamaailmalla.fi\/?p=528\">uuden blogin<\/a> kanssa, mutta hauskaa oli. <em>Lycka till<\/em> vain itse kullekin maailmanlopun j\u00e4lkeiseen maailmaan. 8)<\/p>\n<p style=\"text-align: center;\"><img decoding=\"async\" style=\"border: 0px none; margin: 5px;\" src=\"\/blog\/wp-content\/uploads\/2012\/tuomiopaivan_saaennuste.jpg\" alt=\"\" \/><\/p>\n<p style=\"text-align: center;\"><em>Maailmanlopun s\u00e4\u00e4ennuste<\/em><\/p>\n","protected":false},"excerpt":{"rendered":"<p>Kauan odotettu ja kovasti mediassa rummutettu &#8221;maailmanlopun p\u00e4iv\u00e4&#8221; 21.12.2012 on nyt sitten t\u00e4\u00e4ll\u00e4\u00a0t\u00e4n\u00e4\u00e4n. Me ennakoimme sivilisaation sek\u00e4 lentoliikenteen t\u00e4ydellisen romahtamisen ja olemmekin nyt molemmat kotiv\u00e4kiemme luona t\u00e4\u00e4ll\u00e4 koto-Suomessa. Niinakin saapui Suomeen eilen illalla. T\u00e4ss\u00e4 p\u00e4iv\u00e4n p\u00e4\u00e4tapahtumaa odotellessa ajattelin linkata t\u00e4nne ikivanhan, mutta aina niin hauskan, animaation siit\u00e4 miten maailma t\u00e4n\u00e4\u00e4n p\u00e4\u00e4ttynee. T\u00e4m\u00e4 lieneekin viimeinen p\u00e4ivitykseni &hellip; <a href=\"https:\/\/www.vuosiamaailmalla.fi\/blog\/2012\/maailmanlopun-paiva\/\" class=\"more-link\">Jatka lukemista<span class=\"screen-reader-text\"> &#8221;Maailmanlopun p\u00e4iv\u00e4&#8221;<\/span><\/a><\/p>\n","protected":false},"author":1,"featured_media":0,"comment_status":"open","ping_status":"open","sticky":false,"template":"","format":"standard","meta":{"_jetpack_memberships_contains_paid_content":false,"footnotes":""},"categories":[347],"tags":[25,133],"class_list":["post-1553","post","type-post","status-publish","format-standard","hentry","category-sekalaista","tag-ajankohtaista","tag-hassua"],"jetpack_featured_media_url":"","jetpack_sharing_enabled":true,"_links":{"self":[{"href":"https:\/\/www.vuosiamaailmalla.fi\/blog\/wp-json\/wp\/v2\/posts\/1553","targetHints":{"allow":["GET"]}}],"collection":[{"href":"https:\/\/www.vuosiamaailmalla.fi\/blog\/wp-json\/wp\/v2\/posts"}],"about":[{"href":"https:\/\/www.vuosiamaailmalla.fi\/blog\/wp-json\/wp\/v2\/types\/post"}],"author":[{"embeddable":true,"href":"https:\/\/www.vuosiamaailmalla.fi\/blog\/wp-json\/wp\/v2\/users\/1"}],"replies":[{"embeddable":true,"href":"https:\/\/www.vuosiamaailmalla.fi\/blog\/wp-json\/wp\/v2\/comments?post=1553"}],"version-history":[{"count":0,"href":"https:\/\/www.vuosiamaailmalla.fi\/blog\/wp-json\/wp\/v2\/posts\/1553\/revisions"}],"wp:attachment":[{"href":"https:\/\/www.vuosiamaailmalla.fi\/blog\/wp-json\/wp\/v2\/media?parent=1553"}],"wp:term":[{"taxonomy":"category","embeddable":true,"href":"https:\/\/www.vuosiamaailmalla.fi\/blog\/wp-json\/wp\/v2\/categories?post=1553"},{"taxonomy":"post_tag","embeddable":true,"href":"https:\/\/www.vuosiamaailmalla.fi\/blog\/wp-json\/wp\/v2\/tags?post=1553"}],"curies":[{"name":"wp","href":"https:\/\/api.w.org\/{rel}","templated":true}]}}