{"id":1560,"date":"2012-12-24T00:01:00","date_gmt":"2012-12-24T08:01:00","guid":{"rendered":"http:\/\/13.53.127.146\/?p=1560"},"modified":"2013-12-23T18:53:58","modified_gmt":"2013-12-24T02:53:58","slug":"hyytavaa-joulua","status":"publish","type":"post","link":"https:\/\/www.vuosiamaailmalla.fi\/blog\/2012\/hyytavaa-joulua\/","title":{"rendered":"Hyyt\u00e4v\u00e4\u00e4 joulua"},"content":{"rendered":"<p style=\"text-align: justify;\">Hyv\u00e4\u00e4 ja kaiken t\u00e4m\u00e4n pakkasen keskell\u00e4 my\u00f6s hyyt\u00e4v\u00e4\u00e4 joulua! T\u00e4\u00e4ll\u00e4 Etel\u00e4-Suomessakin saadaan t\u00e4n\u00e4 vuonna nauttia valkoisesta joulusta, sill\u00e4 lunta tuli joulunalusviikolla reippaasti ja lumi on pysynyt maassa puuterimaisena pakkaslumena. Se on n\u00e4ky, jota on kiva katsella sis\u00e4lt\u00e4 l\u00e4mpim\u00e4st\u00e4, ilman pakkoa poistua ulos kylmyyteen.<\/p>\n<p style=\"text-align: justify;\">Vancouverissa joulu ei sitten n\u00e4yt\u00e4k\u00e4\u00e4n toteutuvan valkoisena, vaikka lunta siell\u00e4 menneell\u00e4 viikolla <a title=\"Lumipommeja Port Mann Bridgell\u00e4\" href=\"https:\/\/www.vuosiamaailmalla.fi\/?p=1550\">saatiinkin<\/a>. Ainakin n\u00e4kemieni kuvien perusteella Vancouverissa n\u00e4ytt\u00e4\u00e4 satelevan vett\u00e4, joka on jo sulattanut melkein kaiken tuolloin sataneen lumen. Kuitenkin vuorilla ja esimerkiksi Whistlerill\u00e4 saa nauttia takuuvarmasti valkoisesta joulusta ja moni tuttumme onkin suunnannut Whistlerin suunnalle jouluksi. Joulu hyv\u00e4ss\u00e4 hotellissa ja esimerkiksi viikko Pohjois-Amerikan parhaissa laskettelurinteiss\u00e4 ei kuulosta kyll\u00e4 minustakaan yht\u00e4\u00e4n hassummalta vaihtoehdolta. \ud83d\ude2e<\/p>\n<p style=\"text-align: justify;\">T\u00e4\u00e4ll\u00e4 Suomessa joulu menee t\u00e4n\u00e4kin vuonna perinteiseen tyyliin. T\u00e4ytyy kuitenkin sanoa, ett\u00e4 joku vuosi tekisi mieli rikkoa perinteet ja viett\u00e4\u00e4 joulua jossain aivan muuallakin. Aurinkorannoista en itse piittaa, mutta esimerkiksi Suomen Lappi on kiehtonut jo pitk\u00e4\u00e4n joulunviettopaikkana ja asiaa pit\u00e4\u00e4kin pohtia tulevina vuosina. My\u00f6s joulun viett\u00e4minen <a href=\"https:\/\/www.vuosiamaailmalla.fi\/?tag=matkakertomus-joulu-amerikassa\">Pohjois-Amerikan puolella<\/a> voisi olla kiva kokemus yhten\u00e4 vuotena.<\/p>\n<p style=\"text-align: justify;\">N\u00e4ill\u00e4 aatoksilla toivotan kaikille blogini lukijoille rauhallista ja l\u00e4mmint\u00e4 joulua! <span style=\"color: #ff0000;\"><strong>Merry Christmas!<\/strong><\/span> \ud83d\ude1b<\/p>\n","protected":false},"excerpt":{"rendered":"<p>Hyv\u00e4\u00e4 ja kaiken t\u00e4m\u00e4n pakkasen keskell\u00e4 my\u00f6s hyyt\u00e4v\u00e4\u00e4 joulua! T\u00e4\u00e4ll\u00e4 Etel\u00e4-Suomessakin saadaan t\u00e4n\u00e4 vuonna nauttia valkoisesta joulusta, sill\u00e4 lunta tuli joulunalusviikolla reippaasti ja lumi on pysynyt maassa puuterimaisena pakkaslumena. Se on n\u00e4ky, jota on kiva katsella sis\u00e4lt\u00e4 l\u00e4mpim\u00e4st\u00e4, ilman pakkoa poistua ulos kylmyyteen. Vancouverissa joulu ei sitten n\u00e4yt\u00e4k\u00e4\u00e4n toteutuvan valkoisena, vaikka lunta siell\u00e4 menneell\u00e4 viikolla &hellip; <a href=\"https:\/\/www.vuosiamaailmalla.fi\/blog\/2012\/hyytavaa-joulua\/\" class=\"more-link\">Jatka lukemista<span class=\"screen-reader-text\"> &#8221;Hyyt\u00e4v\u00e4\u00e4 joulua&#8221;<\/span><\/a><\/p>\n","protected":false},"author":1,"featured_media":0,"comment_status":"open","ping_status":"open","sticky":false,"template":"","format":"standard","meta":{"_jetpack_memberships_contains_paid_content":false,"footnotes":""},"categories":[7,12],"tags":[25,34,264,935,198,202,939,218],"class_list":["post-1560","post","type-post","status-publish","format-standard","hentry","category-matkakertomukset","category-matkalla-kerrottua","tag-ajankohtaista","tag-arki","tag-joulu","tag-kanada","tag-suomi","tag-talvi","tag-vancouver","tag-whistler"],"jetpack_featured_media_url":"","jetpack_sharing_enabled":true,"_links":{"self":[{"href":"https:\/\/www.vuosiamaailmalla.fi\/blog\/wp-json\/wp\/v2\/posts\/1560","targetHints":{"allow":["GET"]}}],"collection":[{"href":"https:\/\/www.vuosiamaailmalla.fi\/blog\/wp-json\/wp\/v2\/posts"}],"about":[{"href":"https:\/\/www.vuosiamaailmalla.fi\/blog\/wp-json\/wp\/v2\/types\/post"}],"author":[{"embeddable":true,"href":"https:\/\/www.vuosiamaailmalla.fi\/blog\/wp-json\/wp\/v2\/users\/1"}],"replies":[{"embeddable":true,"href":"https:\/\/www.vuosiamaailmalla.fi\/blog\/wp-json\/wp\/v2\/comments?post=1560"}],"version-history":[{"count":0,"href":"https:\/\/www.vuosiamaailmalla.fi\/blog\/wp-json\/wp\/v2\/posts\/1560\/revisions"}],"wp:attachment":[{"href":"https:\/\/www.vuosiamaailmalla.fi\/blog\/wp-json\/wp\/v2\/media?parent=1560"}],"wp:term":[{"taxonomy":"category","embeddable":true,"href":"https:\/\/www.vuosiamaailmalla.fi\/blog\/wp-json\/wp\/v2\/categories?post=1560"},{"taxonomy":"post_tag","embeddable":true,"href":"https:\/\/www.vuosiamaailmalla.fi\/blog\/wp-json\/wp\/v2\/tags?post=1560"}],"curies":[{"name":"wp","href":"https:\/\/api.w.org\/{rel}","templated":true}]}}