{"id":1565,"date":"2013-01-05T11:19:42","date_gmt":"2013-01-05T19:19:42","guid":{"rendered":"http:\/\/13.53.127.146\/?p=1565"},"modified":"2021-01-21T20:43:08","modified_gmt":"2021-01-22T04:43:08","slug":"ensimmainen-tiedostettu-maanjaristyksemme","status":"publish","type":"post","link":"https:\/\/www.vuosiamaailmalla.fi\/blog\/2013\/ensimmainen-tiedostettu-maanjaristyksemme\/","title":{"rendered":"Ensimm\u00e4inen maanj\u00e4ristyksemme"},"content":{"rendered":"<p style=\"text-align: justify;\">Mannerlaatat ovat olleet viime kuukausina rauhattomina t\u00e4\u00e4ll\u00e4 l\u00e4nsirannikolla. Pieni\u00e4 ja huomaamattomaksi j\u00e4\u00e4vi\u00e4 maanj\u00e4ristyksi\u00e4 on alueella ollut aina, mutta lokakuussa <a title=\"7,7 Richterin muistutus\" href=\"https:\/\/www.vuosiamaailmalla.fi\/?p=1087\">sattunut<\/a> Kanadan mittaushistorian kolmanneksi voimakkain 7,7 (l\u00e4hteest\u00e4 riippuen 7,8) Richterin maanj\u00e4ristys havahdutti paikalliset siihen, ett\u00e4 isompiakin j\u00e4ristyksi\u00e4 sattuu alueella aika ajoin. Sittemmin asia painui taas unholaan, kunnes j\u00e4lleen viime y\u00f6n\u00e4 j\u00e4risi, t\u00e4ll\u00e4 kertaa 7,5 Richterin voimakkuudella.<\/p>\n<p><!--more--><\/p>\n<p style=\"text-align: justify;\">Viime y\u00f6n j\u00e4ristyskohta sijaitsee samalla suunnalla lokakuisen kanssa ja ensimm\u00e4isten tietojen mukaan kyseess\u00e4 oli samainen Queen Charlotten siirroksena tunnettu kaistale, joka liikahti 9,8 kilometrin syvyydess\u00e4 noin 50 kilometrin alueella huikealta kuulostavat 7-8 metri\u00e4. Koska tapahtumapaikka sijaitsee melkein 800 kilometri\u00e4 Vancouverista luoteeseen, tuntui kello 00:58 tapahtunut maanj\u00e4ristys Vancouverissa vasta noin 10 minuuttia my\u00f6hemmin. J\u00e4ristyksen energia taittoi siis matkansa parin kilometrin sekuntivauhdilla. Me her\u00e4simme noin kello 01:08 siihen, ett\u00e4 asuntomme verhot heiluivat ikkunoita vasten. S\u00e4ngyss\u00e4 maatessa emme tunteneet mit\u00e4\u00e4n muuta, mutta mieleeni tuli v\u00e4litt\u00f6m\u00e4sti ett\u00e4 kyseess\u00e4 saattaisi olla maanj\u00e4ristys. Katsoinkin v\u00e4litt\u00f6m\u00e4sti puhelimella Yhdysvaltojen geologianlaitoksen nettisivuja, jotka vahvistivat Alaskan ja British Columbian luona sattuneen maanj\u00e4ristyksen.<\/p>\n<p style=\"text-align: center;\"><a href=\"\/blog\/wp-content\/uploads\/2013\/tammikuun_jaristys.jpg\"><img decoding=\"async\" style=\"border: 0px none; margin: 5px;\" src=\"\/blog\/wp-content\/uploads\/2013\/tammikuun_jaristys.jpg\" alt=\"\" \/><\/a><\/p>\n<p style=\"text-align: center;\"><em>Viime\u00f6inen j\u00e4ristyskohta<\/em><\/p>\n<p style=\"text-align: justify;\">Onneksi t\u00e4ll\u00e4k\u00e4\u00e4n kertaa syrj\u00e4ss\u00e4 tapahtunut maanj\u00e4ristys ei aiheuttanut mink\u00e4\u00e4nlaisia tuhoja ja annettu tsunamivaroituskin peruttiin sangen pian. Oli kuitenkin erikoista ensimm\u00e4ist\u00e4 kertaa tajuta, ett\u00e4 kyseess\u00e4 oli tosiaankin maanj\u00e4ristyksest\u00e4, sill\u00e4 esimerkiksi lokakuinen j\u00e4ristys meni meilt\u00e4 <a title=\"Merkkip\u00e4iv\u00e4n illallinen Kitsilanossa\" href=\"https:\/\/www.vuosiamaailmalla.fi\/?p=1090\">t\u00e4ysin ohi<\/a>.<\/p>\n<p style=\"text-align: justify;\">Koska maanj\u00e4rityksi\u00e4 n\u00e4ytt\u00e4\u00e4 tapahtuvan aika ajoin ja Vancouver alueelle ennustettu j\u00e4ttij\u00e4ristyskin on viel\u00e4 tulematta, ei liene ollenkaan h\u00f6lm\u00f6\u00e4 nostaa omaa varautumisen tasoa, mink\u00e4 vuoksi tilasimmekin juuri itsellemme 72 tunnin <a title=\"Valmistautumista The Big Onen varalle\" href=\"https:\/\/www.vuosiamaailmalla.fi\/?p=2041\">maanj\u00e4ristyspakkauksen<\/a>. Toivon mukaan sit\u00e4 ei ole kuitenkaan tarve koskaan k\u00e4ytt\u00e4\u00e4.<\/p>\n","protected":false},"excerpt":{"rendered":"<p>Mannerlaatat ovat olleet viime kuukausina rauhattomina t\u00e4\u00e4ll\u00e4 l\u00e4nsirannikolla. Pieni\u00e4 ja huomaamattomaksi j\u00e4\u00e4vi\u00e4 maanj\u00e4ristyksi\u00e4 on alueella ollut aina, mutta lokakuussa sattunut Kanadan mittaushistorian kolmanneksi voimakkain 7,7 (l\u00e4hteest\u00e4 riippuen 7,8) Richterin maanj\u00e4ristys havahdutti paikalliset siihen, ett\u00e4 isompiakin j\u00e4ristyksi\u00e4 sattuu alueella aika ajoin. Sittemmin asia painui taas unholaan, kunnes j\u00e4lleen viime y\u00f6n\u00e4 j\u00e4risi, t\u00e4ll\u00e4 kertaa 7,5 Richterin voimakkuudella.<\/p>\n","protected":false},"author":1,"featured_media":11435,"comment_status":"open","ping_status":"open","sticky":false,"template":"","format":"standard","meta":{"_jetpack_memberships_contains_paid_content":false,"footnotes":""},"categories":[17,3,4],"tags":[25,449,34,935,179,939,11],"class_list":["post-1565","post","type-post","status-publish","format-standard","has-post-thumbnail","hentry","category-arki-kanadassa","category-arki-ulkomailla","category-asuminen-kanadassa","tag-ajankohtaista","tag-alaska","tag-arki","tag-kanada","tag-maanjaristys","tag-vancouver","tag-matkakertomukset-yhdysvallat"],"jetpack_featured_media_url":"https:\/\/www.vuosiamaailmalla.fi\/blog\/wp-content\/uploads\/tammikuun_jaristys_banner-1.jpg","jetpack_sharing_enabled":true,"_links":{"self":[{"href":"https:\/\/www.vuosiamaailmalla.fi\/blog\/wp-json\/wp\/v2\/posts\/1565","targetHints":{"allow":["GET"]}}],"collection":[{"href":"https:\/\/www.vuosiamaailmalla.fi\/blog\/wp-json\/wp\/v2\/posts"}],"about":[{"href":"https:\/\/www.vuosiamaailmalla.fi\/blog\/wp-json\/wp\/v2\/types\/post"}],"author":[{"embeddable":true,"href":"https:\/\/www.vuosiamaailmalla.fi\/blog\/wp-json\/wp\/v2\/users\/1"}],"replies":[{"embeddable":true,"href":"https:\/\/www.vuosiamaailmalla.fi\/blog\/wp-json\/wp\/v2\/comments?post=1565"}],"version-history":[{"count":1,"href":"https:\/\/www.vuosiamaailmalla.fi\/blog\/wp-json\/wp\/v2\/posts\/1565\/revisions"}],"predecessor-version":[{"id":11436,"href":"https:\/\/www.vuosiamaailmalla.fi\/blog\/wp-json\/wp\/v2\/posts\/1565\/revisions\/11436"}],"wp:featuredmedia":[{"embeddable":true,"href":"https:\/\/www.vuosiamaailmalla.fi\/blog\/wp-json\/wp\/v2\/media\/11435"}],"wp:attachment":[{"href":"https:\/\/www.vuosiamaailmalla.fi\/blog\/wp-json\/wp\/v2\/media?parent=1565"}],"wp:term":[{"taxonomy":"category","embeddable":true,"href":"https:\/\/www.vuosiamaailmalla.fi\/blog\/wp-json\/wp\/v2\/categories?post=1565"},{"taxonomy":"post_tag","embeddable":true,"href":"https:\/\/www.vuosiamaailmalla.fi\/blog\/wp-json\/wp\/v2\/tags?post=1565"}],"curies":[{"name":"wp","href":"https:\/\/api.w.org\/{rel}","templated":true}]}}