{"id":1567,"date":"2013-01-13T20:10:38","date_gmt":"2013-01-14T04:10:38","guid":{"rendered":"http:\/\/13.53.127.146\/?p=1567"},"modified":"2021-01-21T20:37:30","modified_gmt":"2021-01-22T04:37:30","slug":"yhden-aikakauden-paatos-ja-uuden-alku","status":"publish","type":"post","link":"https:\/\/www.vuosiamaailmalla.fi\/blog\/2013\/yhden-aikakauden-paatos-ja-uuden-alku\/","title":{"rendered":"Yhden aikakauden p\u00e4\u00e4t\u00f6s ja uuden alku"},"content":{"rendered":"<p style=\"text-align: justify;\">Vuodesta 2012 ei puuttunut k\u00e4\u00e4nteit\u00e4 taikka yll\u00e4tyksi\u00e4. Alkuvuotemme kului <a title=\"Viimeinen ty\u00f6p\u00e4iv\u00e4 ja Saksasta l\u00e4hd\u00f6n haikeus\" href=\"https:\/\/www.vuosiamaailmalla.fi\/?p=232\">j\u00e4rjestelless\u00e4<\/a> muuttoa t\u00e4nne Vancouveriin, jonne saavuimme lopulta <a title=\"Maahanmuutto bisnesluokassa\" href=\"https:\/\/www.vuosiamaailmalla.fi\/?p=230\">min\u00e4 edelt\u00e4<\/a> tammikuun lopulla ja Niina kolmisen viikkoa <a title=\"Sinkkuel\u00e4m\u00e4n loppu\" href=\"https:\/\/www.vuosiamaailmalla.fi\/?p=224\">my\u00f6hemmin<\/a> helmikuussa. Muuttomme <a title=\"Viimeinen ty\u00f6p\u00e4iv\u00e4 \u2013 melkein\" href=\"https:\/\/www.vuosiamaailmalla.fi\/?p=691\">viiv\u00e4styi<\/a> joillain viikoilla aiotusta, koska ty\u00f6luvan kanssa oli <a title=\"Ikuisuusprosessi kanadalaisesta ty\u00f6luvasta\" href=\"https:\/\/www.vuosiamaailmalla.fi\/?p=322\">s\u00e4\u00e4t\u00e4mist\u00e4<\/a>, mutta lopulta sekin selvisi parhain p\u00e4in ja p\u00e4\u00e4simme molemmat Kanadan maaper\u00e4lle.<\/p>\n<p><!--more--><\/p>\n<p style=\"text-align: justify;\">Kev\u00e4ttalven aikana uusi ty\u00f6 sek\u00e4 kaupunki alkoivat k\u00e4yd\u00e4 hieman tutuiksi ja asettautuminen uuteen arkeen alkoi. Loistava hetki oli, kun Niina l\u00f6ysi itselleen t\u00f6it\u00e4 maaliskuun alussa ja viel\u00e4p\u00e4 samaiselta ty\u00f6paikalta, jossa min\u00e4kin olin. Huhtikuuhun menness\u00e4 l\u00f6ysimme itsellemme my\u00f6s mahtavan asunnon, tosin vasta <a title=\"Asunnonmets\u00e4styst\u00e4 Vancouverissa\" href=\"https:\/\/www.vuosiamaailmalla.fi\/?p=621\">pitk\u00e4n etsinn\u00e4n<\/a> j\u00e4lkeen. El\u00e4m\u00e4 n\u00e4ytti asettautuvan uusiin uomiinsa ja noin puoli vuotta kest\u00e4nyt muuttoprosessi tulevan lopultakin p\u00e4\u00e4t\u00f6kseens\u00e4. Huhti- ja toukokuu olivatkin mukavia kuukausia uudesta asuinymp\u00e4rist\u00f6st\u00e4 nauttiessa ja vaeltelimme sek\u00e4 matkailimme ahkerasti l\u00e4hiseudulla. El\u00e4m\u00e4 n\u00e4ytti hyv\u00e4lt\u00e4 aina 14. kes\u00e4kuuta asti, jolloin kaikki muuttui.<\/p>\n<p style=\"text-align: center;\"><a href=\"\/blog\/wp-content\/uploads\/2007\/nokia_bochum.jpg\"><img decoding=\"async\" style=\"border: 0px none; margin: 5px;\" src=\"\/blog\/wp-content\/uploads\/2007\/nokia_bochum.jpg\" alt=\"\" \/><\/a><\/p>\n<p style=\"text-align: center;\"><em>Ensimm\u00e4inen ty\u00f6paikkamme: Nokian toimisto Bochumissa<\/em><\/p>\n<p style=\"text-align: justify;\">Blogiani pidemp\u00e4\u00e4n lukeneille ei liene yll\u00e4tt\u00e4v\u00e4 tieto, ett\u00e4 olemme Niinan kanssa ty\u00f6skennelleet vuodesta 2007 l\u00e4htien <em>Nokialla<\/em>. Kaikki alkoi Nokian <a title=\"P\u00e4iv\u00e4matka Bochumin kaivosmuseoon\" href=\"https:\/\/www.vuosiamaailmalla.fi\/?p=3289\">Bochumin<\/a> toimistolla suoritetusta ty\u00f6harjoittelusta, jota seurasi nelj\u00e4n ja puolen vuoden ty\u00f6rupeama Berliiniss\u00e4. My\u00f6s Vancouverin ty\u00f6paikkamme olivat Nokialla, jonka tuomina muutimmekin t\u00e4nne Kanadaan.<\/p>\n<p style=\"text-align: center;\"><a href=\"\/blog\/wp-content\/uploads\/2010\/edison_hofe2.jpg\"><img decoding=\"async\" style=\"border: 0px none; margin: 5px;\" src=\"\/blog\/wp-content\/uploads\/2010\/thumbs\/thumbs_edison_hofe2.jpg\" alt=\"\" \/><\/a><a href=\"\/blog\/wp-content\/uploads\/2010\/ovi_maps_graffitti.jpg\"><img decoding=\"async\" style=\"border: 0px none; margin: 5px;\" src=\"\/blog\/wp-content\/uploads\/2010\/thumbs\/thumbs_ovi_maps_graffitti.jpg\" alt=\"\" \/><\/a><\/p>\n<p style=\"text-align: center;\"><em>Berliinin keskustan toimistomme<\/em><\/p>\n<p style=\"text-align: justify;\">Vaikka Nokia onkin kohdannut viime vuosina vaikeuksia, nautimme suuresti ty\u00f6skentelyst\u00e4 yrityksess\u00e4. Nokia tarjosi mielenkiintoisia ty\u00f6teht\u00e4vi\u00e4 sek\u00e4 liudan kiintoisia kansainv\u00e4lisi\u00e4 mahdollisuuksia. Niinp\u00e4 olikin eritt\u00e4in ik\u00e4v\u00e4 her\u00e4t\u00e4 14. kes\u00e4kuuta tietoon, ett\u00e4 Nokia lakkauttaa Vancouverin toimistomme osana suuria rakennemuutoksiaan.<\/p>\n<p style=\"text-align: justify;\">Tieto Vancouverin toimiston lakkautuksesta tuli kaikille t\u00e4yten\u00e4 yll\u00e4tyksen\u00e4, sill\u00e4 matto vedettiin kaiken k\u00e4ynniss\u00e4 olevan alta t\u00e4ysin \u00e4kkiarvaamatta. Asiantilaan sopeutumisessa <a title=\"Viimeisill\u00e4 Nokian kes\u00e4juhlilla\" href=\"https:\/\/www.vuosiamaailmalla.fi\/?p=8270\">menikin aikansa<\/a> ja kes\u00e4n kaikki suunnitelmat meniv\u00e4t uusiksi. Kesti pitk\u00e4\u00e4n, ett\u00e4 saimme enemm\u00e4n tietoa miten asiat tulisivat etenem\u00e4\u00e4n ja vaikka mik\u00e4\u00e4n ei ollutkaan ennallaan, piti arkea jatkaa sellaisenaan kunnes saimme lis\u00e4tietoa t\u00f6iden loppumisp\u00e4iv\u00e4m\u00e4\u00e4r\u00e4st\u00e4.<\/p>\n<p style=\"text-align: center;\"><a href=\"\/blog\/wp-content\/uploads\/2012\/nokia_vancouver.jpg\"><img decoding=\"async\" style=\"border: 0px none; margin: 5px;\" src=\"\/blog\/wp-content\/uploads\/2012\/nokia_vancouver.jpg\" alt=\"\" \/><\/a><\/p>\n<p style=\"text-align: center;\"><em>Vancouverin b\u00fcro Burnabyn esikaupungissa<br \/>\n<\/em><\/p>\n<p style=\"text-align: justify;\">Suunnilleen elokuun lopulla aloimme katsella uusia ty\u00f6mahdollisuuksia Vancouverin alueella. Syyskuun alussa saimme lopulta tiedon, ett\u00e4 ty\u00f6mme lakkaisivat niin, ett\u00e4 Niinalla hommat loppuisivat syyskuun lopussa ja minulla vuoden lopussa. Se kuulosti tuossa vaiheessa hyv\u00e4lt\u00e4, sill\u00e4 olimme jo l\u00f6yt\u00e4neet uusia mahdollisuuksia, joiden kanssa t\u00e4m\u00e4 aikataulu k\u00e4vi hyvin yhteen.<\/p>\n<p style=\"text-align: justify;\">Meid\u00e4n ei ollut pakko l\u00e4hte\u00e4 Nokialta, sill\u00e4 meille tarjoutui mahdollisuus muuttaa ty\u00f6n per\u00e4ss\u00e4 Bostoniin. Ajatus muutosta Yhdysvaltoihin ei kuitenkaan innostanut meit\u00e4 ja viimeist\u00e4\u00e4n <a title=\"Ty\u00f6matka Bostoniin\" href=\"https:\/\/www.vuosiamaailmalla.fi\/?p=1240\">ty\u00f6matkallani Bostonissa<\/a> totesin, ettei kaupunki ole meit\u00e4 varten. Niinp\u00e4 p\u00e4\u00e4timme l\u00e4hte\u00e4 Nokialta ja vaihtaa ty\u00f6nantajaa. T\u00e4m\u00e4 monen kuukauden mittainen prosessi tuli lopulta p\u00e4\u00e4t\u00f6kseens\u00e4 kaksi viikkoa sitten, kun min\u00e4kin aloitin uudessa ty\u00f6paikassa.<\/p>\n<p style=\"text-align: center;\"><a href=\"\/blog\/wp-content\/uploads\/2012\/nokia_boston_panorama.jpg\"><img decoding=\"async\" style=\"border: 0px none; margin: 5px;\" src=\"\/blog\/wp-content\/uploads\/2012\/nokia_boston_panorama_pieni.jpg\" alt=\"\" \/><\/a><\/p>\n<p style=\"text-align: center;\"><em>Nokian toimisto Bostonin laitamilla<br \/>\n<\/em><\/p>\n<p style=\"text-align: justify;\">Aivan sattumalta p\u00e4\u00e4dyimme Niinan kanssa j\u00e4lleen kerran samaan ty\u00f6paikkaan, tosin aivan erilaisiin ty\u00f6teht\u00e4viin. Ty\u00f6skentelemme molemmat edelleen softan parissa, mutta aihepiiri on nyt mobiilin sijaan finanssimaailman puolella ja ty\u00f6nantajamme suuri amerikkalaisyritys. Niina on ehtinyt olla uudessa ty\u00f6ss\u00e4\u00e4n jo reilut kolme kuukautta ja tyk\u00e4nnyt siit\u00e4 kovasti. Itsell\u00e4ni on nyt takana kaksi ensimm\u00e4ist\u00e4 viikkoa ja ensitunnelmani ovat my\u00f6s hyvin samansuuntaiset.<\/p>\n<p style=\"text-align: justify;\">Vaikka tarinallamme onkin onnellinen loppu, oli 2012 kaikista k\u00e4\u00e4nteist\u00e4 johtuen <a title=\"Vuosi Kanadassa\" href=\"https:\/\/www.vuosiamaailmalla.fi\/?p=1606\">melko stressaava vuosi<\/a>. Vaikka Nokia hoitikin irtisanomisj\u00e4rjestelyt \u00e4\u00e4rimm\u00e4isen hyvin, oli tulevaisuudesta huolta koko kes\u00e4n ja aina pitk\u00e4lle syksyyn saakka. Huolen lis\u00e4ksi oli tietenkin harmi j\u00e4tt\u00e4\u00e4 ty\u00f6paikka, jossa oli viihtynyt koko sen melkein kuusi vuotta, jonka ehdimme Nokian palveluksessa olla. Vaihtelu on silti aina v\u00e4lill\u00e4 paikallaan ja on mahtavaa ett\u00e4 meille tarjoutui mahdollisuus jatkaa el\u00e4m\u00e4\u00e4mme t\u00e4\u00e4ll\u00e4 Vancouverissa, jossa olemme niin hyvin viihtyneet. Vaikka oma tiemme veikin pois Nokialta, on ollut hienoa n\u00e4hd\u00e4, ett\u00e4 yrityksen tulevaisuudessa n\u00e4kyy valoa ja toivommekin kaikkea hyv\u00e4\u00e4 sinne j\u00e4\u00e4neille sadoille tutuille.<\/p>\n<p style=\"text-align: justify;\">Vuosi 2012 olikin meille yhden aikakauden p\u00e4\u00e4t\u00f6st\u00e4 ja uuden alkua. Luulimme alunperin ett\u00e4 se olisi johtunut muutostamme Pohjois-Amerikkaan, mutta lopulta melkeinp\u00e4 koko el\u00e4m\u00e4mme meni vuoden aikana uusiksi. Toivon mukaan vuodesta 2013 tuleekin huomattavasti tasaisempi ja arkisempi vuosi. Sellainen kun ei haittaisi yht\u00e4\u00e4n t\u00e4llaisen vuoden j\u00e4lkeen.<\/p>\n","protected":false},"excerpt":{"rendered":"<p>Vuodesta 2012 ei puuttunut k\u00e4\u00e4nteit\u00e4 taikka yll\u00e4tyksi\u00e4. Alkuvuotemme kului j\u00e4rjestelless\u00e4 muuttoa t\u00e4nne Vancouveriin, jonne saavuimme lopulta min\u00e4 edelt\u00e4 tammikuun lopulla ja Niina kolmisen viikkoa my\u00f6hemmin helmikuussa. Muuttomme viiv\u00e4styi joillain viikoilla aiotusta, koska ty\u00f6luvan kanssa oli s\u00e4\u00e4t\u00e4mist\u00e4, mutta lopulta sekin selvisi parhain p\u00e4in ja p\u00e4\u00e4simme molemmat Kanadan maaper\u00e4lle.<\/p>\n","protected":false},"author":1,"featured_media":11427,"comment_status":"open","ping_status":"open","sticky":false,"template":"","format":"standard","meta":{"_jetpack_memberships_contains_paid_content":false,"footnotes":""},"categories":[3,13,14],"tags":[25,34,935,453,207,939],"class_list":["post-1567","post","type-post","status-publish","format-standard","has-post-thumbnail","hentry","category-arki-ulkomailla","category-tyoskentely-kanadassa","category-tyoskentely-saksassa","tag-ajankohtaista","tag-arki","tag-kanada","tag-nokia","tag-tyo","tag-vancouver"],"jetpack_featured_media_url":"https:\/\/www.vuosiamaailmalla.fi\/blog\/wp-content\/uploads\/nokia_vancouver_banner-1.jpg","jetpack_sharing_enabled":true,"_links":{"self":[{"href":"https:\/\/www.vuosiamaailmalla.fi\/blog\/wp-json\/wp\/v2\/posts\/1567","targetHints":{"allow":["GET"]}}],"collection":[{"href":"https:\/\/www.vuosiamaailmalla.fi\/blog\/wp-json\/wp\/v2\/posts"}],"about":[{"href":"https:\/\/www.vuosiamaailmalla.fi\/blog\/wp-json\/wp\/v2\/types\/post"}],"author":[{"embeddable":true,"href":"https:\/\/www.vuosiamaailmalla.fi\/blog\/wp-json\/wp\/v2\/users\/1"}],"replies":[{"embeddable":true,"href":"https:\/\/www.vuosiamaailmalla.fi\/blog\/wp-json\/wp\/v2\/comments?post=1567"}],"version-history":[{"count":2,"href":"https:\/\/www.vuosiamaailmalla.fi\/blog\/wp-json\/wp\/v2\/posts\/1567\/revisions"}],"predecessor-version":[{"id":11428,"href":"https:\/\/www.vuosiamaailmalla.fi\/blog\/wp-json\/wp\/v2\/posts\/1567\/revisions\/11428"}],"wp:featuredmedia":[{"embeddable":true,"href":"https:\/\/www.vuosiamaailmalla.fi\/blog\/wp-json\/wp\/v2\/media\/11427"}],"wp:attachment":[{"href":"https:\/\/www.vuosiamaailmalla.fi\/blog\/wp-json\/wp\/v2\/media?parent=1567"}],"wp:term":[{"taxonomy":"category","embeddable":true,"href":"https:\/\/www.vuosiamaailmalla.fi\/blog\/wp-json\/wp\/v2\/categories?post=1567"},{"taxonomy":"post_tag","embeddable":true,"href":"https:\/\/www.vuosiamaailmalla.fi\/blog\/wp-json\/wp\/v2\/tags?post=1567"}],"curies":[{"name":"wp","href":"https:\/\/api.w.org\/{rel}","templated":true}]}}