{"id":158,"date":"2012-07-11T15:07:47","date_gmt":"2012-07-11T22:07:47","guid":{"rendered":"http:\/\/127.0.0.1:4001\/wordpress\/?p=158"},"modified":"2021-02-01T20:48:27","modified_gmt":"2021-02-02T04:48:27","slug":"siperian-metsapalot","status":"publish","type":"post","link":"https:\/\/www.vuosiamaailmalla.fi\/blog\/2012\/siperian-metsapalot\/","title":{"rendered":"Siperian mets\u00e4palot"},"content":{"rendered":"<p style=\"text-align: justify;\">Kanada sijaitsee yli 7000 kilometri\u00e4 Suomesta, mutta yksi yhteinen kiusa kummallakin maalla kuitenkin on: <a href=\"https:\/\/www.vuosiamaailmalla.fi\/?p=5914\">jokavuotiset mets\u00e4palot<\/a> Ven\u00e4j\u00e4ll\u00e4. Suomessa on parina viime kes\u00e4n\u00e4 saatu k\u00e4rvistell\u00e4\u00a0taivaan harmaaksi v\u00e4rj\u00e4\u00e4v\u00e4st\u00e4 savusta, joka on yleens\u00e4 l\u00e4ht\u00f6isin Ven\u00e4j\u00e4n puolella roihuavista laajoista mets\u00e4paloista. Maiden ollessa rajanaapureita t\u00e4m\u00e4n yhteisen ongelman on voinut jotenkin ymm\u00e4rt\u00e4\u00e4, vaikka joskus onkin h\u00e4mm\u00e4stytt\u00e4nyt miten savu voi kulkeutua jopa tuhannen kilometrin p\u00e4\u00e4st\u00e4 koko Etel\u00e4-Suomen kiusaksi.<\/p>\n<p><!--more--><\/p>\n<p style=\"text-align: justify;\">Kanadan et\u00e4isyys Ven\u00e4j\u00e4st\u00e4 on\u00a0l\u00e4himmill\u00e4\u00e4n noin 1500 kilometri\u00e4\u00a0ja v\u00e4liin mahtuu Alaskan valtava er\u00e4maa. Vancouverista et\u00e4isyytt\u00e4 Ven\u00e4j\u00e4n rajalle kertyy kuitenkin noin 3500 kilometri\u00e4, mutta siit\u00e4 huolimatta kaupungin ilma on ollut viime p\u00e4ivin\u00e4 harmaana Siperian mets\u00e4paloista kantautuvan savun vuoksi. Tilanne on\u00a0pahentunut p\u00e4iv\u00e4 p\u00e4iv\u00e4lt\u00e4, sill\u00e4 l\u00e4mmin ja tyyni keli on hellinyt Vancouverin aluetta.<\/p>\n<p style=\"text-align: justify;\">Fraser Valley, jossa Vancouverkin sijaitsee, on otollinen paikka kes\u00e4n\u00a0poutaisten\u00a0ilmamassojen j\u00e4m\u00e4ht\u00e4\u00e4 paikoilleen, sill\u00e4 aluetta rajaa id\u00e4ss\u00e4 yhten\u00e4inen <a href=\"https:\/\/www.vuosiamaailmalla.fi\/?p=5447\">Rannikkovuorten vuorijono<\/a>, jonka ylitse ilmamassojen ja\u00a0kaikenlaisten hiukkasten\u00a0kest\u00e4\u00e4 kivuta. Ongelma onkin melkein jokakes\u00e4inen, mutta yleens\u00e4 se painottuu alueen aivan it\u00e4isimpiin osiin, kuten Abbotsfordin alueelle vuorten juurella.<\/p>\n<p style=\"text-align: justify;\">Onneksi t\u00e4m\u00e4n hetkiseen tilanteeseen on tiedossa helpotusta l\u00e4hip\u00e4ivin\u00e4, kun tuuli alkaa j\u00e4lleen puhaltaa ja savuverhon pit\u00e4isi alkaa siirty\u00e4 kohti it\u00e4\u00e4. Sinitaivasta onkin ehtinyt jo kaivata muuten niin kauniin ja l\u00e4mpim\u00e4n kes\u00e4n keskell\u00e4.<\/p>\n","protected":false},"excerpt":{"rendered":"<p>Kanada sijaitsee yli 7000 kilometri\u00e4 Suomesta, mutta yksi yhteinen kiusa kummallakin maalla kuitenkin on: jokavuotiset mets\u00e4palot Ven\u00e4j\u00e4ll\u00e4. Suomessa on parina viime kes\u00e4n\u00e4 saatu k\u00e4rvistell\u00e4\u00a0taivaan harmaaksi v\u00e4rj\u00e4\u00e4v\u00e4st\u00e4 savusta, joka on yleens\u00e4 l\u00e4ht\u00f6isin Ven\u00e4j\u00e4n puolella roihuavista laajoista mets\u00e4paloista. Maiden ollessa rajanaapureita t\u00e4m\u00e4n yhteisen ongelman on voinut jotenkin ymm\u00e4rt\u00e4\u00e4, vaikka joskus onkin h\u00e4mm\u00e4stytt\u00e4nyt miten savu voi kulkeutua jopa &hellip; <a href=\"https:\/\/www.vuosiamaailmalla.fi\/blog\/2012\/siperian-metsapalot\/\" class=\"more-link\">Jatka lukemista<span class=\"screen-reader-text\"> &#8221;Siperian mets\u00e4palot&#8221;<\/span><\/a><\/p>\n","protected":false},"author":1,"featured_media":0,"comment_status":"open","ping_status":"open","sticky":false,"template":"","format":"standard","meta":{"_jetpack_memberships_contains_paid_content":false,"footnotes":""},"categories":[17,3],"tags":[25,34,935,875,195,939,216],"class_list":["post-158","post","type-post","status-publish","format-standard","hentry","category-arki-kanadassa","category-arki-ulkomailla","tag-ajankohtaista","tag-arki","tag-kanada","tag-metsapalo","tag-siperia","tag-vancouver","tag-venaja"],"jetpack_featured_media_url":"","jetpack_sharing_enabled":true,"_links":{"self":[{"href":"https:\/\/www.vuosiamaailmalla.fi\/blog\/wp-json\/wp\/v2\/posts\/158","targetHints":{"allow":["GET"]}}],"collection":[{"href":"https:\/\/www.vuosiamaailmalla.fi\/blog\/wp-json\/wp\/v2\/posts"}],"about":[{"href":"https:\/\/www.vuosiamaailmalla.fi\/blog\/wp-json\/wp\/v2\/types\/post"}],"author":[{"embeddable":true,"href":"https:\/\/www.vuosiamaailmalla.fi\/blog\/wp-json\/wp\/v2\/users\/1"}],"replies":[{"embeddable":true,"href":"https:\/\/www.vuosiamaailmalla.fi\/blog\/wp-json\/wp\/v2\/comments?post=158"}],"version-history":[{"count":1,"href":"https:\/\/www.vuosiamaailmalla.fi\/blog\/wp-json\/wp\/v2\/posts\/158\/revisions"}],"predecessor-version":[{"id":11542,"href":"https:\/\/www.vuosiamaailmalla.fi\/blog\/wp-json\/wp\/v2\/posts\/158\/revisions\/11542"}],"wp:attachment":[{"href":"https:\/\/www.vuosiamaailmalla.fi\/blog\/wp-json\/wp\/v2\/media?parent=158"}],"wp:term":[{"taxonomy":"category","embeddable":true,"href":"https:\/\/www.vuosiamaailmalla.fi\/blog\/wp-json\/wp\/v2\/categories?post=158"},{"taxonomy":"post_tag","embeddable":true,"href":"https:\/\/www.vuosiamaailmalla.fi\/blog\/wp-json\/wp\/v2\/tags?post=158"}],"curies":[{"name":"wp","href":"https:\/\/api.w.org\/{rel}","templated":true}]}}