{"id":1597,"date":"2010-09-21T18:21:05","date_gmt":"2010-09-22T01:21:05","guid":{"rendered":"http:\/\/13.53.127.146\/?p=1597"},"modified":"2021-02-25T19:55:39","modified_gmt":"2021-02-26T03:55:39","slug":"viikonloppu-koeajo","status":"publish","type":"post","link":"https:\/\/www.vuosiamaailmalla.fi\/blog\/2010\/viikonloppu-koeajo\/","title":{"rendered":"Viikonloppu koeajo"},"content":{"rendered":"<p style=\"text-align: justify;\">Mist\u00e4 tiet\u00e4\u00e4, ett\u00e4 on kenties vuokrannut liian monesti saman merkkisen vuokra-auton, samasta vuokraamosta?\u00a0Kenties siit\u00e4, ett\u00e4 kotiin tupsahtaa vuokraamon toimesta paksu uuden <em>BMW\u00a05 <a title=\"Gran Turismo 5 on t\u00e4\u00e4ll\u00e4!\" href=\"http:\/\/www.vuosiamaailmalla.fi\/blog\/2010\/se-on-taalla-gran-turismo-5\/\">Gran Turismo<\/a><\/em> -mallin esittelypaketti sek\u00e4 kutsu koeajoon M\u00fcncheniin. Kyseess\u00e4 on kilpailu, jossa voittavat p\u00e4\u00e4sev\u00e4t nauttimaan bemari viikonlopusta Sixtin kustantamana. Muille halukkaille on puolestaan mahdollisuus 125 eurolla vuokrata kyseinen auto koeajoon viikonlopuksi M\u00fcnchenin suunnalla.<\/p>\n<p style=\"text-align: justify;\">Ei paha hinta, mutta jospa sit\u00e4 silti tulee t\u00e4ll\u00e4 kerralla skipattua t\u00e4llainen &#8221;ainutlaatuinen tilaisuus&#8221;. Varsinkin kun appiukko osti juuri loppukes\u00e4st\u00e4 samanlaisen bemun, joten ehk\u00e4 tuon auton p\u00e4\u00e4see katsastamaan l\u00e4hiet\u00e4isyydelt\u00e4 ihan ilmaiseksikin. Kaikenlaisia synergioita ne silti yritysten v\u00e4lill\u00e4 kehittelev\u00e4tkin mainosmaailmassa&#8230;<\/p>\n","protected":false},"excerpt":{"rendered":"<p>Mist\u00e4 tiet\u00e4\u00e4, ett\u00e4 on kenties vuokrannut liian monesti saman merkkisen vuokra-auton, samasta vuokraamosta?\u00a0Kenties siit\u00e4, ett\u00e4 kotiin tupsahtaa vuokraamon toimesta paksu uuden BMW\u00a05 Gran Turismo -mallin esittelypaketti sek\u00e4 kutsu koeajoon M\u00fcncheniin. Kyseess\u00e4 on kilpailu, jossa voittavat p\u00e4\u00e4sev\u00e4t nauttimaan bemari viikonlopusta Sixtin kustantamana. Muille halukkaille on puolestaan mahdollisuus 125 eurolla vuokrata kyseinen auto koeajoon viikonlopuksi M\u00fcnchenin suunnalla. &hellip; <a href=\"https:\/\/www.vuosiamaailmalla.fi\/blog\/2010\/viikonloppu-koeajo\/\" class=\"more-link\">Jatka lukemista<span class=\"screen-reader-text\"> &#8221;Viikonloppu koeajo&#8221;<\/span><\/a><\/p>\n","protected":false},"author":1,"featured_media":11948,"comment_status":"open","ping_status":"open","sticky":false,"template":"","format":"standard","meta":{"_jetpack_memberships_contains_paid_content":false,"footnotes":""},"categories":[18,3],"tags":[34,232,456,133,190],"class_list":["post-1597","post","type-post","status-publish","format-standard","has-post-thumbnail","hentry","category-arki-saksassa","category-arki-ulkomailla","tag-arki","tag-bmw","tag-bmw-5-gran-turismo","tag-hassua","tag-saksa"],"jetpack_featured_media_url":"https:\/\/www.vuosiamaailmalla.fi\/blog\/wp-content\/uploads\/bemarin_mainos_banner.jpg","jetpack_sharing_enabled":true,"_links":{"self":[{"href":"https:\/\/www.vuosiamaailmalla.fi\/blog\/wp-json\/wp\/v2\/posts\/1597","targetHints":{"allow":["GET"]}}],"collection":[{"href":"https:\/\/www.vuosiamaailmalla.fi\/blog\/wp-json\/wp\/v2\/posts"}],"about":[{"href":"https:\/\/www.vuosiamaailmalla.fi\/blog\/wp-json\/wp\/v2\/types\/post"}],"author":[{"embeddable":true,"href":"https:\/\/www.vuosiamaailmalla.fi\/blog\/wp-json\/wp\/v2\/users\/1"}],"replies":[{"embeddable":true,"href":"https:\/\/www.vuosiamaailmalla.fi\/blog\/wp-json\/wp\/v2\/comments?post=1597"}],"version-history":[{"count":2,"href":"https:\/\/www.vuosiamaailmalla.fi\/blog\/wp-json\/wp\/v2\/posts\/1597\/revisions"}],"predecessor-version":[{"id":11950,"href":"https:\/\/www.vuosiamaailmalla.fi\/blog\/wp-json\/wp\/v2\/posts\/1597\/revisions\/11950"}],"wp:featuredmedia":[{"embeddable":true,"href":"https:\/\/www.vuosiamaailmalla.fi\/blog\/wp-json\/wp\/v2\/media\/11948"}],"wp:attachment":[{"href":"https:\/\/www.vuosiamaailmalla.fi\/blog\/wp-json\/wp\/v2\/media?parent=1597"}],"wp:term":[{"taxonomy":"category","embeddable":true,"href":"https:\/\/www.vuosiamaailmalla.fi\/blog\/wp-json\/wp\/v2\/categories?post=1597"},{"taxonomy":"post_tag","embeddable":true,"href":"https:\/\/www.vuosiamaailmalla.fi\/blog\/wp-json\/wp\/v2\/tags?post=1597"}],"curies":[{"name":"wp","href":"https:\/\/api.w.org\/{rel}","templated":true}]}}