{"id":1606,"date":"2013-01-23T20:34:09","date_gmt":"2013-01-24T04:34:09","guid":{"rendered":"http:\/\/13.53.127.146\/?p=1606"},"modified":"2022-01-22T11:12:33","modified_gmt":"2022-01-22T19:12:33","slug":"vuosi-kanadassa","status":"publish","type":"post","link":"https:\/\/www.vuosiamaailmalla.fi\/blog\/2013\/vuosi-kanadassa\/","title":{"rendered":"Vuosi Kanadassa"},"content":{"rendered":"<p style=\"text-align: justify;\">Oho! Minulta j\u00e4i melkein huomaamatta, ett\u00e4 t\u00e4m\u00e4n viikon maanantaina tuli t\u00e4yteen tasan vuosi Kanadassa eloa. Min\u00e4 saavuin <a title=\"Maahanmuutto bisnesluokassa\" href=\"https:\/\/www.vuosiamaailmalla.fi\/blog\/2012\/maahanmuutto-bisnesluokassa\/\">Kanadaan ensimm\u00e4iseksi<\/a> 21. tammikuuta 2012 ja saavuin yksin, sill\u00e4 Niina j\u00e4i viel\u00e4 Berliiniin j\u00e4rjest\u00e4m\u00e4\u00e4n muuttokuormamme l\u00e4ht\u00f6\u00e4 <a title=\"Muuttokuorman pitk\u00e4 matka\" href=\"https:\/\/www.vuosiamaailmalla.fi\/blog\/2012\/muuttokuorman-pitka-matka\/\">pitk\u00e4lle matkalleen<\/a> kohti Pohjois-Amerikan l\u00e4nsirannikolla sijaitsevaa Vancouveria.<\/p>\n<p><!--more--><\/p>\n<p style=\"text-align: justify;\">Aika on kulunut todella nopeasti ja mennyt vuosi on ollut eritt\u00e4in turbulenttinen <a title=\"Yhden aikakauden p\u00e4\u00e4t\u00f6s ja uuden alku\" href=\"https:\/\/www.vuosiamaailmalla.fi\/blog\/2013\/yhden-aikakauden-paatos-ja-uuden-alku\/\">erityisesti ty\u00f6rintamalla<\/a>. Onneksi asiat n\u00e4ytt\u00e4v\u00e4t taas pitk\u00e4st\u00e4 aikaa todella hyv\u00e4lt\u00e4 ja tunnelin p\u00e4\u00e4ss\u00e4 n\u00e4kyy j\u00e4lleen <em>normaalin<\/em> el\u00e4m\u00e4n valoa. Viime viikot ovatkin olleet kiireisi\u00e4 uuden ty\u00f6n parissa, eik\u00e4 kiire n\u00e4yt\u00e4 helpottavan ennen kuin vasta maaliskuussa, jolloin palaan tulevalta <a title=\"39 y\u00f6t\u00e4 Washingtonissa\" href=\"https:\/\/www.vuosiamaailmalla.fi\/blog\/2013\/39-yota-washingtonissa\/\">pitk\u00e4lt\u00e4 ty\u00f6matkaltani Washingtoniin<\/a> takaisin kotiin.<\/p>\n<p style=\"text-align: justify;\">Kaikista yll\u00e4tyksist\u00e4\u00e4n huolimatta ensimm\u00e4inen vuosi Kanadassa on ollut silti mahtavaa aikaa. Olemme viihtyneet eritt\u00e4in hyvin ja Vancouver on ollut kaupunkina kaikkea sit\u00e4 mit\u00e4 silt\u00e4 odotimmekin: kaunis, <a title=\"Rakennusnostureiden viidakko\" href=\"https:\/\/www.vuosiamaailmalla.fi\/blog\/2020\/rakennusnostureiden-viidakko\/\">voimakkaasti kehittyv\u00e4<\/a>, t\u00e4ynn\u00e4 ulkoilumahdollisuuksia, kansainv\u00e4linen, monin osin <a title=\"Kuinka olla vancouverilainen\" href=\"https:\/\/www.vuosiamaailmalla.fi\/blog\/2013\/kuinka-tulla-vancouverilaiseksi\/\">kanadalainen<\/a>, kallis, kiinnostava, yll\u00e4tt\u00e4v\u00e4 ja yksinkertaisesti <a title=\"Maailman paras asuinkaupunki\" href=\"https:\/\/www.vuosiamaailmalla.fi\/blog\/2014\/maailman-paras-asuinkaupunki\/\">mahtava asuinkaupunki<\/a>.<\/p>\n<p style=\"text-align: justify;\">Listaan voisi lis\u00e4t\u00e4 vaikka kuinka paljon adjektiiveja, mutta p\u00e4\u00e4osin tuntomme ovat siis olleet itse kaupungin suhteen hyvin positiiviset. T\u00e4h\u00e4n on vaikuttanut varmasti se, ett\u00e4 vaikka kaupungilla onkin my\u00f6s vikansa (esimerkiksi sen <a title=\"Pohjois-Amerikan kallein kaupunki\" href=\"https:\/\/www.vuosiamaailmalla.fi\/blog\/2012\/pohjois-amerikan-kallein-kaupunki\/\">t\u00f6rke\u00e4 kalleus<\/a>), olimme tutustuneet kaupunkiin hyvin ennakkoon, eik\u00e4 asia t\u00e4ten yll\u00e4tt\u00e4nyt meit\u00e4. Monet tapaamamme henkil\u00f6t eiv\u00e4t ole tienneet kaupungista paljoakaan ennen t\u00e4nne muuttoa ja jotkut ovatkin pettyneet, kun Vancouver ei ollutkaan sellainen kaupunki kuin olivat kuvitelleet sen olevan.<\/p>\n<p style=\"text-align: justify;\">Sopeutumistamme on helpottanut suuresti my\u00f6s se, ett\u00e4 meid\u00e4n taloudessamme seurataan paikallisia tapahtumia. Min\u00e4 luen paikallisia lehti\u00e4 sek\u00e4 paikallisia foorumeita, katsomme paikallista telkkaria ja tutkimme kaikkea Vancouveriin liittyv\u00e4\u00e4. Huomasimme jo Saksassa asuessamme, ett\u00e4 maahan kotiutuminen on paljon helpompaa kun ymm\u00e4rt\u00e4\u00e4 ymp\u00e4rill\u00e4 tapahtuvaa ja tiet\u00e4\u00e4 mist\u00e4 paikalliset puhuvat. Vancouverilaisten kestopuheenaiheita ovat esimerkiksi juuri asumisen kalleus, <a title=\"Siet\u00e4m\u00e4tt\u00f6m\u00e4n ruuhkainen metropoli\" href=\"https:\/\/www.vuosiamaailmalla.fi\/blog\/2015\/sietamattoman-ruuhkainen-metropoli\/\">liikenne<\/a>, naapuriprovinssi Albertan <a title=\"\u00d6ljy ajoi British Columbian ja Albertan kauppasotaan\" href=\"https:\/\/www.vuosiamaailmalla.fi\/blog\/2018\/oljy-ajoi-british-columbian-ja-albertan-kauppasotaan\/\">suunnitelmat \u00f6ljyputkesta<\/a> British Columbian halki, <a title=\"Rajashoppailussa enn\u00e4tyslukemat\" href=\"https:\/\/www.vuosiamaailmalla.fi\/blog\/2012\/rajashoppailussa-ennatyslukemat\/\">ostosmatkailu rajan ylitse<\/a> ja niin edelleen. N\u00e4ist\u00e4 aiheista on tullut luettua ja kuultua niin paljon, ett\u00e4 aiheista on ehtinyt muodostua itsellekin jo vankka mielipide. Se onkin tarpeen, sill\u00e4 aina v\u00e4lill\u00e4 joutuu keskusteluun n\u00e4ist\u00e4 aiheista, joten on hyv\u00e4 ett\u00e4 oma mielipide on valmiina laajennettavaksi.<\/p>\n<p style=\"text-align: justify;\">Ainoa itse\u00e4ni harmittava asia ensimm\u00e4iselt\u00e4 vuodeltamme on, etten ole ehtinyt kirjoittaa kuin alle puolesta t\u00e4\u00e4ll\u00e4 kokemastamme ja n\u00e4kem\u00e4st\u00e4mme. Vuoden aikana on tapahtunut niin paljon ja aiheita onkin &#8221;listallani&#8221; valehtelematta l\u00e4hemm\u00e4s sata, aina pienist\u00e4 tapahtumista suuriin matkakertomuksiin saakka. Yrit\u00e4n ottaa itse\u00e4ni niskasta kiinni t\u00e4m\u00e4n suhteen kunhan vain saamme uuden arkemme rullaamaan t\u00e4ss\u00e4 kev\u00e4\u00e4n aikana, joskin horisontissa siint\u00e4\u00e4 jo uusia matkoja ja t\u00e4n\u00e4 vuonna olemme my\u00f6s saamassa luoksemme vieraaksi <a title=\"Vieraita vanhalta mantereelta\" href=\"https:\/\/www.vuosiamaailmalla.fi\/blog\/2013\/vieraita-vanhalta-mantereelta\/\">monta<\/a> <a title=\"Kes\u00e4n viimeiset vieraat\" href=\"https:\/\/www.vuosiamaailmalla.fi\/blog\/2013\/kesan-viimeiset-vieraat\/\">konkkaronkkaa<\/a>. Kirjoitan n\u00e4ist\u00e4 kunhan kerke\u00e4n, mutta t\u00e4ll\u00e4 er\u00e4\u00e4 lienee syyt\u00e4 olla tyytyv\u00e4inen ett\u00e4 muistin maanantaisen suuren merkkip\u00e4iv\u00e4ni. Sit\u00e4 miettiess\u00e4 voikin mietti\u00e4 montakohan vastaavaa kirjoitusta kerke\u00e4nk\u00e4\u00e4n kirjoittamaan <a title=\"Kaksi vuotta Kanadassa\" href=\"https:\/\/www.vuosiamaailmalla.fi\/blog\/2014\/kaksi-vuotta-kanadassa\/\">tulevina vuosina<\/a>. Aika n\u00e4ytt\u00e4\u00e4 kauanko Vancouver tuleekaan olemaan kotimme ja <a title=\"Uunituoreet Kanadan kansalaiset\" href=\"https:\/\/www.vuosiamaailmalla.fi\/blog\/2019\/uunituoreet-kanadan-kansalaiset\/\">mit\u00e4 kaikkea<\/a> t\u00e4\u00e4ll\u00e4 tulee vuosien varrella <a title=\"Uuden el\u00e4m\u00e4n alku\" href=\"https:\/\/www.vuosiamaailmalla.fi\/blog\/2021\/uuden-elaman-alku\/\">tapahtumaan<\/a>.<\/p>\n","protected":false},"excerpt":{"rendered":"<p>Oho! Minulta j\u00e4i melkein huomaamatta, ett\u00e4 t\u00e4m\u00e4n viikon maanantaina tuli t\u00e4yteen tasan vuosi Kanadassa eloa. Min\u00e4 saavuin Kanadaan ensimm\u00e4iseksi 21. tammikuuta 2012 ja saavuin yksin, sill\u00e4 Niina j\u00e4i viel\u00e4 Berliiniin j\u00e4rjest\u00e4m\u00e4\u00e4n muuttokuormamme l\u00e4ht\u00f6\u00e4 pitk\u00e4lle matkalleen kohti Pohjois-Amerikan l\u00e4nsirannikolla sijaitsevaa Vancouveria.<\/p>\n","protected":false},"author":1,"featured_media":11909,"comment_status":"open","ping_status":"open","sticky":false,"template":"","format":"standard","meta":{"_jetpack_memberships_contains_paid_content":false,"footnotes":""},"categories":[17,3,4],"tags":[25,34,935,939],"class_list":["post-1606","post","type-post","status-publish","format-standard","has-post-thumbnail","hentry","category-arki-kanadassa","category-arki-ulkomailla","category-asuminen-kanadassa","tag-ajankohtaista","tag-arki","tag-kanada","tag-vancouver"],"jetpack_featured_media_url":"https:\/\/www.vuosiamaailmalla.fi\/blog\/wp-content\/uploads\/kanadan_lippu_banner-1.jpg","jetpack_sharing_enabled":true,"_links":{"self":[{"href":"https:\/\/www.vuosiamaailmalla.fi\/blog\/wp-json\/wp\/v2\/posts\/1606","targetHints":{"allow":["GET"]}}],"collection":[{"href":"https:\/\/www.vuosiamaailmalla.fi\/blog\/wp-json\/wp\/v2\/posts"}],"about":[{"href":"https:\/\/www.vuosiamaailmalla.fi\/blog\/wp-json\/wp\/v2\/types\/post"}],"author":[{"embeddable":true,"href":"https:\/\/www.vuosiamaailmalla.fi\/blog\/wp-json\/wp\/v2\/users\/1"}],"replies":[{"embeddable":true,"href":"https:\/\/www.vuosiamaailmalla.fi\/blog\/wp-json\/wp\/v2\/comments?post=1606"}],"version-history":[{"count":3,"href":"https:\/\/www.vuosiamaailmalla.fi\/blog\/wp-json\/wp\/v2\/posts\/1606\/revisions"}],"predecessor-version":[{"id":12617,"href":"https:\/\/www.vuosiamaailmalla.fi\/blog\/wp-json\/wp\/v2\/posts\/1606\/revisions\/12617"}],"wp:featuredmedia":[{"embeddable":true,"href":"https:\/\/www.vuosiamaailmalla.fi\/blog\/wp-json\/wp\/v2\/media\/11909"}],"wp:attachment":[{"href":"https:\/\/www.vuosiamaailmalla.fi\/blog\/wp-json\/wp\/v2\/media?parent=1606"}],"wp:term":[{"taxonomy":"category","embeddable":true,"href":"https:\/\/www.vuosiamaailmalla.fi\/blog\/wp-json\/wp\/v2\/categories?post=1606"},{"taxonomy":"post_tag","embeddable":true,"href":"https:\/\/www.vuosiamaailmalla.fi\/blog\/wp-json\/wp\/v2\/tags?post=1606"}],"curies":[{"name":"wp","href":"https:\/\/api.w.org\/{rel}","templated":true}]}}