{"id":1609,"date":"2013-01-29T18:54:06","date_gmt":"2013-01-30T02:54:06","guid":{"rendered":"http:\/\/13.53.127.146\/?p=1609"},"modified":"2013-02-07T16:07:52","modified_gmt":"2013-02-08T00:07:52","slug":"39-yota-washingtonissa","status":"publish","type":"post","link":"https:\/\/www.vuosiamaailmalla.fi\/blog\/2013\/39-yota-washingtonissa\/","title":{"rendered":"39 y\u00f6t\u00e4 Washingtonissa"},"content":{"rendered":"<p style=\"text-align: justify;\">Vuoden alussa aloittamani <a title=\"Yhden aikakauden p\u00e4\u00e4t\u00f6s ja uuden alku\" href=\"https:\/\/www.vuosiamaailmalla.fi\/?p=1567\">uusi ty\u00f6paikka<\/a> tarkoittaa paitsi uusia teht\u00e4vi\u00e4 ja vastuita, my\u00f6s lukuisia uusia asioita opeteltavaksi. Jo palkkausvaiheessa minulle tehtiin selv\u00e4ksi, ett\u00e4 pian ty\u00f6ss\u00e4 aloitettua olisi edess\u00e4 koulutusjakso, joka tapahtuisi Yhdysvaltojen p\u00e4\u00e4kaupungissa Washington D.C.:ssa sijaitsevalla toimistollamme. Tulemme muutenkin tekem\u00e4\u00e4n kyseisen toimiston kanssa paljon yhteisty\u00f6t\u00e4, joten tietotaidon siirt\u00e4minen juuri t\u00e4\u00e4ll\u00e4 onkin ehdottomasti paras ratkaisu saada uusi tiimimme nopeasti vauhtiin.<\/p>\n<p style=\"text-align: justify;\">Matkaan l\u00e4hdettiin eilen <a title=\"Draamaa rajalla\" href=\"https:\/\/www.vuosiamaailmalla.fi\/?p=1641\">maanantaina<\/a>, jolloin lensimme Portlandin kautta keskustan aivan kupeessa sijaitsevalle <em>Ronald Reagan Airportille<\/em>. Laskeutuminen pienelle keskustakent\u00e4lle oli upean urbaani kokemus ja vieress\u00e4 vilahtivat kaikki Washingtonin kuuluisat maamerkit. \ud83d\ude42<\/p>\n<p><!--more--><\/p>\n<p style=\"text-align: justify;\">Koulutuksemme Washingtonissa kest\u00e4\u00e4 per\u00e4ti <strong>kuusi viikkoa<\/strong> (tarkalleen sanottuna 39 y\u00f6t\u00e4), joten olen kotona vasta maaliskuussa. \u2757 Se on melko hassu ajatus n\u00e4in viel\u00e4 tammikuussa. Kuusi viikkoa on kielt\u00e4m\u00e4tt\u00e4 sangen pitk\u00e4 aika olla poissa kotoa. Ei se nyt viel\u00e4 n\u00e4in toisena iltana haittaa, mutta voi olla ett\u00e4 muutaman viikon j\u00e4lkeen mieli on jo toinen. Onneksi vaikuttaisi silt\u00e4, ett\u00e4 Niinallakin on t\u00e4nne suunnalle ty\u00f6matka jossain maaliskuun tienoilla, joten voi olla ett\u00e4 olemme tuolloin yht\u00e4 aikaa Washingtonissa. V\u00e4h\u00e4n samaan tyyliin kun olimme molemmat yht\u00e4 aikaa ty\u00f6matkalla <a title=\"Ty\u00f6matkoja it\u00e4rannikolle\" href=\"https:\/\/www.vuosiamaailmalla.fi\/?p=1220\">marraskuussa<\/a>, jolloin Niina vieraili juuri samaisella Washingtonin toimistolla ja min\u00e4 olin viel\u00e4 Nokian vieraana <a title=\"Ty\u00f6matka Bostoniin\" href=\"https:\/\/www.vuosiamaailmalla.fi\/?p=1240\">Bostonissa<\/a>.<\/p>\n<p style=\"text-align: justify;\">Majoitumme Washingtonissa huonestoissa <a title=\"Pentagon City yl\u00e4ilmoista\" href=\"https:\/\/www.vuosiamaailmalla.fi\/?p=1615\">Pentagon Cityn<\/a> alueella. Alue sijaitsee vain pari metropys\u00e4kki\u00e4 Washingtonin keskustasta, jossa toimistomme sijaitsee aivan Valkoisen talon l\u00e4hist\u00f6ll\u00e4. Majoituksemme sijaitsee virallisesti naapuriosavaltio Virginian puolella, Arlingtonin kaupungissa. Kuten alueen nimikin kertoo, sijaitsee Yhdysvaltojen puolustusministeri\u00f6n j\u00e4ttim\u00e4inen <em>Pentagonin<\/em> toimisto tuossa aivan asuinalueemme naapurissa. Rakennus on sama, johon yksi syyskuun 11. lentokoneista iskeytyi.<\/p>\n<p>Koska olen Washingtonissa niin pitk\u00e4\u00e4n, ehtii kaupunki tulla varmasti hyvin tutuksi. Yrit\u00e4nkin kirjoitella t\u00e4nne blogin puolelle kuulumisiani matkan varrelta ja laitella kuviakin n\u00e4ht\u00e4ville kaikenlaisesta t\u00e4\u00e4ll\u00e4 n\u00e4hdyst\u00e4 ja koetusta. Nyt silmi\u00e4 painaa kuitenkin v\u00e4symys siihen malliin, ett\u00e4 suuntaan t\u00e4st\u00e4 koneelta nukkumaan. Ehk\u00e4 viikonloppuna laittelen n\u00e4ytille ensimm\u00e4isi\u00e4 kuvia t\u00e4\u00e4lt\u00e4 suunnalta, v\u00e4h\u00e4n s\u00e4\u00e4st\u00e4 riippuen. \ud83d\ude42<\/p>\n","protected":false},"excerpt":{"rendered":"<p>Vuoden alussa aloittamani uusi ty\u00f6paikka tarkoittaa paitsi uusia teht\u00e4vi\u00e4 ja vastuita, my\u00f6s lukuisia uusia asioita opeteltavaksi. Jo palkkausvaiheessa minulle tehtiin selv\u00e4ksi, ett\u00e4 pian ty\u00f6ss\u00e4 aloitettua olisi edess\u00e4 koulutusjakso, joka tapahtuisi Yhdysvaltojen p\u00e4\u00e4kaupungissa Washington D.C.:ssa sijaitsevalla toimistollamme. Tulemme muutenkin tekem\u00e4\u00e4n kyseisen toimiston kanssa paljon yhteisty\u00f6t\u00e4, joten tietotaidon siirt\u00e4minen juuri t\u00e4\u00e4ll\u00e4 onkin ehdottomasti paras ratkaisu saada uusi &hellip; <a href=\"https:\/\/www.vuosiamaailmalla.fi\/blog\/2013\/39-yota-washingtonissa\/\" class=\"more-link\">Jatka lukemista<span class=\"screen-reader-text\"> &#8221;39 y\u00f6t\u00e4 Washingtonissa&#8221;<\/span><\/a><\/p>\n","protected":false},"author":1,"featured_media":0,"comment_status":"open","ping_status":"open","sticky":false,"template":"","format":"standard","meta":{"_jetpack_memberships_contains_paid_content":false,"footnotes":""},"categories":[3,7,12,13,890],"tags":[457,207,395,219],"class_list":["post-1609","post","type-post","status-publish","format-standard","hentry","category-arki-ulkomailla","category-matkakertomukset","category-matkalla-kerrottua","category-tyoskentely-kanadassa","category-yhdysvallat","tag-matkakertomus-washington","tag-tyo","tag-washington","tag-yhdysvallat"],"jetpack_featured_media_url":"","jetpack_sharing_enabled":true,"_links":{"self":[{"href":"https:\/\/www.vuosiamaailmalla.fi\/blog\/wp-json\/wp\/v2\/posts\/1609","targetHints":{"allow":["GET"]}}],"collection":[{"href":"https:\/\/www.vuosiamaailmalla.fi\/blog\/wp-json\/wp\/v2\/posts"}],"about":[{"href":"https:\/\/www.vuosiamaailmalla.fi\/blog\/wp-json\/wp\/v2\/types\/post"}],"author":[{"embeddable":true,"href":"https:\/\/www.vuosiamaailmalla.fi\/blog\/wp-json\/wp\/v2\/users\/1"}],"replies":[{"embeddable":true,"href":"https:\/\/www.vuosiamaailmalla.fi\/blog\/wp-json\/wp\/v2\/comments?post=1609"}],"version-history":[{"count":0,"href":"https:\/\/www.vuosiamaailmalla.fi\/blog\/wp-json\/wp\/v2\/posts\/1609\/revisions"}],"wp:attachment":[{"href":"https:\/\/www.vuosiamaailmalla.fi\/blog\/wp-json\/wp\/v2\/media?parent=1609"}],"wp:term":[{"taxonomy":"category","embeddable":true,"href":"https:\/\/www.vuosiamaailmalla.fi\/blog\/wp-json\/wp\/v2\/categories?post=1609"},{"taxonomy":"post_tag","embeddable":true,"href":"https:\/\/www.vuosiamaailmalla.fi\/blog\/wp-json\/wp\/v2\/tags?post=1609"}],"curies":[{"name":"wp","href":"https:\/\/api.w.org\/{rel}","templated":true}]}}