{"id":1651,"date":"2013-02-08T18:00:09","date_gmt":"2013-02-09T02:00:09","guid":{"rendered":"http:\/\/13.53.127.146\/?p=1651"},"modified":"2021-01-21T19:51:25","modified_gmt":"2021-01-22T03:51:25","slug":"pentagon-memorial","status":"publish","type":"post","link":"https:\/\/www.vuosiamaailmalla.fi\/blog\/2013\/pentagon-memorial\/","title":{"rendered":"Pentagon Memorial"},"content":{"rendered":"<p style=\"text-align: justify;\">Viime viikonloppu oli ensimm\u00e4inen hetki harrastaa turismia t\u00e4\u00e4ll\u00e4 Washingtonissa ja suuntasinkin lauantaina keskustaan, jossa vierailin <em>Smithsonian National Air and Space Museumissa<\/em>. Museosta selvitty\u00e4ni poikkesin kotimatkalla asuntomme l\u00e4heisyydess\u00e4 sijaitsevalla Yhdysvaltain puolustusministeri\u00f6n p\u00e4\u00e4maja Pentagonilla.<\/p>\n<p style=\"text-align: justify;\">Viisikulmainen j\u00e4ttim\u00e4inen Pentagon on pinta-alalla mitattuna maailman suurin toimistorakennus. Rakennuksen kokonaispinta-ala on noin 600 000 neli\u00f6metri\u00e4, josta toimistok\u00e4yt\u00f6ss\u00e4 on reilut 340 000 neli\u00f6metri\u00e4. Valtavasta rakennuksesta ei saa maantasolta katsottuna oikein mit\u00e4\u00e4n mielikuvaa, vaan rakennuksen muoto alkaa hahmottua vasta <a title=\"Pentagon City yl\u00e4ilmoista\" href=\"http:\/\/www.vuosiamaailmalla.fi\/blog\/2013\/pentagon-city-ylailmoista\/\">yl\u00e4ilmoista katsottuna<\/a>. Rakennukselle on helppo saapua, sill\u00e4 sen luona sijaitsee oma <a title=\"Washingtonin metro\" href=\"http:\/\/www.vuosiamaailmalla.fi\/blog\/2013\/washingtonin-metro\/\">metroasema<\/a> sek\u00e4 vilkas linja-autoliikenteen vaihtoasema.<\/p>\n<p><!--more--><\/p>\n<p style=\"text-align: justify;\">Alueella saa liikkua rajoitettuja reittej\u00e4 pitkin, mutta valokuvaus on kielletty\u00e4. Reitti muistomerkille kulkee Pentagonia ymp\u00e4r\u00f6iv\u00e4n valtavan parkkipaikka-alueen halki rakennuksen toiselle puolelle, jossa sijaitsee <em>Pentagon Memorialina<\/em> tunnettu muistomerkki syyskuun 11. p\u00e4iv\u00e4n iskulle rakennusta vastaan. Tuona kohtalokkaana aamuna kello 8:10 paikallista aikaa, nousi l\u00e4heiselt\u00e4 Dullesin lentokent\u00e4lt\u00e4 ilmaan American Airlinesin lento numero 77 kohti Los Angelesia, kyydiss\u00e4\u00e4n 58 matkustajaa. Hetken lennetty\u00e4\u00e4n lento joutui kaapatuksi ja k\u00e4\u00e4ntyi takaisin kohti Washingtonia, jossa se kello 9:37 osui Pentagonin l\u00e4nsipuoleiseen sein\u00e4\u00e4n.<\/p>\n<p style=\"text-align: center;\"><a href=\"\/blog\/wp-content\/uploads\/2013\/osumakohta.jpg\"><img decoding=\"async\" style=\"border: 0px none; margin: 5px;\" src=\"\/blog\/wp-content\/uploads\/2013\/osumakohta.jpg\" alt=\"\" \/><\/a><\/p>\n<p style=\"text-align: center;\"><em>Osumakohta Pentagonin sein\u00e4ss\u00e4<\/em><\/p>\n<p style=\"text-align: justify;\">N\u00e4in ainakin v\u00e4itet\u00e4\u00e4n k\u00e4yneen, sill\u00e4 suuren Boeing 757 -lentokoneen t\u00f6rm\u00e4yksest\u00e4 853km\/h nopeudella rakennukseen ei j\u00e4\u00e4nyt suuriakaan <a href=\"https:\/\/en.wikipedia.org\/wiki\/American_Airlines_Flight_77#Crash\">j\u00e4lki\u00e4<\/a>. Kone ik\u00e4\u00e4n kuin katosi t\u00f6rm\u00e4yksen j\u00e4lkeen, j\u00e4tt\u00e4en ainoastaan j\u00e4lkeens\u00e4 ainoastan pienoista rojua pihamaalle, pienehk\u00f6n rei\u00e4n rakennuksen sein\u00e4\u00e4n sek\u00e4 tulipalon rakennuksen sis\u00e4tiloihin, jonka voimasta osa rakennuksen ulkosein\u00e4st\u00e4 romahti my\u00f6hemmin aamup\u00e4iv\u00e4ll\u00e4.<\/p>\n<p style=\"text-align: justify;\">Iskussa kuolivat kaikki koneessa olleet sek\u00e4 125 Pentagonin tuossa osassa tuolloin ty\u00f6skennellytt\u00e4. Iskun aikaan koko rakennuksessa ty\u00f6skenteli noin 18 000 ihmist\u00e4, mik\u00e4 on huomattavasti v\u00e4hemm\u00e4n kuin normaalina p\u00e4iv\u00e4n\u00e4 paikalla olevat jopa 31 000 ty\u00f6ntekij\u00e4\u00e4. N\u00e4iden iskussa kuolleiden muistoksi perustettiin vuonna 2006 muistomerkki, jolla lauantaina k\u00e4vin.<\/p>\n<p style=\"text-align: center;\"><a href=\"\/blog\/wp-content\/uploads\/2013\/pentagon_memorial2.jpg\"><img decoding=\"async\" style=\"border: 0px none; margin: 5px;\" src=\"\/blog\/wp-content\/uploads\/2013\/thumbs\/thumbs_pentagon_memorial2.jpg\" alt=\"\" \/><\/a><a href=\"\/blog\/wp-content\/uploads\/2013\/pentagon_memorial3.jpg\"><img decoding=\"async\" style=\"border: 0px none; margin: 5px;\" src=\"\/blog\/wp-content\/uploads\/2013\/thumbs\/thumbs_pentagon_memorial3.jpg\" alt=\"\" \/><\/a><a href=\"\/blog\/wp-content\/uploads\/2013\/pentagon_memorial1.jpg\"><img decoding=\"async\" style=\"border: 0px none; margin: 5px;\" src=\"\/blog\/wp-content\/uploads\/2013\/thumbs\/thumbs_pentagon_memorial1.jpg\" alt=\"\" \/><\/a><\/p>\n<p style=\"text-align: center;\"><em>Muistomerkki iskun uhreille<\/em><\/p>\n<p style=\"text-align: justify;\">Muistomerkill\u00e4 ei ole paljoakaan n\u00e4ht\u00e4v\u00e4\u00e4, sill\u00e4 muistomerkki muodostuu l\u00e4hinn\u00e4 184:st\u00e4 pienest\u00e4 tasanteesta nimikyltill\u00e4 sora-alueen keskell\u00e4. Hieman kiintoisampaa on, ett\u00e4 muistomerkill\u00e4 on lupa ottaa valokuvia, my\u00f6s vieress\u00e4 seisovasta Pentagonista. T\u00e4st\u00e4 suunnasta onkin helppo havaita miten iskun j\u00e4lkeen kunnostettu osa sein\u00e4m\u00e4st\u00e4 on eri v\u00e4rinen ymp\u00e4r\u00f6iv\u00e4st\u00e4 rakennuksesta, muistuttaen yhdentoista vuoden takaisesta tapahtumasta.<\/p>\n<p style=\"text-align: center;\"><a href=\"\/blog\/wp-content\/uploads\/2013\/pentagon_memorial_panoraama.jpg\"><img decoding=\"async\" style=\"border: 0px none; margin: 5px;\" src=\"\/blog\/wp-content\/uploads\/2013\/pentagon_memorial_panoraama_pieni.jpg\" alt=\"\" \/><\/a><\/p>\n<p style=\"text-align: center;\"><em>Panoraama Pentagon Memorialin alueesta<\/em><\/p>\n<p style=\"text-align: justify;\">Muistomerkill\u00e4 odotettiin vierailevan jopa kaksi miljoonaa ihmist\u00e4 vuosittain, mutta todellisuudessa lukemat ovat j\u00e4\u00e4neet alle 250 000:een. En ihmettele t\u00e4t\u00e4, sill\u00e4 muistomerkki on ehk\u00e4 Washingtonin alueen v\u00e4hiten kiinnostavimpia n\u00e4ht\u00e4vyyksi\u00e4. Tosin jos k\u00e4yt\u00f6ss\u00e4 on kuitenkin esimerkiksi <a title=\"39 y\u00f6t\u00e4 Washingtonissa\" href=\"https:\/\/www.vuosiamaailmalla.fi\/?p=1609\">kuusi viikkoa<\/a>, ehtii t\u00e4\u00e4ll\u00e4kin varmasti jossain v\u00e4liss\u00e4 poikkeamaan.<\/p>\n","protected":false},"excerpt":{"rendered":"<p>Viime viikonloppu oli ensimm\u00e4inen hetki harrastaa turismia t\u00e4\u00e4ll\u00e4 Washingtonissa ja suuntasinkin lauantaina keskustaan, jossa vierailin Smithsonian National Air and Space Museumissa. Museosta selvitty\u00e4ni poikkesin kotimatkalla asuntomme l\u00e4heisyydess\u00e4 sijaitsevalla Yhdysvaltain puolustusministeri\u00f6n p\u00e4\u00e4maja Pentagonilla. Viisikulmainen j\u00e4ttim\u00e4inen Pentagon on pinta-alalla mitattuna maailman suurin toimistorakennus. Rakennuksen kokonaispinta-ala on noin 600 000 neli\u00f6metri\u00e4, josta toimistok\u00e4yt\u00f6ss\u00e4 on reilut 340 000 neli\u00f6metri\u00e4. &hellip; <a href=\"https:\/\/www.vuosiamaailmalla.fi\/blog\/2013\/pentagon-memorial\/\" class=\"more-link\">Jatka lukemista<span class=\"screen-reader-text\"> &#8221;Pentagon Memorial&#8221;<\/span><\/a><\/p>\n","protected":false},"author":1,"featured_media":11391,"comment_status":"open","ping_status":"open","sticky":false,"template":"","format":"standard","meta":{"_jetpack_memberships_contains_paid_content":false,"footnotes":""},"categories":[3,7,12,890],"tags":[459,457,458,467,395,11],"class_list":["post-1651","post","type-post","status-publish","format-standard","has-post-thumbnail","hentry","category-arki-ulkomailla","category-matkakertomukset","category-matkalla-kerrottua","category-yhdysvallat","tag-arlington","tag-matkakertomus-washington","tag-pentagon","tag-pentagon-memorial","tag-washington","tag-matkakertomukset-yhdysvallat"],"jetpack_featured_media_url":"https:\/\/www.vuosiamaailmalla.fi\/blog\/wp-content\/uploads\/pentagon_memorial_banner-1.jpg","jetpack_sharing_enabled":true,"_links":{"self":[{"href":"https:\/\/www.vuosiamaailmalla.fi\/blog\/wp-json\/wp\/v2\/posts\/1651","targetHints":{"allow":["GET"]}}],"collection":[{"href":"https:\/\/www.vuosiamaailmalla.fi\/blog\/wp-json\/wp\/v2\/posts"}],"about":[{"href":"https:\/\/www.vuosiamaailmalla.fi\/blog\/wp-json\/wp\/v2\/types\/post"}],"author":[{"embeddable":true,"href":"https:\/\/www.vuosiamaailmalla.fi\/blog\/wp-json\/wp\/v2\/users\/1"}],"replies":[{"embeddable":true,"href":"https:\/\/www.vuosiamaailmalla.fi\/blog\/wp-json\/wp\/v2\/comments?post=1651"}],"version-history":[{"count":2,"href":"https:\/\/www.vuosiamaailmalla.fi\/blog\/wp-json\/wp\/v2\/posts\/1651\/revisions"}],"predecessor-version":[{"id":11392,"href":"https:\/\/www.vuosiamaailmalla.fi\/blog\/wp-json\/wp\/v2\/posts\/1651\/revisions\/11392"}],"wp:featuredmedia":[{"embeddable":true,"href":"https:\/\/www.vuosiamaailmalla.fi\/blog\/wp-json\/wp\/v2\/media\/11391"}],"wp:attachment":[{"href":"https:\/\/www.vuosiamaailmalla.fi\/blog\/wp-json\/wp\/v2\/media?parent=1651"}],"wp:term":[{"taxonomy":"category","embeddable":true,"href":"https:\/\/www.vuosiamaailmalla.fi\/blog\/wp-json\/wp\/v2\/categories?post=1651"},{"taxonomy":"post_tag","embeddable":true,"href":"https:\/\/www.vuosiamaailmalla.fi\/blog\/wp-json\/wp\/v2\/tags?post=1651"}],"curies":[{"name":"wp","href":"https:\/\/api.w.org\/{rel}","templated":true}]}}