{"id":1670,"date":"2013-02-16T17:40:38","date_gmt":"2013-02-17T01:40:38","guid":{"rendered":"http:\/\/13.53.127.146\/?p=1670"},"modified":"2021-01-21T19:41:20","modified_gmt":"2021-01-22T03:41:20","slug":"lincoln-memorial","status":"publish","type":"post","link":"https:\/\/www.vuosiamaailmalla.fi\/blog\/2013\/lincoln-memorial\/","title":{"rendered":"Lincoln Memorial"},"content":{"rendered":"<p style=\"text-align: justify;\">Viimeaikaista <a href=\"https:\/\/www.vuosiamaailmalla.fi\/?tag=matkakertomus-washington\">Washingtonin matkakertomustani<\/a> lukeneet ovat saattaneet saada sellaisen k\u00e4sityksen, ett\u00e4 puolentoista kuukauden <a title=\"39 y\u00f6t\u00e4 Washingtonissa\" href=\"https:\/\/www.vuosiamaailmalla.fi\/?p=1609\">mittainen<\/a> ty\u00f6matkani Yhdysvaltojen p\u00e4\u00e4kaupunkiin on pelkk\u00e4\u00e4 lomailua. Aivan n\u00e4in ei asia kuitenkaan ole ja n\u00e4ht\u00e4vyyksien kiertelyyn ja ty\u00f6matkan ulkopuoliseen kaupungin n\u00e4kemiseen on ollut aikaa vain ja ainoastaan viikonloppuisin. Onneksi sent\u00e4\u00e4n kelit ovat p\u00e4\u00e4osin suosineet viikonloppuisin, kuten my\u00f6skin viime viikonloppuna, jolloin tein pitk\u00e4n k\u00e4velylenkin <em>National Mall<\/em> puiston alueella.<\/p>\n<p><!--more--><\/p>\n<p style=\"text-align: justify;\">Suuren puistoalueen sis\u00e4ll\u00e4 sijaitsee monia kiintoisia n\u00e4ht\u00e4vyyksi\u00e4, mutta puiston it\u00e4-l\u00e4nsi akselin l\u00e4nsip\u00e4\u00e4ss\u00e4 sijaitsee <em>Lincoln Memorial<\/em> on n\u00e4ist\u00e4 kenties kiintoisin. T\u00e4m\u00e4 kreikkalaisista temppeleist\u00e4 inspiraationsa ammentava valtava monumentti valmistui vuonna 1922 ja se on omistettu Yhdysvaltojen 16. presidentin, Abraham Lincolnin, muistoksi. Huhtikuussa vuonna 1865 <a title=\"Abraham Lincolnin salamurha\" href=\"https:\/\/www.vuosiamaailmalla.fi\/?p=1697\">salamurhattu<\/a> Lincoln on amerikkalaisten suosikkipresidentti, jonka ansioiksi luetaan maan johtaminen kivuliaan Amerikan sis\u00e4llissodan l\u00e4vitse sek\u00e4 orjuuden lopettaminen maassa.<\/p>\n<p style=\"text-align: justify;\">Lincolnin muistomerkki on maailmanlaajuisesti tunnettu, sill\u00e4 se on n\u00e4hty kymmeniss\u00e4 elokuvissa. Se on my\u00f6s tunnettu tausta monelle merkitt\u00e4v\u00e4lle marssille, puheelle sek\u00e4 konsertille. Kuuluisin puhe muistomerkill\u00e4 lienee Martin Luther King Juniorin kuuluisa <em>&#8221;I Have a Dream&#8221;<\/em> -puhe, jota oli elokuun 28. p\u00e4iv\u00e4 vuonna 1963 kuulemassa yli 250 000 ihmist\u00e4. Lincolniin liittyv\u00e4st\u00e4 henkisest\u00e4 perinn\u00f6st\u00e4 johtuen muistomerkki onkin ollut erilaisten ihmisoikeusliikkeiden suosima kokoontumispaikka ja siell\u00e4 on muun muassa esitetty mielt\u00e4 Vietnamin sotaa vastaan. Melkein vuosisadan seisseest\u00e4 muistomerkist\u00e4 onkin muodostunut amerikkalaisille rakas symbolia, jolla vierailee vuosittain noin kuusi miljoonaa ihmist\u00e4.<\/p>\n<p style=\"text-align: center;\"><a href=\"\/blog\/wp-content\/uploads\/2013\/lincoln_memorial_ulkoa2.jpg\"><img decoding=\"async\" style=\"border: 0px none; margin: 5px;\" src=\"\/blog\/wp-content\/uploads\/2013\/thumbs\/thumbs_lincoln_memorial_ulkoa2.jpg\" alt=\"\" \/><\/a><a href=\"\/blog\/wp-content\/uploads\/2013\/lincoln_memorial_ulkoa1.jpg\"><img decoding=\"async\" style=\"border: 0px none; margin: 5px;\" src=\"\/blog\/wp-content\/uploads\/2013\/thumbs\/thumbs_lincoln_memorial_ulkoa1.jpg\" alt=\"\" \/><\/a><a href=\"\/blog\/wp-content\/uploads\/2013\/lincoln_memorial_ulkoa3.jpg\"><img decoding=\"async\" style=\"border: 0px none; margin: 5px;\" src=\"\/blog\/wp-content\/uploads\/2013\/thumbs\/thumbs_lincoln_memorial_ulkoa3.jpg\" alt=\"\" \/><\/a><\/p>\n<p style=\"text-align: center;\"><em>Lincoln Memorial id\u00e4st\u00e4 l\u00e4hestytt\u00e4ess\u00e4<\/em><\/p>\n<p style=\"text-align: justify;\">Muistomerkki\u00e4 kannattaa l\u00e4hesty\u00e4 National Mallia pitkin k\u00e4vellen id\u00e4st\u00e4, sill\u00e4 tuolloin se n\u00e4ytt\u00e4ytyy edess\u00e4\u00e4n levitt\u00e4ytyv\u00e4\u00e4 618 metri\u00e4 pitk\u00e4\u00e4 ja 51 metri\u00e4 leve\u00e4\u00e4 heijastusallasta vasten. Vain puolisen metri\u00e4 syv\u00e4 allas on on remontoitu vuonna 2011 ja sen tyyni pinta heijastaa upeasti marmorisen Lincoln Memorialin. L\u00e4hemp\u00e4n\u00e4 muistomerkki\u00e4 kannattaa my\u00f6s katsastaa tulosuuntaan, jossa heijastuu puolestaan <em>Washington Monument<\/em>. N\u00e4in ainakin tyynen\u00e4 p\u00e4iv\u00e4n\u00e4, sill\u00e4 lauantai oli sen verran tuulinen p\u00e4iv\u00e4, ett\u00e4 n\u00e4m\u00e4 kuuluisat heijastukset j\u00e4iv\u00e4t koko lailla n\u00e4kem\u00e4tt\u00e4.<\/p>\n<p style=\"text-align: center;\"><a href=\"\/blog\/wp-content\/uploads\/2013\/lincoln_temppelissaan1.jpg\"><img decoding=\"async\" style=\"border: 0px none; margin: 5px;\" src=\"\/blog\/wp-content\/uploads\/2013\/thumbs\/thumbs_lincoln_temppelissaan1.jpg\" alt=\"\" \/><\/a><\/p>\n<p style=\"text-align: center;\"><em> Temppelin herra kotonaan<\/em><\/p>\n<p style=\"text-align: center;\"><a href=\"\/blog\/wp-content\/uploads\/2013\/lincoln_temppelissaan5.jpg\"><img decoding=\"async\" style=\"border: 0px none; margin: 5px;\" src=\"\/blog\/wp-content\/uploads\/2013\/thumbs\/thumbs_lincoln_temppelissaan5.jpg\" alt=\"\" \/><\/a><a href=\"\/blog\/wp-content\/uploads\/2013\/lincoln_temppelissaan4.jpg\"><img decoding=\"async\" style=\"border: 0px none; margin: 5px;\" src=\"\/blog\/wp-content\/uploads\/2013\/thumbs\/thumbs_lincoln_temppelissaan4.jpg\" alt=\"\" \/><\/a><\/p>\n<p style=\"text-align: center;\"><em> Marmorinen Abraham Lincoln<\/em><\/p>\n<p style=\"text-align: justify;\">Monumentille noustaan leveit\u00e4 portaita pitkin, joiden yl\u00e4p\u00e4\u00e4st\u00e4 aukeaa hieno maisema National Mallille. Portaiden yl\u00e4p\u00e4\u00e4ss\u00e4 sijaitsevan pylv\u00e4ik\u00f6n v\u00e4list\u00e4 n\u00e4kyy my\u00f6s itse temppelin herra, marmorisella istuimellaan levollisesti istuva Abraham Lincoln. J\u00e4ttim\u00e4inen patsas on viisi metri\u00e4 korkea, mutta on pakko sanoa, ett\u00e4 odotin sen olevan viel\u00e4kin suurempi. Mittasuhteet ovat kuitenkin sopuisat ymp\u00e4r\u00f6iv\u00e4\u00e4n temppelitilaan n\u00e4hden ja kokonaisuus on n\u00e4ytt\u00e4v\u00e4.<\/p>\n<p style=\"text-align: center;\"><a href=\"\/blog\/wp-content\/uploads\/2013\/lincoln_memorial_sisalta1.jpg\"><img decoding=\"async\" style=\"border: 0px none; margin: 5px;\" src=\"\/blog\/wp-content\/uploads\/2013\/thumbs\/thumbs_lincoln_memorial_sisalta1.jpg\" alt=\"\" \/><\/a><a href=\"\/blog\/wp-content\/uploads\/2013\/lincoln_temppelissaan3.jpg\"><img decoding=\"async\" style=\"border: 0px none; margin: 5px;\" src=\"\/blog\/wp-content\/uploads\/2013\/thumbs\/thumbs_lincoln_temppelissaan3.jpg\" alt=\"\" \/><\/a><a href=\"\/blog\/wp-content\/uploads\/2013\/lincoln_temppelissaan2.jpg\"><img decoding=\"async\" style=\"border: 0px none; margin: 5px;\" src=\"\/blog\/wp-content\/uploads\/2013\/thumbs\/thumbs_lincoln_temppelissaan2.jpg\" alt=\"\" \/><\/a><\/p>\n<p style=\"text-align: center;\"><em>Mies istuimellaan<\/em><\/p>\n<p style=\"text-align: justify;\">Koko ymp\u00e4r\u00f6iv\u00e4 paikka on t\u00e4ynn\u00e4 symboliikkaa, l\u00e4htien aina pilareista, joita on yht\u00e4 monta kuin osavaltioita Lincolnin aikaan. Kolmeen osaan jakautuvan sis\u00e4tilan kahdessa sivuholvissa on ikuistettuna kaksi Lincolnin kuuluisaa puhetta; h\u00e4nen toinen virkaanastujaispuheensa sek\u00e4 kuuluisa sis\u00e4llissodan aikainen Gettysburgin puhe.<\/p>\n<p style=\"text-align: center;\"><a href=\"\/blog\/wp-content\/uploads\/2013\/national_mall_lincoln_memorialilta2.jpg\"><img decoding=\"async\" style=\"border: 0px none; margin: 5px;\" src=\"\/blog\/wp-content\/uploads\/2013\/national_mall_lincoln_memorialilta2.jpg\" alt=\"\" \/><\/a><\/p>\n<p style=\"text-align: center;\"><em>Tuulinen ja ei niin heijastava allas<\/em><\/p>\n<p style=\"text-align: center;\"><a href=\"\/blog\/wp-content\/uploads\/2013\/national_mall_lincoln_memorialilta3.jpg\"><img decoding=\"async\" style=\"border: 0px none; margin: 5px;\" src=\"\/blog\/wp-content\/uploads\/2013\/thumbs\/thumbs_national_mall_lincoln_memorialilta3.jpg\" alt=\"\" \/><\/a><a href=\"\/blog\/wp-content\/uploads\/2013\/national_mall_lincoln_memorialilta1.jpg\"><img decoding=\"async\" style=\"border: 0px none; margin: 5px;\" src=\"\/blog\/wp-content\/uploads\/2013\/thumbs\/thumbs_national_mall_lincoln_memorialilta1.jpg\" alt=\"\" \/><\/a><\/p>\n<p style=\"text-align: center;\"><em>N\u00e4kym\u00e4 pylv\u00e4ik\u00f6n l\u00e4vitse<\/em><\/p>\n<p style=\"text-align: justify;\">Muistomerkki on auki ymp\u00e4ri vuorokauden ja mukava vierailla, sill\u00e4 paikalla ei ole mink\u00e4\u00e4nlaisia turvaj\u00e4rjestelyit\u00e4, joita Washington on kyll\u00e4 muuten t\u00e4ynn\u00e4ns\u00e4. Vaikka muistomerkki onkin v\u00e4h\u00e4n kaukana l\u00e4himmist\u00e4 metroasemista, kannattaa k\u00e4vely sinne ehdottomasti ja matkalla n\u00e4kee my\u00f6s monia muitakin kiintoisia <a title=\"Muistomerkkej\u00e4 sodille ja merkkihenkil\u00f6ille\" href=\"https:\/\/www.vuosiamaailmalla.fi\/?p=1685\">muistomerkkej\u00e4<\/a>.<\/p>\n","protected":false},"excerpt":{"rendered":"<p>Viimeaikaista Washingtonin matkakertomustani lukeneet ovat saattaneet saada sellaisen k\u00e4sityksen, ett\u00e4 puolentoista kuukauden mittainen ty\u00f6matkani Yhdysvaltojen p\u00e4\u00e4kaupunkiin on pelkk\u00e4\u00e4 lomailua. Aivan n\u00e4in ei asia kuitenkaan ole ja n\u00e4ht\u00e4vyyksien kiertelyyn ja ty\u00f6matkan ulkopuoliseen kaupungin n\u00e4kemiseen on ollut aikaa vain ja ainoastaan viikonloppuisin. Onneksi sent\u00e4\u00e4n kelit ovat p\u00e4\u00e4osin suosineet viikonloppuisin, kuten my\u00f6skin viime viikonloppuna, jolloin tein pitk\u00e4n k\u00e4velylenkin &hellip; <a href=\"https:\/\/www.vuosiamaailmalla.fi\/blog\/2013\/lincoln-memorial\/\" class=\"more-link\">Jatka lukemista<span class=\"screen-reader-text\"> &#8221;Lincoln Memorial&#8221;<\/span><\/a><\/p>\n","protected":false},"author":1,"featured_media":11383,"comment_status":"open","ping_status":"open","sticky":false,"template":"","format":"standard","meta":{"_jetpack_memberships_contains_paid_content":false,"footnotes":""},"categories":[3,7,12,890],"tags":[472,471,457,395,11],"class_list":["post-1670","post","type-post","status-publish","format-standard","has-post-thumbnail","hentry","category-arki-ulkomailla","category-matkakertomukset","category-matkalla-kerrottua","category-yhdysvallat","tag-abraham-lincoln","tag-lincoln-memorial","tag-matkakertomus-washington","tag-washington","tag-matkakertomukset-yhdysvallat"],"jetpack_featured_media_url":"https:\/\/www.vuosiamaailmalla.fi\/blog\/wp-content\/uploads\/lincoln_temppelissaan_banner.jpg","jetpack_sharing_enabled":true,"_links":{"self":[{"href":"https:\/\/www.vuosiamaailmalla.fi\/blog\/wp-json\/wp\/v2\/posts\/1670","targetHints":{"allow":["GET"]}}],"collection":[{"href":"https:\/\/www.vuosiamaailmalla.fi\/blog\/wp-json\/wp\/v2\/posts"}],"about":[{"href":"https:\/\/www.vuosiamaailmalla.fi\/blog\/wp-json\/wp\/v2\/types\/post"}],"author":[{"embeddable":true,"href":"https:\/\/www.vuosiamaailmalla.fi\/blog\/wp-json\/wp\/v2\/users\/1"}],"replies":[{"embeddable":true,"href":"https:\/\/www.vuosiamaailmalla.fi\/blog\/wp-json\/wp\/v2\/comments?post=1670"}],"version-history":[{"count":2,"href":"https:\/\/www.vuosiamaailmalla.fi\/blog\/wp-json\/wp\/v2\/posts\/1670\/revisions"}],"predecessor-version":[{"id":11384,"href":"https:\/\/www.vuosiamaailmalla.fi\/blog\/wp-json\/wp\/v2\/posts\/1670\/revisions\/11384"}],"wp:featuredmedia":[{"embeddable":true,"href":"https:\/\/www.vuosiamaailmalla.fi\/blog\/wp-json\/wp\/v2\/media\/11383"}],"wp:attachment":[{"href":"https:\/\/www.vuosiamaailmalla.fi\/blog\/wp-json\/wp\/v2\/media?parent=1670"}],"wp:term":[{"taxonomy":"category","embeddable":true,"href":"https:\/\/www.vuosiamaailmalla.fi\/blog\/wp-json\/wp\/v2\/categories?post=1670"},{"taxonomy":"post_tag","embeddable":true,"href":"https:\/\/www.vuosiamaailmalla.fi\/blog\/wp-json\/wp\/v2\/tags?post=1670"}],"curies":[{"name":"wp","href":"https:\/\/api.w.org\/{rel}","templated":true}]}}