{"id":1677,"date":"2013-02-17T18:08:11","date_gmt":"2013-02-18T02:08:11","guid":{"rendered":"http:\/\/13.53.127.146\/?p=1677"},"modified":"2021-01-21T20:44:04","modified_gmt":"2021-01-22T04:44:04","slug":"kanada-on-varautunut-zombeihin","status":"publish","type":"post","link":"https:\/\/www.vuosiamaailmalla.fi\/blog\/2013\/kanada-on-varautunut-zombeihin\/","title":{"rendered":"Kanada on varautunut zombeihin"},"content":{"rendered":"<p style=\"text-align: justify;\">Kanadan parlamentin istunnossa n\u00e4htiin menneell\u00e4 viikolla normaalin vakavuuden lis\u00e4ksi my\u00f6s pient\u00e4 hupia, kun oppositiopuolue <em>New Democratic Parliamentin<\/em> edustaja Pat Martin tiedusteli ulkoministeri John Bairdilta, ett\u00e4 onko Kanada varautunut Yhdysvaltoja paremmin mahdolliseen <a title=\"Omakohtainen zombie-maailmanloppu\" href=\"https:\/\/www.vuosiamaailmalla.fi\/?p=769\">zombie-maailmanloppuun<\/a>. Esimerkkin\u00e4 Martin k\u00e4ytti Yhdysvaltojen <a title=\"Cokiksen alkul\u00e4hteell\u00e4 Atlantassa\" href=\"https:\/\/www.vuosiamaailmalla.fi\/?p=7187\">Atlantassa<\/a> toimeenpantuja toimenpiteit\u00e4 ja ter\u00e4v\u00f6itti etteiv\u00e4t zombiet kunnioita rajoja.<\/p>\n<p><!--more--><\/p>\n<p style=\"text-align: justify;\">Hupaisat kommentit viittaavat tietenkin t\u00e4ll\u00e4 hetkell\u00e4 televisiossa eritt\u00e4in suosittuun <a title=\"Kierros The Walking Deadin kuvauspaikoilla\" href=\"https:\/\/www.vuosiamaailmalla.fi\/?p=7178\"><em>The Walking Dead<\/em> -sarjaan<\/a>, jossa zombie-maailmanloppu on saanut Yhdysvallat polvilleen. Sarja n\u00e4ytt\u00e4\u00e4 olevan my\u00f6s poliitikkojen suosiossa, sill\u00e4 ulkoministeri vastasi suoralta k\u00e4delt\u00e4 pilke silm\u00e4kulmassa, ett\u00e4 Martin voi nukkua y\u00f6ns\u00e4 rauhassa, sill\u00e4 Kanada on varautunut zombeihin ja Kanadasta ei tule my\u00f6sk\u00e4\u00e4n koskaan turvasatamaa zombeille.<\/p>\n<p style=\"text-align: center;\"><iframe loading=\"lazy\" src=\"https:\/\/www.youtube-nocookie.com\/embed\/ueBZuZAoglE?rel=0\" width=\"560\" height=\"315\" frameborder=\"0\" allowfullscreen=\"allowfullscreen\"><\/iframe><\/p>\n","protected":false},"excerpt":{"rendered":"<p>Kanadan parlamentin istunnossa n\u00e4htiin menneell\u00e4 viikolla normaalin vakavuuden lis\u00e4ksi my\u00f6s pient\u00e4 hupia, kun oppositiopuolue New Democratic Parliamentin edustaja Pat Martin tiedusteli ulkoministeri John Bairdilta, ett\u00e4 onko Kanada varautunut Yhdysvaltoja paremmin mahdolliseen zombie-maailmanloppuun. Esimerkkin\u00e4 Martin k\u00e4ytti Yhdysvaltojen Atlantassa toimeenpantuja toimenpiteit\u00e4 ja ter\u00e4v\u00f6itti etteiv\u00e4t zombiet kunnioita rajoja.<\/p>\n","protected":false},"author":1,"featured_media":0,"comment_status":"open","ping_status":"open","sticky":false,"template":"","format":"standard","meta":{"_jetpack_memberships_contains_paid_content":false,"footnotes":""},"categories":[17,3],"tags":[133,935,294],"class_list":["post-1677","post","type-post","status-publish","format-standard","hentry","category-arki-kanadassa","category-arki-ulkomailla","tag-hassua","tag-kanada","tag-zombiet"],"jetpack_featured_media_url":"","jetpack_sharing_enabled":true,"_links":{"self":[{"href":"https:\/\/www.vuosiamaailmalla.fi\/blog\/wp-json\/wp\/v2\/posts\/1677","targetHints":{"allow":["GET"]}}],"collection":[{"href":"https:\/\/www.vuosiamaailmalla.fi\/blog\/wp-json\/wp\/v2\/posts"}],"about":[{"href":"https:\/\/www.vuosiamaailmalla.fi\/blog\/wp-json\/wp\/v2\/types\/post"}],"author":[{"embeddable":true,"href":"https:\/\/www.vuosiamaailmalla.fi\/blog\/wp-json\/wp\/v2\/users\/1"}],"replies":[{"embeddable":true,"href":"https:\/\/www.vuosiamaailmalla.fi\/blog\/wp-json\/wp\/v2\/comments?post=1677"}],"version-history":[{"count":1,"href":"https:\/\/www.vuosiamaailmalla.fi\/blog\/wp-json\/wp\/v2\/posts\/1677\/revisions"}],"predecessor-version":[{"id":11437,"href":"https:\/\/www.vuosiamaailmalla.fi\/blog\/wp-json\/wp\/v2\/posts\/1677\/revisions\/11437"}],"wp:attachment":[{"href":"https:\/\/www.vuosiamaailmalla.fi\/blog\/wp-json\/wp\/v2\/media?parent=1677"}],"wp:term":[{"taxonomy":"category","embeddable":true,"href":"https:\/\/www.vuosiamaailmalla.fi\/blog\/wp-json\/wp\/v2\/categories?post=1677"},{"taxonomy":"post_tag","embeddable":true,"href":"https:\/\/www.vuosiamaailmalla.fi\/blog\/wp-json\/wp\/v2\/tags?post=1677"}],"curies":[{"name":"wp","href":"https:\/\/api.w.org\/{rel}","templated":true}]}}