{"id":1685,"date":"2013-02-24T14:13:15","date_gmt":"2013-02-24T22:13:15","guid":{"rendered":"http:\/\/13.53.127.146\/?p=1685"},"modified":"2021-01-21T20:26:47","modified_gmt":"2021-01-22T04:26:47","slug":"muistomerkkeja-sodille-ja-merkkihenkiloille","status":"publish","type":"post","link":"https:\/\/www.vuosiamaailmalla.fi\/blog\/2013\/muistomerkkeja-sodille-ja-merkkihenkiloille\/","title":{"rendered":"Muistomerkkej\u00e4 sodille ja merkkihenkil\u00f6ille"},"content":{"rendered":"<p style=\"text-align: justify;\"><a title=\"Lincoln Memorial\" href=\"https:\/\/www.vuosiamaailmalla.fi\/?p=1670\">Lincoln Memorial<\/a> saattaa olla tunnetuin muistomerkki Washingtonin keskustassa sijaitsevan valtavan <em>National Mall<\/em> puiston alueella, mutta se ei ole kuitenkaan ainoa merkitt\u00e4v\u00e4 muistomerkki alueella. Toinen n\u00e4ytt\u00e4v\u00e4 ja v\u00e4hint\u00e4\u00e4n yht\u00e4 keskeinen muistomerkki on vasta vuonna 2004 valmistunut suurikokoinen muistomerkki toisessa maailmansodassa kuolleelle yli 400 000:lle amerikkalaissotilaalle.<\/p>\n<p><!--more--><\/p>\n<p style=\"text-align: center;\"><a href=\"\/blog\/wp-content\/uploads\/2013\/second_world_memorial_panoraama.jpg\"><img decoding=\"async\" style=\"border: 0px none; margin: 5px;\" src=\"\/blog\/wp-content\/uploads\/2013\/second_world_memorial_panoraama_pieni.jpg\" alt=\"\" \/><\/a><\/p>\n<p style=\"text-align: center;\"><em>J\u00e4ttim\u00e4inen toisen maailmansodan muistomerkki<\/em><\/p>\n<p style=\"text-align: justify;\">Mahtipontinen avoilmamuistomerkki on hieman tyls\u00e4 n\u00e4ht\u00e4v\u00e4 kauniina talvip\u00e4iv\u00e4n\u00e4, jolloin sen suuri suihkul\u00e4hde ei ole k\u00e4yt\u00f6ss\u00e4. Kylm\u00e4st\u00e4 viimasta huolimatta paikalla oli kuitenkin muutamia turisteja, jotka kierteliv\u00e4t tarkastelemassa muistomerkin pilareita sek\u00e4 muistolaattoja l\u00e4hemp\u00e4\u00e4. Kiintoisa havainnoillistus muistomerkill\u00e4 on <em>The Price of Freedom<\/em> nimell\u00e4 tunnettu osa teoksesta, jossa 4048 kultaista t\u00e4hte\u00e4 symboloivat kukin sataa sodassa kuollutta sotilasta. T\u00e4htisein\u00e4m\u00e4 auttaa ymm\u00e4rt\u00e4m\u00e4\u00e4n kuinka suuri m\u00e4\u00e4r\u00e4 pelk\u00e4st\u00e4\u00e4n amerikkalaisia sotilaita t\u00e4ss\u00e4 maailmanhistorian tuhoisimmassa sodassa kuoli.<\/p>\n<p style=\"text-align: center;\"><a href=\"\/blog\/wp-content\/uploads\/2013\/tuhansia_tahtia.jpg\"><img decoding=\"async\" style=\"border: 0px none; margin: 5px;\" src=\"\/blog\/wp-content\/uploads\/2013\/thumbs\/thumbs_tuhansia_tahtia.jpg\" alt=\"\" \/><\/a><a href=\"\/blog\/wp-content\/uploads\/2013\/second_world_memorial1.jpg\"><img decoding=\"async\" style=\"border: 0px none; margin: 5px;\" src=\"\/blog\/wp-content\/uploads\/2013\/thumbs\/thumbs_second_world_memorial1.jpg\" alt=\"\" \/><\/a><a href=\"\/blog\/wp-content\/uploads\/2013\/second_world_memorial2.jpg\"><img decoding=\"async\" style=\"border: 0px none; margin: 5px;\" src=\"\/blog\/wp-content\/uploads\/2013\/thumbs\/thumbs_second_world_memorial2.jpg\" alt=\"\" \/><\/a><\/p>\n<p style=\"text-align: center;\"><em>Yksityiskohtia muistomerkill\u00e4<\/em><\/p>\n<p style=\"text-align: justify;\">Kyseinen sotamuistomerkki on katsastamisen arvoinen matkalla Lincoln Memorialille, mutta eip\u00e4 siell\u00e4 kymment\u00e4 minuuttia enemp\u00e4\u00e4 ole tarvetta viett\u00e4\u00e4. Hieman kiintoisampi, tosin huomattavasti pienempi, sotamuistomerkki on Korean sodan veteraaneille pyhitetty muistomerkki, joka sijaitsee aivan Lincoln Memorialin l\u00e4hettyvill\u00e4.<\/p>\n<p style=\"text-align: justify;\">Kolmionmuotoinen muistomerkki esitt\u00e4\u00e4 19 amerikkalaissotilasta partiossa sodan aikana. Ter\u00e4ksest\u00e4 tehdyt sotilaat ovat varsin el\u00e4v\u00e4isen oloisia ja patsaiden juuressa kasvava matala katajapensas luo ovelaa vaikutelmaa mets\u00e4ss\u00e4 vaeltavasta partiosta. Patsaiden vieress\u00e4 on musta sein\u00e4m\u00e4, johon on kaiverrettu aavemaisen haaleita valokuvia amerikkalaisista sotilaista. Sein\u00e4m\u00e4n vierell\u00e4 olevaan kivitauluun on lis\u00e4ksi kaiverrettu sodan tilastoja, kuten kuolleiden amerikkalaisten m\u00e4\u00e4r\u00e4 (54 246), per\u00e4ss\u00e4\u00e4n periamerikkalainen idiomi <em>Freedom Is Not Free<\/em>.<\/p>\n<p style=\"text-align: center;\"><a href=\"\/blog\/wp-content\/uploads\/2013\/korean_sodan_muistomerkki2.jpg\"><img decoding=\"async\" style=\"border: 0px none; margin: 5px;\" src=\"\/blog\/wp-content\/uploads\/2013\/thumbs\/thumbs_korean_sodan_muistomerkki2.jpg\" alt=\"\" \/><\/a><a href=\"\/blog\/wp-content\/uploads\/2013\/korean_sodan_muistomerkki1.jpg\"><img decoding=\"async\" style=\"border: 0px none; margin: 5px;\" src=\"\/blog\/wp-content\/uploads\/2013\/thumbs\/thumbs_korean_sodan_muistomerkki1.jpg\" alt=\"\" \/><\/a><\/p>\n<p style=\"text-align: center;\"><em>Korean sodan muistomerkki<\/em><\/p>\n<p style=\"text-align: justify;\">Sotaisan maan p\u00e4\u00e4kaupungissa riitt\u00e4\u00e4 sotamuistomerkkej\u00e4 ja l\u00e4hettyvill\u00e4 sijaitsee my\u00f6s muistomerkki amerikkalaisille edelleen hankalasti k\u00e4sitelt\u00e4v\u00e4st\u00e4 Vietnamin sodasta, josta maa joutui per\u00e4\u00e4ntym\u00e4\u00e4n. En kuitenkaan kerennyt vierailla t\u00e4ll\u00e4 muistomerkill\u00e4, vaan suuntasin puiston etel\u00e4osaan, jossa sijaitsee alueen uusin muistomerkki, vuonna 2011 paljastettu kunnianosoitus ihmisoikeusaktivisti Martin Luther King, Juniorille. Kohtuullisen simppeli muistomerkki sijaitsee <em>Tidal Basin<\/em> -tekoj\u00e4rven rannalla ja katsoo veden yli kohti etel\u00e4\u00e4.<\/p>\n<p style=\"text-align: center;\"><a href=\"\/blog\/wp-content\/uploads\/2013\/martin_luther_king_jr_muistomerkki1.jpg\"><img decoding=\"async\" style=\"border: 0px none; margin: 5px;\" src=\"\/blog\/wp-content\/uploads\/2013\/thumbs\/thumbs_martin_luther_king_jr_muistomerkki1.jpg\" alt=\"\" \/><\/a><a href=\"\/blog\/wp-content\/uploads\/2013\/martin_luther_king_jr_muistomerkki2.jpg\"><img decoding=\"async\" style=\"border: 0px none; margin: 5px;\" src=\"\/blog\/wp-content\/uploads\/2013\/thumbs\/thumbs_martin_luther_king_jr_muistomerkki2.jpg\" alt=\"\" \/><\/a><\/p>\n<p style=\"text-align: center;\"><em>Martin Luther King, Juniorin uusi muistomerkki<\/em><\/p>\n<p style=\"text-align: justify;\">J\u00e4rven rantaa kiert\u00e4\u00e4 k\u00e4velytie, joka on lenkkeilij\u00f6iden suosiossa. Kauniina p\u00e4iv\u00e4n\u00e4 maisema k\u00e4velytielt\u00e4 onkin kaunis, kun esimerkiksi <em>Washington Monument<\/em> piirtyy vedenpintaa vasten. J\u00e4rven ymp\u00e4rille on istutettu kymmeni\u00e4 kirsikkapuita, jotka tarjoavat varmasti kukkiessaan kev\u00e4\u00e4mm\u00e4ll\u00e4 hienoja valokuvaus mahdollisuuksia.<\/p>\n<p style=\"text-align: center;\"><a href=\"\/blog\/wp-content\/uploads\/2013\/tidal_basen_rantaa.jpg\"><img decoding=\"async\" style=\"border: 0px none; margin: 5px;\" src=\"\/blog\/wp-content\/uploads\/2013\/tidal_basen_rantaa.jpg\" alt=\"\" \/><\/a><\/p>\n<p style=\"text-align: center;\"><em>Tidal Basen rantaa<\/em><\/p>\n<p style=\"text-align: justify;\">J\u00e4rven l\u00e4nsirannalla sijaitsee pinta-alaltaan kenties keskustan suurikokoisin muistomerkki <em>Franklin Delano Roosevelt Memorial<\/em>. T\u00e4m\u00e4 toistasataa metri\u00e4 pitk\u00e4 ulkoilma muistomerkki kunnioittaa Yhdysvaltojen 32. presidentti\u00e4, joka palveli virassaan eritt\u00e4in vaikeana ajanjaksona vuosien 1933 ja 1945 v\u00e4lill\u00e4. T\u00e4h\u00e4n v\u00e4liin mahtuivat niin Yhdysvaltojen historian suurin lama 30-luvulla kuin toinen maailmansotakin.<\/p>\n<p style=\"text-align: center;\"><a href=\"\/blog\/wp-content\/uploads\/2013\/franklin_delano_roosevelt_memorial.jpg\"><img decoding=\"async\" style=\"border: 0px none; margin: 5px;\" src=\"\/blog\/wp-content\/uploads\/2013\/franklin_delano_roosevelt_memorial.jpg\" alt=\"\" \/><\/a><\/p>\n<p style=\"text-align: center;\"><em>Franklin Delano Roosevelt Memorial<\/em><\/p>\n<p style=\"text-align: justify;\">Roosevelt on Yhdysvaltojen ainoa presidentti, joka on palvellut virassaan enemm\u00e4n kuin kaksi kautta. Maailmansodan vuoksi Roosevelt vannoi virkavalan per\u00e4ti nelj\u00e4 kertaa ja palveli virassa aina kuolemaansa saakka. My\u00f6s muistomerkki on rakennettu n\u00e4iden virkakausien ymp\u00e4rille, jaksottuen nelj\u00e4\u00e4n eri tilaan. Maansa l\u00e4pi vaikeiden aikojen menestyksekk\u00e4\u00e4sti luotsannut Roosevelt on amerikkalaisten suuresti arvostama henkil\u00f6 ja jatkuvasti kolmen suosituimman presidentin joukossa. My\u00f6s historioitsijoiden keskuudessa Roosevelt on suuressa arvossa ja h\u00e4nt\u00e4 pidet\u00e4\u00e4n Abraham Lincolniin ja George Washingtoniin verrattavana historian henkil\u00f6n\u00e4.<\/p>\n<p style=\"text-align: center;\"><a href=\"\/blog\/wp-content\/uploads\/2013\/lama-ajan_jonotusta.jpg\"><img decoding=\"async\" style=\"border: 0px none; margin: 5px;\" src=\"\/blog\/wp-content\/uploads\/2013\/thumbs\/thumbs_lama-ajan_jonotusta.jpg\" alt=\"\" \/><\/a><a href=\"\/blog\/wp-content\/uploads\/2013\/roosevelt_ja_fala.jpg\"><img decoding=\"async\" style=\"border: 0px none; margin: 5px;\" src=\"\/blog\/wp-content\/uploads\/2013\/thumbs\/thumbs_roosevelt_ja_fala.jpg\" alt=\"\" \/><\/a><a href=\"\/blog\/wp-content\/uploads\/2013\/eleanor_roosevelt.jpg\"><img decoding=\"async\" style=\"border: 0px none; margin: 5px;\" src=\"\/blog\/wp-content\/uploads\/2013\/thumbs\/thumbs_eleanor_roosevelt.jpg\" alt=\"\" \/><\/a><\/p>\n<p style=\"text-align: center;\"><em>Muistomerkiin yksityiskohtia eri aikakausilta<\/em><\/p>\n<p style=\"text-align: justify;\">Muistomerkki on helppo kulkea, sill\u00e4 se on tarkoituksella suunniteltu esteett\u00f6m\u00e4ksi. Roosevelt kun oli itsekin koko presidenttikautensa py\u00f6r\u00e4tuolin vanki, polion halvaannutettua h\u00e4nen alavartalonsa vuonna 1921. Hieman syrj\u00e4ss\u00e4 sijaitseva muistomerkki on suosittu vierailukohde ja varsinkin poseeraaminen Rooseveltin kuuluisan skotlanninterrierin, Falan, seurasssa on suosittua turistien keskuudessa.<\/p>\n<p style=\"text-align: justify;\">Muistomerkin l\u00e4pi on hyv\u00e4 jatkaa matkaa Tidal Basen etel\u00e4rannalla sijaitsevalle <em>Jefferson Memorialille<\/em>. Suuri temppeli on pyhitetty Yhdysvaltojen kolmannelle presidentille ja maan perustajaisiin (<em>Founding Fathers<\/em>) kuuluvalle Thomas Jeffersonille. Temppeli on kooltaan Lincoln Memorialiin verrattava rakennelma, mutta syrj\u00e4isempi sijainti ei ole tehnyt siit\u00e4 yht\u00e4 suosittua. Ei vaikka Jefferson kuuluu my\u00f6s amerikkalaisten suosikkeihin.<\/p>\n<p style=\"text-align: center;\"><a href=\"\/blog\/wp-content\/uploads\/2013\/jefferson_memorial1.jpg\"><img decoding=\"async\" style=\"border: 0px none; margin: 5px;\" src=\"\/blog\/wp-content\/uploads\/2013\/jefferson_memorial1.jpg\" alt=\"\" \/><\/a><\/p>\n<p style=\"text-align: center;\"><em>Jefferson Memorial vastarannalla<\/em><\/p>\n<p style=\"text-align: justify;\">Sis\u00e4lt\u00e4 temppeli on sangen karu ja sis\u00e4lt\u00e4\u00e4 l\u00e4hinn\u00e4 Jeffersonin 5,8 metri\u00e4 korkean pronssipatsaan. Temppelin katto on saanut vaikutteita Rooman Pantheonilta ja onkin hieman samanlainen rakennelma, tosin pienemm\u00e4ss\u00e4 mittakaavassa ja ilman katossa olevaa oculusta. Seinill\u00e4 on luettavissa lukuisia lainauksia Jeffersonin puheista ja kirjoituksista, joissa h\u00e4n rakasti korostaa henkil\u00f6n oikeutta vapauteen (<em>liberty<\/em>).<\/p>\n<p style=\"text-align: center;\"><a href=\"\/blog\/wp-content\/uploads\/2013\/jefferson_memorial2.jpg\"><img decoding=\"async\" style=\"border: 0px none; margin: 5px;\" src=\"\/blog\/wp-content\/uploads\/2013\/thumbs\/thumbs_jefferson_memorial2.jpg\" alt=\"\" \/><\/a><a href=\"\/blog\/wp-content\/uploads\/2013\/jefferson_memorial_sisalta1.jpg\"><img decoding=\"async\" style=\"border: 0px none; margin: 5px;\" src=\"\/blog\/wp-content\/uploads\/2013\/thumbs\/thumbs_jefferson_memorial_sisalta1.jpg\" alt=\"\" \/><\/a><a href=\"\/blog\/wp-content\/uploads\/2013\/jefferson_memorial_sisalta2.jpg\"><img decoding=\"async\" style=\"border: 0px none; margin: 5px;\" src=\"\/blog\/wp-content\/uploads\/2013\/thumbs\/thumbs_jefferson_memorial_sisalta2.jpg\" alt=\"\" \/><\/a><\/p>\n<p style=\"text-align: center;\"><em>Yhdysvaltojen kolmas presidentti Thomas Jefferson<\/em><\/p>\n<p style=\"text-align: justify;\">Minulta kului kolmisen tuntia k\u00e4vell\u00e4 kaikille mainituille muistomerkeille ja k\u00e4velyreissulle kertyi matkaa seitsemisen kilometri\u00e4. Et\u00e4isyydet muistomerkkien v\u00e4lill\u00e4 ovat paikoin sangen pitki\u00e4 ja varsinkin Jefferson Memorial sijaitsee hieman syrj\u00e4ss\u00e4 muista. Kuitenkin kauniina poutap\u00e4iv\u00e4n\u00e4 hieman pidempi k\u00e4vely ei haitannut minua ollenkaan ja olenkin tyytyv\u00e4inen ett\u00e4 tulin k\u00e4yneeksi kaikille muistomerkeill\u00e4. Ainoastaan Vietnamin sodan muistomerkki j\u00e4i t\u00e4ll\u00e4 kertaa n\u00e4kem\u00e4tt\u00e4 ja siell\u00e4 pit\u00e4\u00e4 yritt\u00e4\u00e4 piipahtaa viel\u00e4 joku p\u00e4iv\u00e4.<\/p>\n","protected":false},"excerpt":{"rendered":"<p>Lincoln Memorial saattaa olla tunnetuin muistomerkki Washingtonin keskustassa sijaitsevan valtavan National Mall puiston alueella, mutta se ei ole kuitenkaan ainoa merkitt\u00e4v\u00e4 muistomerkki alueella. Toinen n\u00e4ytt\u00e4v\u00e4 ja v\u00e4hint\u00e4\u00e4n yht\u00e4 keskeinen muistomerkki on vasta vuonna 2004 valmistunut suurikokoinen muistomerkki toisessa maailmansodassa kuolleelle yli 400 000:lle amerikkalaissotilaalle.<\/p>\n","protected":false},"author":1,"featured_media":11421,"comment_status":"open","ping_status":"open","sticky":false,"template":"","format":"standard","meta":{"_jetpack_memberships_contains_paid_content":false,"footnotes":""},"categories":[3,7,12,890],"tags":[21,473,475,477,474,457,476,395,461,11],"class_list":["post-1685","post","type-post","status-publish","format-standard","has-post-thumbnail","hentry","category-arki-ulkomailla","category-matkakertomukset","category-matkalla-kerrottua","category-yhdysvallat","tag-2-maailmansota","tag-jefferson-memorial","tag-jr-memorial","tag-korean-war-veterans-memorial","tag-martin-luther-king","tag-matkakertomus-washington","tag-national-world-war-ii-memorial","tag-washington","tag-washington-monument","tag-matkakertomukset-yhdysvallat"],"jetpack_featured_media_url":"https:\/\/www.vuosiamaailmalla.fi\/blog\/wp-content\/uploads\/second_world_memorial_banner-1.jpg","jetpack_sharing_enabled":true,"_links":{"self":[{"href":"https:\/\/www.vuosiamaailmalla.fi\/blog\/wp-json\/wp\/v2\/posts\/1685","targetHints":{"allow":["GET"]}}],"collection":[{"href":"https:\/\/www.vuosiamaailmalla.fi\/blog\/wp-json\/wp\/v2\/posts"}],"about":[{"href":"https:\/\/www.vuosiamaailmalla.fi\/blog\/wp-json\/wp\/v2\/types\/post"}],"author":[{"embeddable":true,"href":"https:\/\/www.vuosiamaailmalla.fi\/blog\/wp-json\/wp\/v2\/users\/1"}],"replies":[{"embeddable":true,"href":"https:\/\/www.vuosiamaailmalla.fi\/blog\/wp-json\/wp\/v2\/comments?post=1685"}],"version-history":[{"count":1,"href":"https:\/\/www.vuosiamaailmalla.fi\/blog\/wp-json\/wp\/v2\/posts\/1685\/revisions"}],"predecessor-version":[{"id":11422,"href":"https:\/\/www.vuosiamaailmalla.fi\/blog\/wp-json\/wp\/v2\/posts\/1685\/revisions\/11422"}],"wp:featuredmedia":[{"embeddable":true,"href":"https:\/\/www.vuosiamaailmalla.fi\/blog\/wp-json\/wp\/v2\/media\/11421"}],"wp:attachment":[{"href":"https:\/\/www.vuosiamaailmalla.fi\/blog\/wp-json\/wp\/v2\/media?parent=1685"}],"wp:term":[{"taxonomy":"category","embeddable":true,"href":"https:\/\/www.vuosiamaailmalla.fi\/blog\/wp-json\/wp\/v2\/categories?post=1685"},{"taxonomy":"post_tag","embeddable":true,"href":"https:\/\/www.vuosiamaailmalla.fi\/blog\/wp-json\/wp\/v2\/tags?post=1685"}],"curies":[{"name":"wp","href":"https:\/\/api.w.org\/{rel}","templated":true}]}}