{"id":1719,"date":"2013-03-06T05:46:35","date_gmt":"2013-03-06T13:46:35","guid":{"rendered":"http:\/\/13.53.127.146\/?p=1719"},"modified":"2013-03-06T05:46:35","modified_gmt":"2013-03-06T13:46:35","slug":"lunta-taivaan-taydelta","status":"publish","type":"post","link":"https:\/\/www.vuosiamaailmalla.fi\/blog\/2013\/lunta-taivaan-taydelta\/","title":{"rendered":"Lunta taivaan t\u00e4ydelt\u00e4"},"content":{"rendered":"<p style=\"text-align: justify;\">Melkoisen vaihtelevia n\u00e4m\u00e4 it\u00e4rannikon talvikelit. Viimeiset viisi viikkoa ovat olleet p\u00e4\u00e4osin hyv\u00e4\u00e4 keli\u00e4 ja alkuviikosta paistoi aurinkokin kuin loppukev\u00e4\u00e4ll\u00e4 konsanaan, mutta t\u00e4n\u00e4\u00e4n tuleekin sitten DC:n alueella lunta kuin viimeist\u00e4 p\u00e4iv\u00e4\u00e4. Ymp\u00e4ryskunnissa on tullut lunta y\u00f6n ja aamun aikana jo yli 8 tuumaa ja pyry jatkuu iltaan saakka. Keskustassa sade vaihtui lumisateeksi vasta puolisen tuntia sitten.<\/p>\n<p style=\"text-align: justify;\">Puolet kaupungista on kiinni, mutta meid\u00e4n toimisto on myr\u00e4k\u00e4st\u00e4 huolimatta auki. \ud83d\ude44<\/p>\n","protected":false},"excerpt":{"rendered":"<p>Melkoisen vaihtelevia n\u00e4m\u00e4 it\u00e4rannikon talvikelit. Viimeiset viisi viikkoa ovat olleet p\u00e4\u00e4osin hyv\u00e4\u00e4 keli\u00e4 ja alkuviikosta paistoi aurinkokin kuin loppukev\u00e4\u00e4ll\u00e4 konsanaan, mutta t\u00e4n\u00e4\u00e4n tuleekin sitten DC:n alueella lunta kuin viimeist\u00e4 p\u00e4iv\u00e4\u00e4. Ymp\u00e4ryskunnissa on tullut lunta y\u00f6n ja aamun aikana jo yli 8 tuumaa ja pyry jatkuu iltaan saakka. Keskustassa sade vaihtui lumisateeksi vasta puolisen tuntia sitten. &hellip; <a href=\"https:\/\/www.vuosiamaailmalla.fi\/blog\/2013\/lunta-taivaan-taydelta\/\" class=\"more-link\">Jatka lukemista<span class=\"screen-reader-text\"> &#8221;Lunta taivaan t\u00e4ydelt\u00e4&#8221;<\/span><\/a><\/p>\n","protected":false},"author":1,"featured_media":0,"comment_status":"open","ping_status":"open","sticky":false,"template":"","format":"standard","meta":{"_jetpack_memberships_contains_paid_content":false,"footnotes":""},"categories":[3,7,12,890],"tags":[25,34,457,270,202,395,219],"class_list":["post-1719","post","type-post","status-publish","format-standard","hentry","category-arki-ulkomailla","category-matkakertomukset","category-matkalla-kerrottua","category-yhdysvallat","tag-ajankohtaista","tag-arki","tag-matkakertomus-washington","tag-saa","tag-talvi","tag-washington","tag-yhdysvallat"],"jetpack_featured_media_url":"","jetpack_sharing_enabled":true,"_links":{"self":[{"href":"https:\/\/www.vuosiamaailmalla.fi\/blog\/wp-json\/wp\/v2\/posts\/1719","targetHints":{"allow":["GET"]}}],"collection":[{"href":"https:\/\/www.vuosiamaailmalla.fi\/blog\/wp-json\/wp\/v2\/posts"}],"about":[{"href":"https:\/\/www.vuosiamaailmalla.fi\/blog\/wp-json\/wp\/v2\/types\/post"}],"author":[{"embeddable":true,"href":"https:\/\/www.vuosiamaailmalla.fi\/blog\/wp-json\/wp\/v2\/users\/1"}],"replies":[{"embeddable":true,"href":"https:\/\/www.vuosiamaailmalla.fi\/blog\/wp-json\/wp\/v2\/comments?post=1719"}],"version-history":[{"count":0,"href":"https:\/\/www.vuosiamaailmalla.fi\/blog\/wp-json\/wp\/v2\/posts\/1719\/revisions"}],"wp:attachment":[{"href":"https:\/\/www.vuosiamaailmalla.fi\/blog\/wp-json\/wp\/v2\/media?parent=1719"}],"wp:term":[{"taxonomy":"category","embeddable":true,"href":"https:\/\/www.vuosiamaailmalla.fi\/blog\/wp-json\/wp\/v2\/categories?post=1719"},{"taxonomy":"post_tag","embeddable":true,"href":"https:\/\/www.vuosiamaailmalla.fi\/blog\/wp-json\/wp\/v2\/tags?post=1719"}],"curies":[{"name":"wp","href":"https:\/\/api.w.org\/{rel}","templated":true}]}}