{"id":172,"date":"2012-04-11T18:44:52","date_gmt":"2012-04-12T01:44:52","guid":{"rendered":"http:\/\/127.0.0.1:4001\/wordpress\/?p=172"},"modified":"2021-02-01T20:51:21","modified_gmt":"2021-02-02T04:51:21","slug":"lehti-tuli-puuhun","status":"publish","type":"post","link":"https:\/\/www.vuosiamaailmalla.fi\/blog\/2012\/lehti-tuli-puuhun\/","title":{"rendered":"Lehti tuli puuhun"},"content":{"rendered":"<p style=\"text-align: justify;\">Kirjattakoon nyt yl\u00f6s <a title=\"Lehtivihre\u00e4\u00e4\" href=\"https:\/\/www.vuosiamaailmalla.fi\/?p=1813\">ensi vuonna<\/a> vertailtavaksi, ett\u00e4 t\u00e4n\u00e4\u00e4n voi sanoa lehden tulleen puuhun Vancouverissa. T\u00e4ss\u00e4 auttoivat niin l\u00e4mmin viikonloppu, kuin jopa +19 asteeseen ylt\u00e4nyt alkuviikkokin, jota seurasi t\u00e4n\u00e4\u00e4n l\u00e4mmin kev\u00e4tsade. Niinp\u00e4 monien puiden ja pensaiden lehdet l\u00e4htiv\u00e4tkin t\u00e4n\u00e4\u00e4n aukeamaan ja viikonloppuun menness\u00e4 lienee jo hyvin vehreet\u00e4.<\/p>\n<p style=\"text-align: justify;\">Se on eritt\u00e4in mukavaa, sill\u00e4 viikonlopuksi luvataan muutenkin kaunista ja l\u00e4mmint\u00e4 keli\u00e4. Tiedossa lieneekin ulkoiluviikonloppu joko vuoden viimeisill\u00e4 lumilla lasketellen taikka sitten vehre\u00e4ss\u00e4 mets\u00e4ss\u00e4 k\u00e4vellen. Kumpi suunnitelma realisoituu, p\u00e4\u00e4tet\u00e4\u00e4n varmaankin perjantai-iltaan menness\u00e4.<\/p>\n","protected":false},"excerpt":{"rendered":"<p>Kirjattakoon nyt yl\u00f6s ensi vuonna vertailtavaksi, ett\u00e4 t\u00e4n\u00e4\u00e4n voi sanoa lehden tulleen puuhun Vancouverissa. T\u00e4ss\u00e4 auttoivat niin l\u00e4mmin viikonloppu, kuin jopa +19 asteeseen ylt\u00e4nyt alkuviikkokin, jota seurasi t\u00e4n\u00e4\u00e4n l\u00e4mmin kev\u00e4tsade. Niinp\u00e4 monien puiden ja pensaiden lehdet l\u00e4htiv\u00e4tkin t\u00e4n\u00e4\u00e4n aukeamaan ja viikonloppuun menness\u00e4 lienee jo hyvin vehreet\u00e4. Se on eritt\u00e4in mukavaa, sill\u00e4 viikonlopuksi luvataan muutenkin kaunista &hellip; <a href=\"https:\/\/www.vuosiamaailmalla.fi\/blog\/2012\/lehti-tuli-puuhun\/\" class=\"more-link\">Jatka lukemista<span class=\"screen-reader-text\"> &#8221;Lehti tuli puuhun&#8221;<\/span><\/a><\/p>\n","protected":false},"author":1,"featured_media":0,"comment_status":"open","ping_status":"open","sticky":false,"template":"","format":"standard","meta":{"_jetpack_memberships_contains_paid_content":false,"footnotes":""},"categories":[17,3],"tags":[25,34,935,160,939],"class_list":["post-172","post","type-post","status-publish","format-standard","hentry","category-arki-kanadassa","category-arki-ulkomailla","tag-ajankohtaista","tag-arki","tag-kanada","tag-kevat","tag-vancouver"],"jetpack_featured_media_url":"","jetpack_sharing_enabled":true,"_links":{"self":[{"href":"https:\/\/www.vuosiamaailmalla.fi\/blog\/wp-json\/wp\/v2\/posts\/172","targetHints":{"allow":["GET"]}}],"collection":[{"href":"https:\/\/www.vuosiamaailmalla.fi\/blog\/wp-json\/wp\/v2\/posts"}],"about":[{"href":"https:\/\/www.vuosiamaailmalla.fi\/blog\/wp-json\/wp\/v2\/types\/post"}],"author":[{"embeddable":true,"href":"https:\/\/www.vuosiamaailmalla.fi\/blog\/wp-json\/wp\/v2\/users\/1"}],"replies":[{"embeddable":true,"href":"https:\/\/www.vuosiamaailmalla.fi\/blog\/wp-json\/wp\/v2\/comments?post=172"}],"version-history":[{"count":1,"href":"https:\/\/www.vuosiamaailmalla.fi\/blog\/wp-json\/wp\/v2\/posts\/172\/revisions"}],"predecessor-version":[{"id":11581,"href":"https:\/\/www.vuosiamaailmalla.fi\/blog\/wp-json\/wp\/v2\/posts\/172\/revisions\/11581"}],"wp:attachment":[{"href":"https:\/\/www.vuosiamaailmalla.fi\/blog\/wp-json\/wp\/v2\/media?parent=172"}],"wp:term":[{"taxonomy":"category","embeddable":true,"href":"https:\/\/www.vuosiamaailmalla.fi\/blog\/wp-json\/wp\/v2\/categories?post=172"},{"taxonomy":"post_tag","embeddable":true,"href":"https:\/\/www.vuosiamaailmalla.fi\/blog\/wp-json\/wp\/v2\/tags?post=172"}],"curies":[{"name":"wp","href":"https:\/\/api.w.org\/{rel}","templated":true}]}}