{"id":1721,"date":"2013-03-09T08:53:20","date_gmt":"2013-03-09T16:53:20","guid":{"rendered":"http:\/\/13.53.127.146\/?p=1721"},"modified":"2013-03-09T08:53:20","modified_gmt":"2013-03-09T16:53:20","slug":"kaanteinen-asetelma","status":"publish","type":"post","link":"https:\/\/www.vuosiamaailmalla.fi\/blog\/2013\/kaanteinen-asetelma\/","title":{"rendered":"K\u00e4\u00e4nteinen asetelma"},"content":{"rendered":"<p style=\"text-align: justify;\">Eilen, 40 p\u00e4iv\u00e4\u00e4 ja <a title=\"39 y\u00f6t\u00e4 Washingtonissa\" href=\"https:\/\/www.vuosiamaailmalla.fi\/?p=1609\">39 y\u00f6t\u00e4<\/a> my\u00f6hemmin, oli viimeinkin aika p\u00e4\u00e4tt\u00e4\u00e4 pitk\u00e4 ty\u00f6reissuni Washingtoniin, josta olen kerennyt kirjoittaa vasta <a href=\"https:\/\/www.vuosiamaailmalla.fi\/?tag=matkakertomus-washington\">pienen osan<\/a> t\u00e4nne blogiini. Reissu oli ty\u00f6mieless\u00e4 eritt\u00e4in onnistunut ja hyvin tarpeellinen, mutta ei k\u00e4y kielt\u00e4\u00e4, ett\u00e4 kyseess\u00e4 oli hyvin pitk\u00e4st\u00e4 ajasta olla poissa kotoa. Onnekseni Niina saapui Washingtoniin t\u00e4m\u00e4n viikon maanantaina ja ehdimme n\u00e4hd\u00e4 toisiamme pitk\u00e4st\u00e4 aikaa nelj\u00e4n p\u00e4iv\u00e4n ajan. Harmillisesti Niinan piti kuitenkin eilen j\u00e4\u00e4d\u00e4 Washingtoniin, sill\u00e4 h\u00e4nen kaksiviikkoinen ty\u00f6matkansa kest\u00e4\u00e4 viel\u00e4 viikon verran. Niinp\u00e4 me ik\u00e4\u00e4n kuin vaihdoimme asetelmaa ja min\u00e4 olen nyt t\u00e4t\u00e4 kirjoittaessa yksin kotosalla Vancouverissa ja Niina ty\u00f6matkalla Washingtonissa. \ud83d\ude10<\/p>\n<p><!--more--><\/p>\n<p style=\"text-align: justify;\">Paluumatka Washingtonista oli j\u00e4lleen pitk\u00e4, sill\u00e4 kyll\u00e4 siin\u00e4 vain kaikkine odotteluineen noin kymmenen tuntia menee matkata rannikolta toiselle. Lentomme kulki Chicagon kautta ja on pakko mainita, ett\u00e4 laskeutuminen <em>O&#8217;Haren<\/em> lentokent\u00e4lle oli upea kokemus. Laskeutumispolku sattui nimitt\u00e4in kulkemaan aivan Chicagon keskustan vierest\u00e4 ja tiivis rykelm\u00e4 todella korkeita pilvenpiirt\u00e4ji\u00e4 kiilsi kauniisti aamuauringossa. N\u00e4kym\u00e4 oli todella urbaani ja on harmi, ettei minulla ollut kameraa ikuistaa n\u00e4ky\u00e4.<\/p>\n<p style=\"text-align: justify;\">Lensin ensi kertaa amerikkalaisella <em>United Airlinesilla<\/em> ja kokemus oli hieman keskivertoa parempi. Hauska erikoisuus oli Unitedin tarjoama audiokanava 9, jolla lennon kapteeni h\u00f6p\u00f6tteli omiaan sek\u00e4 vastaili h\u00e4nelle v\u00e4litettyihin kysymyksiin lent\u00e4misest\u00e4 pari kertaa lennon aikana. Jutut olivat hauskoja ja ainakin minusta hyvin kiintoisia taustoittamaan mit\u00e4 siell\u00e4 ohjaamossa oikein tapahtuukaan. Kiintoisaa oli my\u00f6s muina aikoina kanavalla kuultava radioyhteys koneen ja l\u00e4heisten lennonjohtotornien v\u00e4lill\u00e4, joka oli melkoista koodikielt\u00e4. Varsinkin Vancouveriin laskeuduttaessa kanavalla oli kiirusta, kun lennonjohto j\u00e4rjesteli l\u00e4hestyvi\u00e4 koneita laskeutumispolulle. Hauska yksityiskohta, jonka vain United Airlines tarjoaa lennoillaan.<\/p>\n<p style=\"text-align: justify;\">Ollessani nyt viikon yksin kotosalla, yrit\u00e4n saada purettua kirjoitussumaa, jonka pitk\u00e4 ty\u00f6matka on aiheuttanut. Toivon mukaan saankin tulevan viikon aikana kirjoitettua monesta kiintoisasta asiasta, mit\u00e4 kerkesin Washingtonissa n\u00e4hd\u00e4 ja kokea. Kuudessa viikossa kaupunki tuli n\u00e4hty\u00e4 sangen perin pohjin ja mit\u00e4\u00e4n merkitt\u00e4v\u00e4\u00e4 ei j\u00e4\u00e4nyt n\u00e4kem\u00e4tt\u00e4. Kuitenkin jotain tekemist\u00e4 kaupungista silti varmastikin l\u00f6ytyy, kunhan ty\u00f6 taas jossain vaiheessa tuolle suunnalle meit\u00e4 viepi&#8230; \ud83d\ude44<\/p>\n","protected":false},"excerpt":{"rendered":"<p>Eilen, 40 p\u00e4iv\u00e4\u00e4 ja 39 y\u00f6t\u00e4 my\u00f6hemmin, oli viimeinkin aika p\u00e4\u00e4tt\u00e4\u00e4 pitk\u00e4 ty\u00f6reissuni Washingtoniin, josta olen kerennyt kirjoittaa vasta pienen osan t\u00e4nne blogiini. Reissu oli ty\u00f6mieless\u00e4 eritt\u00e4in onnistunut ja hyvin tarpeellinen, mutta ei k\u00e4y kielt\u00e4\u00e4, ett\u00e4 kyseess\u00e4 oli hyvin pitk\u00e4st\u00e4 ajasta olla poissa kotoa. Onnekseni Niina saapui Washingtoniin t\u00e4m\u00e4n viikon maanantaina ja ehdimme n\u00e4hd\u00e4 toisiamme &hellip; <a href=\"https:\/\/www.vuosiamaailmalla.fi\/blog\/2013\/kaanteinen-asetelma\/\" class=\"more-link\">Jatka lukemista<span class=\"screen-reader-text\"> &#8221;K\u00e4\u00e4nteinen asetelma&#8221;<\/span><\/a><\/p>\n","protected":false},"author":1,"featured_media":0,"comment_status":"open","ping_status":"open","sticky":false,"template":"","format":"standard","meta":{"_jetpack_memberships_contains_paid_content":false,"footnotes":""},"categories":[3,7,890],"tags":[34,83,133,457,395,219],"class_list":["post-1721","post","type-post","status-publish","format-standard","hentry","category-arki-ulkomailla","category-matkakertomukset","category-yhdysvallat","tag-arki","tag-chicago","tag-hassua","tag-matkakertomus-washington","tag-washington","tag-yhdysvallat"],"jetpack_featured_media_url":"","jetpack_sharing_enabled":true,"_links":{"self":[{"href":"https:\/\/www.vuosiamaailmalla.fi\/blog\/wp-json\/wp\/v2\/posts\/1721","targetHints":{"allow":["GET"]}}],"collection":[{"href":"https:\/\/www.vuosiamaailmalla.fi\/blog\/wp-json\/wp\/v2\/posts"}],"about":[{"href":"https:\/\/www.vuosiamaailmalla.fi\/blog\/wp-json\/wp\/v2\/types\/post"}],"author":[{"embeddable":true,"href":"https:\/\/www.vuosiamaailmalla.fi\/blog\/wp-json\/wp\/v2\/users\/1"}],"replies":[{"embeddable":true,"href":"https:\/\/www.vuosiamaailmalla.fi\/blog\/wp-json\/wp\/v2\/comments?post=1721"}],"version-history":[{"count":0,"href":"https:\/\/www.vuosiamaailmalla.fi\/blog\/wp-json\/wp\/v2\/posts\/1721\/revisions"}],"wp:attachment":[{"href":"https:\/\/www.vuosiamaailmalla.fi\/blog\/wp-json\/wp\/v2\/media?parent=1721"}],"wp:term":[{"taxonomy":"category","embeddable":true,"href":"https:\/\/www.vuosiamaailmalla.fi\/blog\/wp-json\/wp\/v2\/categories?post=1721"},{"taxonomy":"post_tag","embeddable":true,"href":"https:\/\/www.vuosiamaailmalla.fi\/blog\/wp-json\/wp\/v2\/tags?post=1721"}],"curies":[{"name":"wp","href":"https:\/\/api.w.org\/{rel}","templated":true}]}}