{"id":1728,"date":"2013-03-12T10:00:56","date_gmt":"2013-03-12T17:00:56","guid":{"rendered":"http:\/\/13.53.127.146\/?p=1728"},"modified":"2013-03-10T19:36:04","modified_gmt":"2013-03-11T02:36:04","slug":"captive","status":"publish","type":"post","link":"https:\/\/www.vuosiamaailmalla.fi\/blog\/2013\/captive\/","title":{"rendered":"Captive"},"content":{"rendered":"<p style=\"text-align: justify;\">Netti\u00e4 selaillessa tuli vastaan hauska ja sangen tunnelmallinen video siit\u00e4, millaista on tyypillinen el\u00e4m\u00e4 lasisessa tornitalossa Vancouverin keskustassa. Videossa n\u00e4ht\u00e4v\u00e4 24. kerroksen &#8221;asunto 2401&#8221; sijaitsee Yaletownin alueella ja sielt\u00e4 avautuva maisema k\u00e4sitt\u00e4\u00e4 joitain samoja elementtej\u00e4 kuin omakin maisemamme. Tosin meilt\u00e4 katsottuna videolla n\u00e4kyv\u00e4t maisemat n\u00e4ytt\u00e4yv\u00e4t huomattavasti enemm\u00e4n yl\u00e4vinkkelist\u00e4&#8230; 8)<\/p>\n<p style=\"text-align: center;\"><iframe loading=\"lazy\" src=\"https:\/\/player.vimeo.com\/video\/59283672\" frameborder=\"0\" width=\"500\" height=\"281\"><\/iframe><\/p>\n","protected":false},"excerpt":{"rendered":"<p>Netti\u00e4 selaillessa tuli vastaan hauska ja sangen tunnelmallinen video siit\u00e4, millaista on tyypillinen el\u00e4m\u00e4 lasisessa tornitalossa Vancouverin keskustassa. Videossa n\u00e4ht\u00e4v\u00e4 24. kerroksen &#8221;asunto 2401&#8221; sijaitsee Yaletownin alueella ja sielt\u00e4 avautuva maisema k\u00e4sitt\u00e4\u00e4 joitain samoja elementtej\u00e4 kuin omakin maisemamme. Tosin meilt\u00e4 katsottuna videolla n\u00e4kyv\u00e4t maisemat n\u00e4ytt\u00e4yv\u00e4t huomattavasti enemm\u00e4n yl\u00e4vinkkelist\u00e4&#8230; 8)<\/p>\n","protected":false},"author":1,"featured_media":0,"comment_status":"open","ping_status":"open","sticky":false,"template":"","format":"standard","meta":{"_jetpack_memberships_contains_paid_content":false,"footnotes":""},"categories":[17,3,4],"tags":[935,939,940,215],"class_list":["post-1728","post","type-post","status-publish","format-standard","hentry","category-arki-kanadassa","category-arki-ulkomailla","category-asuminen-kanadassa","tag-kanada","tag-vancouver","tag-vancouver-downtown","tag-vancouver-yaletown"],"jetpack_featured_media_url":"","jetpack_sharing_enabled":true,"_links":{"self":[{"href":"https:\/\/www.vuosiamaailmalla.fi\/blog\/wp-json\/wp\/v2\/posts\/1728","targetHints":{"allow":["GET"]}}],"collection":[{"href":"https:\/\/www.vuosiamaailmalla.fi\/blog\/wp-json\/wp\/v2\/posts"}],"about":[{"href":"https:\/\/www.vuosiamaailmalla.fi\/blog\/wp-json\/wp\/v2\/types\/post"}],"author":[{"embeddable":true,"href":"https:\/\/www.vuosiamaailmalla.fi\/blog\/wp-json\/wp\/v2\/users\/1"}],"replies":[{"embeddable":true,"href":"https:\/\/www.vuosiamaailmalla.fi\/blog\/wp-json\/wp\/v2\/comments?post=1728"}],"version-history":[{"count":0,"href":"https:\/\/www.vuosiamaailmalla.fi\/blog\/wp-json\/wp\/v2\/posts\/1728\/revisions"}],"wp:attachment":[{"href":"https:\/\/www.vuosiamaailmalla.fi\/blog\/wp-json\/wp\/v2\/media?parent=1728"}],"wp:term":[{"taxonomy":"category","embeddable":true,"href":"https:\/\/www.vuosiamaailmalla.fi\/blog\/wp-json\/wp\/v2\/categories?post=1728"},{"taxonomy":"post_tag","embeddable":true,"href":"https:\/\/www.vuosiamaailmalla.fi\/blog\/wp-json\/wp\/v2\/tags?post=1728"}],"curies":[{"name":"wp","href":"https:\/\/api.w.org\/{rel}","templated":true}]}}