{"id":174,"date":"2012-04-07T09:03:55","date_gmt":"2012-04-07T16:03:55","guid":{"rendered":"http:\/\/127.0.0.1:4001\/wordpress\/?p=174"},"modified":"2021-02-01T20:51:27","modified_gmt":"2021-02-02T04:51:27","slug":"toinen-aamu-uudessa-kodissa","status":"publish","type":"post","link":"https:\/\/www.vuosiamaailmalla.fi\/blog\/2012\/toinen-aamu-uudessa-kodissa\/","title":{"rendered":"Toinen aamu uudessa kodissa"},"content":{"rendered":"<p style=\"text-align: justify;\">Huomenta vaan uudesta asunnostamme Vancouverin yl\u00e4puolelta! Kaksi y\u00f6t\u00e4 on nyt nukuttu uudessa kodissamme, jonka l\u00f6ysimme lopulta noin kaksi viikkoa sitten ja jonne muutimme torstaina. Asunnon etsint\u00e4prosessi oli pitk\u00e4 ja k\u00e4\u00e4nteit\u00e4 t\u00e4ynn\u00e4, ja siit\u00e4 pit\u00e4\u00e4kin kirjoittaa tarkemmin hieman my\u00f6hemmin. P\u00e4\u00e4asia kuitenkin on, ett\u00e4 l\u00f6ysimme lopulta kaikilla standardeilla mitattuna t\u00e4ydellisen asunnon, joka on ehdottomasti uniikki paikka asua t\u00e4ss\u00e4 kaupungissa.<\/p>\n<p><!--more--><\/p>\n<p style=\"text-align: justify;\">Olemme nukkuneet nyt kaksi ensimm\u00e4ist\u00e4 y\u00f6t\u00e4mme uudessa asunnossa eritt\u00e4in makoisasti. Liikenteen melua ei kuule n\u00e4ille korkeuksille juuri ollenkaan, joten asunto on mit\u00e4 rauhallisin. Ja ne maisemat! Kunnes saamme hankittua itsellemme edes yhden p\u00f6yd\u00e4n, saatte vain uskoa sanaani ett\u00e4 maisema on <em>priceless<\/em>. Miten ihana onkaan her\u00e4t\u00e4 aamuisin luonnonvaloon ja n\u00e4hd\u00e4 s\u00e4ngyst\u00e4 ensimm\u00e4iseksi sininen taivas sek\u00e4 lumihuippuiset vuoret, allaan Downtownin pilvenpiirt\u00e4j\u00e4t. Suoraan sanoen on viel\u00e4kin vaikea uskoa t\u00e4m\u00e4n olevan oikeasti kotimme, sill\u00e4 t\u00e4llaisen asunnon hintalappu on seitsennumeroinen. Se tosin selitt\u00e4\u00e4 rakennuksen parkkihallista l\u00f6ytyv\u00e4t hieman eksoottisemmat kulkupelit&#8230;<\/p>\n<p style=\"text-align: justify;\">Muuttolaatikot alkaa olla hiljalleen purettu, mutta niiden my\u00f6t\u00e4 perille ei saapunut paljoakaan huonekaluja. Juuri p\u00f6yd\u00e4n puuttuminen tekee el\u00e4m\u00e4n hieman hankalaksi, mutta olemme sopeutuneet ajatukseen ett\u00e4 asunnon kalustamisessa menee aikansa. Varsinkin, kun emme halua t\u00e4ll\u00e4 kertaa ostaa huonekalujamme IKEA:sta.<\/p>\n<p style=\"text-align: justify;\">Koska t\u00e4n\u00e4\u00e4n n\u00e4ytt\u00e4\u00e4 olevan aivan t\u00e4ydellinen keli, lienee t\u00e4n\u00e4\u00e4n paikallaan ajella ensimm\u00e4ist\u00e4 kertaa Whistleriin. Laskettelemaan emme taida t\u00e4n\u00e4\u00e4n viitsi\u00e4, mutta Whistleriss\u00e4 voi k\u00e4yd\u00e4 vaikkapa vain lounaalla alppimaisemista nauttien. My\u00f6s ajomatkan pit\u00e4isi olla hulppea, sill\u00e4 <em>Sea to Sky Highway<\/em> on maailmankuulu. Kuvia siit\u00e4kin my\u00f6hemmin, kunhan nyt saamme sen p\u00f6yd\u00e4n.<\/p>\n","protected":false},"excerpt":{"rendered":"<p>Huomenta vaan uudesta asunnostamme Vancouverin yl\u00e4puolelta! Kaksi y\u00f6t\u00e4 on nyt nukuttu uudessa kodissamme, jonka l\u00f6ysimme lopulta noin kaksi viikkoa sitten ja jonne muutimme torstaina. Asunnon etsint\u00e4prosessi oli pitk\u00e4 ja k\u00e4\u00e4nteit\u00e4 t\u00e4ynn\u00e4, ja siit\u00e4 pit\u00e4\u00e4kin kirjoittaa tarkemmin hieman my\u00f6hemmin. P\u00e4\u00e4asia kuitenkin on, ett\u00e4 l\u00f6ysimme lopulta kaikilla standardeilla mitattuna t\u00e4ydellisen asunnon, joka on ehdottomasti uniikki paikka asua &hellip; <a href=\"https:\/\/www.vuosiamaailmalla.fi\/blog\/2012\/toinen-aamu-uudessa-kodissa\/\" class=\"more-link\">Jatka lukemista<span class=\"screen-reader-text\"> &#8221;Toinen aamu uudessa kodissa&#8221;<\/span><\/a><\/p>\n","protected":false},"author":1,"featured_media":0,"comment_status":"open","ping_status":"open","sticky":false,"template":"","format":"standard","meta":{"_jetpack_memberships_contains_paid_content":false,"footnotes":""},"categories":[17,3,4],"tags":[932,935,182,939,940],"class_list":["post-174","post","type-post","status-publish","format-standard","hentry","category-arki-kanadassa","category-arki-ulkomailla","category-asuminen-kanadassa","tag-asunto","tag-kanada","tag-muuttaminen","tag-vancouver","tag-vancouver-downtown"],"jetpack_featured_media_url":"","jetpack_sharing_enabled":true,"_links":{"self":[{"href":"https:\/\/www.vuosiamaailmalla.fi\/blog\/wp-json\/wp\/v2\/posts\/174","targetHints":{"allow":["GET"]}}],"collection":[{"href":"https:\/\/www.vuosiamaailmalla.fi\/blog\/wp-json\/wp\/v2\/posts"}],"about":[{"href":"https:\/\/www.vuosiamaailmalla.fi\/blog\/wp-json\/wp\/v2\/types\/post"}],"author":[{"embeddable":true,"href":"https:\/\/www.vuosiamaailmalla.fi\/blog\/wp-json\/wp\/v2\/users\/1"}],"replies":[{"embeddable":true,"href":"https:\/\/www.vuosiamaailmalla.fi\/blog\/wp-json\/wp\/v2\/comments?post=174"}],"version-history":[{"count":1,"href":"https:\/\/www.vuosiamaailmalla.fi\/blog\/wp-json\/wp\/v2\/posts\/174\/revisions"}],"predecessor-version":[{"id":11582,"href":"https:\/\/www.vuosiamaailmalla.fi\/blog\/wp-json\/wp\/v2\/posts\/174\/revisions\/11582"}],"wp:attachment":[{"href":"https:\/\/www.vuosiamaailmalla.fi\/blog\/wp-json\/wp\/v2\/media?parent=174"}],"wp:term":[{"taxonomy":"category","embeddable":true,"href":"https:\/\/www.vuosiamaailmalla.fi\/blog\/wp-json\/wp\/v2\/categories?post=174"},{"taxonomy":"post_tag","embeddable":true,"href":"https:\/\/www.vuosiamaailmalla.fi\/blog\/wp-json\/wp\/v2\/tags?post=174"}],"curies":[{"name":"wp","href":"https:\/\/api.w.org\/{rel}","templated":true}]}}