{"id":1746,"date":"2013-03-16T09:22:16","date_gmt":"2013-03-16T16:22:16","guid":{"rendered":"http:\/\/13.53.127.146\/?p=1746"},"modified":"2013-03-17T09:23:00","modified_gmt":"2013-03-17T16:23:00","slug":"seitseman-viikkoa-myohemmin","status":"publish","type":"post","link":"https:\/\/www.vuosiamaailmalla.fi\/blog\/2013\/seitseman-viikkoa-myohemmin\/","title":{"rendered":"Seitsem\u00e4n viikkoa my\u00f6hemmin"},"content":{"rendered":"<p style=\"text-align: justify;\">Seitsem\u00e4n viikkoa siin\u00e4 meni, mutta nyt olemme j\u00e4lleen Niinan kanssa molemmat kotona Vancouverissa. Tammikuun 27. on edellinen p\u00e4iv\u00e4 kun olemme olleet yhdess\u00e4 kotosalla, mink\u00e4 j\u00e4lkeen l\u00e4hdin omalle <a title=\"39 y\u00f6t\u00e4 Washingtonissa\" href=\"https:\/\/www.vuosiamaailmalla.fi\/?p=1609\">40 p\u00e4iv\u00e4\u00e4<\/a> kest\u00e4neelle ty\u00f6reissulleni. Niina puolestaan l\u00e4hti omalle reissulleen tasan kaksi viikkoa sitten ja viikon ajaksi <a title=\"K\u00e4\u00e4nteinen asetelma\" href=\"https:\/\/www.vuosiamaailmalla.fi\/?p=1721\">asetelmaa vaihdettuamme<\/a>, olemme nyt vihdoin kotona.<\/p>\n<p style=\"text-align: justify;\">Kyll\u00e4p\u00e4s kaikissa reissuissa menikin aikaa ja t\u00e4ss\u00e4 onkin ollut palattuaan pieni totuttelu t\u00e4k\u00e4l\u00e4iseen arkeen. Siit\u00e4 kun ehti reilussa puolessatoista kuukaudessa jo hieman vieroittua. Erilaisia paperihommiakin on kertynyt tuona aikana melkoisesti, joita tehdess\u00e4 sek\u00e4 yleisesti rentoutuessa t\u00e4m\u00e4 ensimm\u00e4inen kotiviikonloppu hetkeen meneekin. \ud83d\udca1<\/p>\n","protected":false},"excerpt":{"rendered":"<p>Seitsem\u00e4n viikkoa siin\u00e4 meni, mutta nyt olemme j\u00e4lleen Niinan kanssa molemmat kotona Vancouverissa. Tammikuun 27. on edellinen p\u00e4iv\u00e4 kun olemme olleet yhdess\u00e4 kotosalla, mink\u00e4 j\u00e4lkeen l\u00e4hdin omalle 40 p\u00e4iv\u00e4\u00e4 kest\u00e4neelle ty\u00f6reissulleni. Niina puolestaan l\u00e4hti omalle reissulleen tasan kaksi viikkoa sitten ja viikon ajaksi asetelmaa vaihdettuamme, olemme nyt vihdoin kotona. Kyll\u00e4p\u00e4s kaikissa reissuissa menikin aikaa ja &hellip; <a href=\"https:\/\/www.vuosiamaailmalla.fi\/blog\/2013\/seitseman-viikkoa-myohemmin\/\" class=\"more-link\">Jatka lukemista<span class=\"screen-reader-text\"> &#8221;Seitsem\u00e4n viikkoa my\u00f6hemmin&#8221;<\/span><\/a><\/p>\n","protected":false},"author":1,"featured_media":0,"comment_status":"open","ping_status":"open","sticky":false,"template":"","format":"standard","meta":{"_jetpack_memberships_contains_paid_content":false,"footnotes":""},"categories":[17,3],"tags":[34,935,939],"class_list":["post-1746","post","type-post","status-publish","format-standard","hentry","category-arki-kanadassa","category-arki-ulkomailla","tag-arki","tag-kanada","tag-vancouver"],"jetpack_featured_media_url":"","jetpack_sharing_enabled":true,"_links":{"self":[{"href":"https:\/\/www.vuosiamaailmalla.fi\/blog\/wp-json\/wp\/v2\/posts\/1746","targetHints":{"allow":["GET"]}}],"collection":[{"href":"https:\/\/www.vuosiamaailmalla.fi\/blog\/wp-json\/wp\/v2\/posts"}],"about":[{"href":"https:\/\/www.vuosiamaailmalla.fi\/blog\/wp-json\/wp\/v2\/types\/post"}],"author":[{"embeddable":true,"href":"https:\/\/www.vuosiamaailmalla.fi\/blog\/wp-json\/wp\/v2\/users\/1"}],"replies":[{"embeddable":true,"href":"https:\/\/www.vuosiamaailmalla.fi\/blog\/wp-json\/wp\/v2\/comments?post=1746"}],"version-history":[{"count":0,"href":"https:\/\/www.vuosiamaailmalla.fi\/blog\/wp-json\/wp\/v2\/posts\/1746\/revisions"}],"wp:attachment":[{"href":"https:\/\/www.vuosiamaailmalla.fi\/blog\/wp-json\/wp\/v2\/media?parent=1746"}],"wp:term":[{"taxonomy":"category","embeddable":true,"href":"https:\/\/www.vuosiamaailmalla.fi\/blog\/wp-json\/wp\/v2\/categories?post=1746"},{"taxonomy":"post_tag","embeddable":true,"href":"https:\/\/www.vuosiamaailmalla.fi\/blog\/wp-json\/wp\/v2\/tags?post=1746"}],"curies":[{"name":"wp","href":"https:\/\/api.w.org\/{rel}","templated":true}]}}