{"id":1749,"date":"2013-03-17T14:05:23","date_gmt":"2013-03-17T21:05:23","guid":{"rendered":"http:\/\/13.53.127.146\/?p=1749"},"modified":"2021-01-21T20:18:54","modified_gmt":"2021-01-22T04:18:54","slug":"pyhan-patrickin-paivan-paraati","status":"publish","type":"post","link":"https:\/\/www.vuosiamaailmalla.fi\/blog\/2013\/pyhan-patrickin-paivan-paraati\/","title":{"rendered":"Pyh\u00e4n Patrickin p\u00e4iv\u00e4n paraati"},"content":{"rendered":"<p style=\"text-align: justify;\">T\u00e4n\u00e4\u00e4n on vietetty Vancouverissa kaunista sunnuntaip\u00e4iv\u00e4\u00e4. Sateisen viikon keskelle osunut kaunis p\u00e4iv\u00e4 sattui juuri sopivasti jokavuotisen <em>St. Patrick&#8217;s Dayn<\/em> eli Pyh\u00e4n Patrickin p\u00e4iv\u00e4n kohdalle. P\u00e4iv\u00e4\u00e4n liittyy kiinte\u00e4n\u00e4 osana paraatit, jollainen j\u00e4rjestet\u00e4\u00e4n my\u00f6s Vancouverissa vuosittain. Koska asumme k\u00e4yt\u00e4nn\u00f6ss\u00e4 paraatireitin varrella, k\u00e4vimme aamup\u00e4iv\u00e4ll\u00e4 pienell\u00e4 happihyppelyll\u00e4 katsomassa paraatin t\u00e4m\u00e4nvuotista menoa.<\/p>\n<p><!--more--><\/p>\n<p style=\"text-align: justify;\">Nyt muutaman <a title=\"Santa Claus Parade\" href=\"https:\/\/www.vuosiamaailmalla.fi\/?p=1513\">t\u00e4k\u00e4l\u00e4isen<\/a> paraatin n\u00e4hneen\u00e4 on pakko todeta, ett\u00e4 ne kaikki sis\u00e4lt\u00e4v\u00e4t samoja elementtej\u00e4 ja esiintyji\u00e4kin. Mukana on silti aina jotain uutta koristetta ja hauskaa ideaa. Yleis\u00f6\u00e4kin on yleens\u00e4 kauniina p\u00e4iv\u00e4n\u00e4 liikkeell\u00e4 kymmeni\u00e4 tuhansia, joten mik\u00e4p\u00e4 mukavampi tapa nostattaa ruokahalua kuin k\u00e4yd\u00e4 ulkoilemassa tunnin verran paraatireitin varrella.<\/p>\n<p style=\"text-align: center;\"><a href=\"\/blog\/wp-content\/uploads\/2013\/haltija1.jpg\"><img decoding=\"async\" style=\"border: 0px none; margin: 5px;\" src=\"\/blog\/wp-content\/uploads\/2013\/thumbs\/thumbs_haltija1.jpg\" alt=\"\" \/><\/a><a href=\"\/blog\/wp-content\/uploads\/2013\/haltija2.jpg\"><img decoding=\"async\" style=\"border: 0px none; margin: 5px;\" src=\"\/blog\/wp-content\/uploads\/2013\/thumbs\/thumbs_haltija2.jpg\" alt=\"\" \/><\/a><a href=\"\/blog\/wp-content\/uploads\/2013\/pyhan_patrickin_paraati5.jpg\"><img decoding=\"async\" style=\"border: 0px none; margin: 5px;\" src=\"\/blog\/wp-content\/uploads\/2013\/thumbs\/thumbs_pyhan_patrickin_paraati5.jpg\" alt=\"\" \/><\/a><a href=\"\/blog\/wp-content\/uploads\/2013\/paraatimuusikkoja4.jpg\"><img decoding=\"async\" style=\"border: 0px none; margin: 5px;\" src=\"\/blog\/wp-content\/uploads\/2013\/thumbs\/thumbs_paraatimuusikkoja4.jpg\" alt=\"\" \/><\/a><a href=\"\/blog\/wp-content\/uploads\/2013\/pyhan_patrickin_paraati8.jpg\"><img decoding=\"async\" style=\"border: 0px none; margin: 5px;\" src=\"\/blog\/wp-content\/uploads\/2013\/thumbs\/thumbs_pyhan_patrickin_paraati8.jpg\" alt=\"\" \/><\/a><a href=\"\/blog\/wp-content\/uploads\/2013\/pyhan_patrickin_paraati3.jpg\"><img decoding=\"async\" style=\"border: 0px none; margin: 5px;\" src=\"\/blog\/wp-content\/uploads\/2013\/thumbs\/thumbs_pyhan_patrickin_paraati3.jpg\" alt=\"\" \/><\/a><\/p>\n<p style=\"text-align: center;\"><em>Haltijoita ja paraatiorkestereita<\/em><\/p>\n<p style=\"text-align: justify;\">T\u00e4n\u00e4 vuonna paraati oli hieman <a title=\"St. Patrick\u2019s Day\" href=\"https:\/\/www.vuosiamaailmalla.fi\/?p=190\">viime vuotista<\/a> lyhyempi ja kesti noin 40 minuuttia. Kuten aina paraateissa, ei n\u00e4ht\u00e4vill\u00e4 ole vain s\u00e4kkipillej\u00e4 ja rivitanssia, vaan joukkoon mahtuu niin vanhoja autoja ja h\u00e4lytysajoneuvoja, kuin kiinalaisia tanssijoita ja lohik\u00e4\u00e4rmeit\u00e4kin. Ne kun kaikki ovat kiinte\u00e4 osa vancouverilaista kulttuuria ja siten mukana kaikissa paraateissa.<\/p>\n<p style=\"text-align: center;\"><a href=\"\/blog\/wp-content\/uploads\/2013\/paraatimuusikkoja3.jpg\"><img decoding=\"async\" style=\"border: 0px none; margin: 5px;\" src=\"\/blog\/wp-content\/uploads\/2013\/thumbs\/thumbs_paraatimuusikkoja3.jpg\" alt=\"\" \/><\/a><a href=\"\/blog\/wp-content\/uploads\/2013\/paraatimuusikkoja2.jpg\"><img decoding=\"async\" style=\"border: 0px none; margin: 5px;\" src=\"\/blog\/wp-content\/uploads\/2013\/thumbs\/thumbs_paraatimuusikkoja2.jpg\" alt=\"\" \/><\/a><a href=\"\/blog\/wp-content\/uploads\/2013\/paraatimuusikkoja1.jpg\"><img decoding=\"async\" style=\"border: 0px none; margin: 5px;\" src=\"\/blog\/wp-content\/uploads\/2013\/thumbs\/thumbs_paraatimuusikkoja1.jpg\" alt=\"\" \/><\/a><br \/>\n<a href=\"\/blog\/wp-content\/uploads\/2013\/paraatiyleisoa.jpg\"><img decoding=\"async\" style=\"border: 0px none; margin: 5px;\" src=\"\/blog\/wp-content\/uploads\/2013\/thumbs\/thumbs_paraatiyleisoa.jpg\" alt=\"\" \/><\/a><a href=\"\/blog\/wp-content\/uploads\/2013\/pyhan_patrickin_paraati2.jpg\"><img decoding=\"async\" style=\"border: 0px none; margin: 5px;\" src=\"\/blog\/wp-content\/uploads\/2013\/thumbs\/thumbs_pyhan_patrickin_paraati2.jpg\" alt=\"\" \/><\/a><\/p>\n<p style=\"text-align: center;\"><em>Vihreit\u00e4 osallistujia ja katsojia<\/em><\/p>\n<p style=\"text-align: justify;\">T\u00e4m\u00e4n vuotinen paraati oli mielest\u00e4mme j\u00e4lleen hauska tapahtuma ja pienest\u00e4 toiston tunteesta huolimatta oli mukavaa olla kauniina p\u00e4iv\u00e4n\u00e4 ulkosalla. Ohessa joitain kuvia paraatista.<\/p>\n<p style=\"text-align: center;\"><a href=\"\/blog\/wp-content\/uploads\/2013\/pyhan_patrickin_lohikaarme1.jpg\"><img decoding=\"async\" style=\"border: 0px none; margin: 5px;\" src=\"\/blog\/wp-content\/uploads\/2013\/thumbs\/thumbs_pyhan_patrickin_lohikaarme1.jpg\" alt=\"\" \/><\/a><a href=\"\/blog\/wp-content\/uploads\/2013\/pyhan_patrickin_lohikaarme2.jpg\"><img decoding=\"async\" style=\"border: 0px none; margin: 5px;\" src=\"\/blog\/wp-content\/uploads\/2013\/thumbs\/thumbs_pyhan_patrickin_lohikaarme2.jpg\" alt=\"\" \/><\/a><a href=\"\/blog\/wp-content\/uploads\/2013\/pyhan_patrickin_paraati1.jpg\"><img decoding=\"async\" style=\"border: 0px none; margin: 5px;\" src=\"\/blog\/wp-content\/uploads\/2013\/thumbs\/thumbs_pyhan_patrickin_paraati1.jpg\" alt=\"\" \/><\/a><br \/>\n<a href=\"\/blog\/wp-content\/uploads\/2013\/pyhan_patrickin_paraati4.jpg\"><img decoding=\"async\" style=\"border: 0px none; margin: 5px;\" src=\"\/blog\/wp-content\/uploads\/2013\/thumbs\/thumbs_pyhan_patrickin_paraati4.jpg\" alt=\"\" \/><\/a><a href=\"\/blog\/wp-content\/uploads\/2013\/pyhan_patrickin_paraati7.jpg\"><img decoding=\"async\" style=\"border: 0px none; margin: 5px;\" src=\"\/blog\/wp-content\/uploads\/2013\/thumbs\/thumbs_pyhan_patrickin_paraati7.jpg\" alt=\"\" \/><\/a><\/p>\n<p style=\"text-align: center;\"><em>Lohik\u00e4\u00e4rmeit\u00e4 ja muita olentoja<\/em><\/p>\n<p style=\"text-align: center;\"><a href=\"\/blog\/wp-content\/uploads\/2013\/todella_vanha_paloauto.jpg\"><img decoding=\"async\" style=\"border: 0px none; margin: 5px;\" src=\"\/blog\/wp-content\/uploads\/2013\/thumbs\/thumbs_todella_vanha_paloauto.jpg\" alt=\"\" \/><\/a><a href=\"\/blog\/wp-content\/uploads\/2013\/pyhan_patrickin_paraati6.jpg\"><img decoding=\"async\" style=\"border: 0px none; margin: 5px;\" src=\"\/blog\/wp-content\/uploads\/2013\/thumbs\/thumbs_pyhan_patrickin_paraati6.jpg\" alt=\"\" \/><\/a><a href=\"\/blog\/wp-content\/uploads\/2013\/olympiauimari_ryan_cochrane.jpg\"><img decoding=\"async\" style=\"border: 0px none; margin: 5px;\" src=\"\/blog\/wp-content\/uploads\/2013\/thumbs\/thumbs_olympiauimari_ryan_cochrane.jpg\" alt=\"\" \/><\/a><\/p>\n<p style=\"text-align: center;\"><em>Eritt\u00e4in vanha paloauto sek\u00e4 Lontoon olympiamitalisti uimari Ryan Cochrane<\/em><\/p>\n","protected":false},"excerpt":{"rendered":"<p>T\u00e4n\u00e4\u00e4n on vietetty Vancouverissa kaunista sunnuntaip\u00e4iv\u00e4\u00e4. Sateisen viikon keskelle osunut kaunis p\u00e4iv\u00e4 sattui juuri sopivasti jokavuotisen St. Patrick&#8217;s Dayn eli Pyh\u00e4n Patrickin p\u00e4iv\u00e4n kohdalle. P\u00e4iv\u00e4\u00e4n liittyy kiinte\u00e4n\u00e4 osana paraatit, jollainen j\u00e4rjestet\u00e4\u00e4n my\u00f6s Vancouverissa vuosittain. Koska asumme k\u00e4yt\u00e4nn\u00f6ss\u00e4 paraatireitin varrella, k\u00e4vimme aamup\u00e4iv\u00e4ll\u00e4 pienell\u00e4 happihyppelyll\u00e4 katsomassa paraatin t\u00e4m\u00e4nvuotista menoa.<\/p>\n","protected":false},"author":1,"featured_media":11413,"comment_status":"open","ping_status":"open","sticky":false,"template":"","format":"standard","meta":{"_jetpack_memberships_contains_paid_content":false,"footnotes":""},"categories":[17,3],"tags":[25,34,935,155,446,196,939,940],"class_list":["post-1749","post","type-post","status-publish","format-standard","has-post-thumbnail","hentry","category-arki-kanadassa","category-arki-ulkomailla","tag-ajankohtaista","tag-arki","tag-kanada","tag-kanadalainen-juttu","tag-paraati","tag-st-patricks-day","tag-vancouver","tag-vancouver-downtown"],"jetpack_featured_media_url":"https:\/\/www.vuosiamaailmalla.fi\/blog\/wp-content\/uploads\/haltija_banner-1.jpg","jetpack_sharing_enabled":true,"_links":{"self":[{"href":"https:\/\/www.vuosiamaailmalla.fi\/blog\/wp-json\/wp\/v2\/posts\/1749","targetHints":{"allow":["GET"]}}],"collection":[{"href":"https:\/\/www.vuosiamaailmalla.fi\/blog\/wp-json\/wp\/v2\/posts"}],"about":[{"href":"https:\/\/www.vuosiamaailmalla.fi\/blog\/wp-json\/wp\/v2\/types\/post"}],"author":[{"embeddable":true,"href":"https:\/\/www.vuosiamaailmalla.fi\/blog\/wp-json\/wp\/v2\/users\/1"}],"replies":[{"embeddable":true,"href":"https:\/\/www.vuosiamaailmalla.fi\/blog\/wp-json\/wp\/v2\/comments?post=1749"}],"version-history":[{"count":2,"href":"https:\/\/www.vuosiamaailmalla.fi\/blog\/wp-json\/wp\/v2\/posts\/1749\/revisions"}],"predecessor-version":[{"id":11414,"href":"https:\/\/www.vuosiamaailmalla.fi\/blog\/wp-json\/wp\/v2\/posts\/1749\/revisions\/11414"}],"wp:featuredmedia":[{"embeddable":true,"href":"https:\/\/www.vuosiamaailmalla.fi\/blog\/wp-json\/wp\/v2\/media\/11413"}],"wp:attachment":[{"href":"https:\/\/www.vuosiamaailmalla.fi\/blog\/wp-json\/wp\/v2\/media?parent=1749"}],"wp:term":[{"taxonomy":"category","embeddable":true,"href":"https:\/\/www.vuosiamaailmalla.fi\/blog\/wp-json\/wp\/v2\/categories?post=1749"},{"taxonomy":"post_tag","embeddable":true,"href":"https:\/\/www.vuosiamaailmalla.fi\/blog\/wp-json\/wp\/v2\/tags?post=1749"}],"curies":[{"name":"wp","href":"https:\/\/api.w.org\/{rel}","templated":true}]}}