{"id":1782,"date":"2013-03-29T17:24:32","date_gmt":"2013-03-30T00:24:32","guid":{"rendered":"http:\/\/13.53.127.146\/?p=1782"},"modified":"2015-10-23T19:07:57","modified_gmt":"2015-10-24T02:07:57","slug":"paasiainen-suksilla","status":"publish","type":"post","link":"https:\/\/www.vuosiamaailmalla.fi\/blog\/2013\/paasiainen-suksilla\/","title":{"rendered":"P\u00e4\u00e4si\u00e4inen suksilla"},"content":{"rendered":"<p style=\"text-align: justify;\">Ensimm\u00e4inen p\u00e4iv\u00e4 takana Pohjois-Amerikan suurimmalla ja parhaaksi rankatulla <em>Whistler-Blackcombin<\/em> laskettelukeskuksella. Whistleriss\u00e4 on tullut k\u00e4yty\u00e4 muutamia kertoja viime kes\u00e4n\u00e4, mutta vasta nyt p\u00e4\u00e4si\u00e4isen\u00e4 selvisimme t\u00e4\u00e4ll\u00e4 m\u00e4keen saakka. Paikka on aivan uskomaton ja sen kokoa on mahdoton k\u00e4sitt\u00e4\u00e4. Kaksi vuorta, 3307 hehtaaria virallista laskettelualuetta, yli 200 rinnett\u00e4, 37 hissi\u00e4, 17 ravintolaa&#8230; Alueella olisi helppo eksy\u00e4 ilman loistavaa kyltityst\u00e4.<\/p>\n<p style=\"text-align: justify;\">Selv\u00e4\u00e4 on, ett\u00e4 kahden p\u00e4iv\u00e4n aikana ehtii laskea vain ja ainoastaan Whistler Mountainilla ja Blackcomb saa j\u00e4\u00e4d\u00e4 toiseen kertaan, ehk\u00e4 viel\u00e4 t\u00e4n\u00e4 vuonna. Blackcombilla kun kausi jatkuu j\u00e4\u00e4tik\u00f6ll\u00e4 jopa hein\u00e4kuuhun saakka! Viikonloppu ei vaan riit\u00e4 koko paikan koluamiseen, ei alkuunkaan. Hissimatkat ovat todella pitki\u00e4 ja laskuissa menee aikaa. Pisin lasku t\u00e4n\u00e4\u00e4n oli arviolta noin 13 kilometri\u00e4 mitaltaan ja siin\u00e4 vier\u00e4hti puoli tuntia. \ud83d\ude2f<\/p>\n<p style=\"text-align: justify;\">Keli t\u00e4n\u00e4\u00e4n puolipilvinen, huomenna sininen taivas. Huipulla aste pakkasta, laaksossa +15 astetta l\u00e4mmint\u00e4. Sanalla sanoen t\u00e4ydelliset olosuhteet laskettelulle. 8)<\/p>\n","protected":false},"excerpt":{"rendered":"<p>Ensimm\u00e4inen p\u00e4iv\u00e4 takana Pohjois-Amerikan suurimmalla ja parhaaksi rankatulla Whistler-Blackcombin laskettelukeskuksella. Whistleriss\u00e4 on tullut k\u00e4yty\u00e4 muutamia kertoja viime kes\u00e4n\u00e4, mutta vasta nyt p\u00e4\u00e4si\u00e4isen\u00e4 selvisimme t\u00e4\u00e4ll\u00e4 m\u00e4keen saakka. Paikka on aivan uskomaton ja sen kokoa on mahdoton k\u00e4sitt\u00e4\u00e4. Kaksi vuorta, 3307 hehtaaria virallista laskettelualuetta, yli 200 rinnett\u00e4, 37 hissi\u00e4, 17 ravintolaa&#8230; Alueella olisi helppo eksy\u00e4 ilman loistavaa &hellip; <a href=\"https:\/\/www.vuosiamaailmalla.fi\/blog\/2013\/paasiainen-suksilla\/\" class=\"more-link\">Jatka lukemista<span class=\"screen-reader-text\"> &#8221;P\u00e4\u00e4si\u00e4inen suksilla&#8221;<\/span><\/a><\/p>\n","protected":false},"author":1,"featured_media":0,"comment_status":"open","ping_status":"open","sticky":false,"template":"","format":"standard","meta":{"_jetpack_memberships_contains_paid_content":false,"footnotes":""},"categories":[17,3,778,7,12,774],"tags":[34,935,173,1022,218],"class_list":["post-1782","post","type-post","status-publish","format-standard","hentry","category-arki-kanadassa","category-arki-ulkomailla","category-laskettelu-ulkoilu","category-matkakertomukset","category-matkalla-kerrottua","category-ulkoilu","tag-arki","tag-kanada","tag-laskettelu","tag-paasiainen","tag-whistler"],"jetpack_featured_media_url":"","jetpack_sharing_enabled":true,"_links":{"self":[{"href":"https:\/\/www.vuosiamaailmalla.fi\/blog\/wp-json\/wp\/v2\/posts\/1782","targetHints":{"allow":["GET"]}}],"collection":[{"href":"https:\/\/www.vuosiamaailmalla.fi\/blog\/wp-json\/wp\/v2\/posts"}],"about":[{"href":"https:\/\/www.vuosiamaailmalla.fi\/blog\/wp-json\/wp\/v2\/types\/post"}],"author":[{"embeddable":true,"href":"https:\/\/www.vuosiamaailmalla.fi\/blog\/wp-json\/wp\/v2\/users\/1"}],"replies":[{"embeddable":true,"href":"https:\/\/www.vuosiamaailmalla.fi\/blog\/wp-json\/wp\/v2\/comments?post=1782"}],"version-history":[{"count":0,"href":"https:\/\/www.vuosiamaailmalla.fi\/blog\/wp-json\/wp\/v2\/posts\/1782\/revisions"}],"wp:attachment":[{"href":"https:\/\/www.vuosiamaailmalla.fi\/blog\/wp-json\/wp\/v2\/media?parent=1782"}],"wp:term":[{"taxonomy":"category","embeddable":true,"href":"https:\/\/www.vuosiamaailmalla.fi\/blog\/wp-json\/wp\/v2\/categories?post=1782"},{"taxonomy":"post_tag","embeddable":true,"href":"https:\/\/www.vuosiamaailmalla.fi\/blog\/wp-json\/wp\/v2\/tags?post=1782"}],"curies":[{"name":"wp","href":"https:\/\/api.w.org\/{rel}","templated":true}]}}