{"id":1813,"date":"2013-04-04T17:32:11","date_gmt":"2013-04-05T00:32:11","guid":{"rendered":"http:\/\/13.53.127.146\/?p=1813"},"modified":"2013-04-04T17:36:05","modified_gmt":"2013-04-05T00:36:05","slug":"lehtivihreaa","status":"publish","type":"post","link":"https:\/\/www.vuosiamaailmalla.fi\/blog\/2013\/lehtivihreaa\/","title":{"rendered":"Lehtivihre\u00e4\u00e4"},"content":{"rendered":"<p style=\"text-align: justify;\">Kev\u00e4t n\u00e4ytt\u00e4\u00e4 olevan viikkoa <a title=\"Lehti tuli puuhun\" href=\"https:\/\/www.vuosiamaailmalla.fi\/?p=172\">viime vuotta<\/a> aikaisemmassa, sill\u00e4 t\u00e4n\u00e4\u00e4n voi sanoa ett\u00e4 lehti on tullut puuhun. Silmuja on n\u00e4kynyt puissa jo parin viikon ajan, mutta vasta t\u00e4n\u00e4\u00e4n koittanut pieni sade sai ne aukeamaan ja kaupunkikuva on vihertyi p\u00e4iv\u00e4ss\u00e4 silminn\u00e4hden.<\/p>\n<p style=\"text-align: justify;\">Viimeinen viikon ajanjakso on ollut t\u00e4\u00e4ll\u00e4 l\u00e4nsirannikolla eritt\u00e4in kaunis sek\u00e4 l\u00e4mmin ja p\u00e4\u00e4si\u00e4isen\u00e4 saatiinkin <a title=\"P\u00e4\u00e4si\u00e4inen suksilla\" href=\"https:\/\/www.vuosiamaailmalla.fi\/?p=1782\">nauttia<\/a> laajasti 15-20 asteen l\u00e4mp\u00f6tiloista. Loppuviikoksi sek\u00e4 ensi viikoksi luvataan kuitenkin sateita, mik\u00e4 ei tosin haittaa ollenkaan. Saadaanpahan luonto vihert\u00e4m\u00e4\u00e4n ja voidaan j\u00e4tt\u00e4\u00e4 talvi j\u00e4lleen taakse. \ud83d\ude1b<\/p>\n","protected":false},"excerpt":{"rendered":"<p>Kev\u00e4t n\u00e4ytt\u00e4\u00e4 olevan viikkoa viime vuotta aikaisemmassa, sill\u00e4 t\u00e4n\u00e4\u00e4n voi sanoa ett\u00e4 lehti on tullut puuhun. Silmuja on n\u00e4kynyt puissa jo parin viikon ajan, mutta vasta t\u00e4n\u00e4\u00e4n koittanut pieni sade sai ne aukeamaan ja kaupunkikuva on vihertyi p\u00e4iv\u00e4ss\u00e4 silminn\u00e4hden. Viimeinen viikon ajanjakso on ollut t\u00e4\u00e4ll\u00e4 l\u00e4nsirannikolla eritt\u00e4in kaunis sek\u00e4 l\u00e4mmin ja p\u00e4\u00e4si\u00e4isen\u00e4 saatiinkin nauttia laajasti &hellip; <a href=\"https:\/\/www.vuosiamaailmalla.fi\/blog\/2013\/lehtivihreaa\/\" class=\"more-link\">Jatka lukemista<span class=\"screen-reader-text\"> &#8221;Lehtivihre\u00e4\u00e4&#8221;<\/span><\/a><\/p>\n","protected":false},"author":1,"featured_media":0,"comment_status":"open","ping_status":"open","sticky":false,"template":"","format":"standard","meta":{"_jetpack_memberships_contains_paid_content":false,"footnotes":""},"categories":[17,3],"tags":[25,34,935,160,939],"class_list":["post-1813","post","type-post","status-publish","format-standard","hentry","category-arki-kanadassa","category-arki-ulkomailla","tag-ajankohtaista","tag-arki","tag-kanada","tag-kevat","tag-vancouver"],"jetpack_featured_media_url":"","jetpack_sharing_enabled":true,"_links":{"self":[{"href":"https:\/\/www.vuosiamaailmalla.fi\/blog\/wp-json\/wp\/v2\/posts\/1813","targetHints":{"allow":["GET"]}}],"collection":[{"href":"https:\/\/www.vuosiamaailmalla.fi\/blog\/wp-json\/wp\/v2\/posts"}],"about":[{"href":"https:\/\/www.vuosiamaailmalla.fi\/blog\/wp-json\/wp\/v2\/types\/post"}],"author":[{"embeddable":true,"href":"https:\/\/www.vuosiamaailmalla.fi\/blog\/wp-json\/wp\/v2\/users\/1"}],"replies":[{"embeddable":true,"href":"https:\/\/www.vuosiamaailmalla.fi\/blog\/wp-json\/wp\/v2\/comments?post=1813"}],"version-history":[{"count":0,"href":"https:\/\/www.vuosiamaailmalla.fi\/blog\/wp-json\/wp\/v2\/posts\/1813\/revisions"}],"wp:attachment":[{"href":"https:\/\/www.vuosiamaailmalla.fi\/blog\/wp-json\/wp\/v2\/media?parent=1813"}],"wp:term":[{"taxonomy":"category","embeddable":true,"href":"https:\/\/www.vuosiamaailmalla.fi\/blog\/wp-json\/wp\/v2\/categories?post=1813"},{"taxonomy":"post_tag","embeddable":true,"href":"https:\/\/www.vuosiamaailmalla.fi\/blog\/wp-json\/wp\/v2\/tags?post=1813"}],"curies":[{"name":"wp","href":"https:\/\/api.w.org\/{rel}","templated":true}]}}