{"id":190,"date":"2012-03-18T17:40:27","date_gmt":"2012-03-19T00:40:27","guid":{"rendered":"http:\/\/127.0.0.1:4001\/wordpress\/?p=190"},"modified":"2021-02-04T20:15:37","modified_gmt":"2021-02-05T04:15:37","slug":"st-patricks-day","status":"publish","type":"post","link":"https:\/\/www.vuosiamaailmalla.fi\/blog\/2012\/st-patricks-day\/","title":{"rendered":"St. Patrick&#8217;s Day"},"content":{"rendered":"<p style=\"text-align: justify;\">17. maaliskuuta on Irlannin t\u00e4rkeimm\u00e4n suojeluspyhimyksen Pyh\u00e4n Patrickin muistop\u00e4iv\u00e4. T\u00e4m\u00e4n 400-luvulla el\u00e4neen pyhimyksen ansioksi lasketaan kristinuskon vakiinnuttaminen Irlantiin, mink\u00e4 kunniaksi <a title=\"Pyh\u00e4n Patrickin p\u00e4iv\u00e4n paraati\" href=\"http:\/\/www.vuosiamaailmalla.fi\/blog\/2013\/pyhan-patrickin-paivan-paraati\/\"><em>St. Patrick&#8217;s Day<\/em><\/a> on nykyisin maan kansallisp\u00e4iv\u00e4. P\u00e4iv\u00e4 on t\u00e4rke\u00e4 niin koko kelttil\u00e4isess\u00e4 maailmassa, kuin my\u00f6s suurten irlantilaista alkuper\u00e4\u00e4 olevien siirtolaisryhmien maissa kuten Yhdysvalloissa, Kanadassa sek\u00e4 Isossa-Britannissa.<\/p>\n<p><!--more--><\/p>\n<p style=\"text-align: justify;\">Kanadassa St. Patrick&#8217;s Day on <a title=\"Sekavat pyh\u00e4p\u00e4iv\u00e4t\" href=\"http:\/\/www.vuosiamaailmalla.fi\/blog\/2019\/sekavat-pyhapaivat\/\">vapaap\u00e4iv\u00e4<\/a> ainoastaan id\u00e4n Newfoundland ja Labradorin provinssissa, mutta sit\u00e4 juhlitaan l\u00e4himm\u00e4n viikonlopun aikana pitkin maata. Irlantilaisia siirtolaisia saapui Kanadaan vuosien 1825-1970 v\u00e4lisen\u00e4 aikana noin 1,2 miljoonaa, mik\u00e4 vastasi 24% tuon aikaisesta Kanadan v\u00e4est\u00f6st\u00e4. Irlantilaiset olivatkin maan toiseksi suurin etninen ryhm\u00e4 heti ranskalaisten j\u00e4lkeen. Viimeisten tilastojen mukaan irlantilaiset sukujuuret omaavia asuu Kanadassa yli 4,3 miljoonaa, mik\u00e4 on noin 14% nykyv\u00e4est\u00f6st\u00e4 ja maan nelj\u00e4nneksi suurin etninen ryhm\u00e4 (englantilaisten, ranskalaisten ja skotlantilaisten j\u00e4lkeen) . Brittil\u00e4isess\u00e4 Kolumbiassa heit\u00e4 asuu yli 600 000 (15% v\u00e4est\u00f6st\u00e4) ja juhlap\u00e4iv\u00e4\u00e4 juhlitaan sangen suureellisesti. Juhlan p\u00e4\u00e4tapahtumaksi on t\u00e4\u00e4ll\u00e4kin vakiintunut paraati, joka j\u00e4rjestettiin t\u00e4n\u00e4\u00e4n Vancouverissa kahdeksatta kertaa.<\/p>\n<p style=\"text-align: center;\"><a href=\"\/blog\/wp-content\/uploads\/2012\/paraatireitti_2012.jpg\" target=\"_blank\" rel=\"noopener\"><img decoding=\"async\" style=\"border: 0px none; margin: 5px;\" src=\"\/blog\/wp-content\/uploads\/2012\/paraatireitti_2012.jpg\" alt=\"\" \/><\/a><\/p>\n<p style=\"text-align: center;\"><em>Vuoden 2012 paraatireitti<\/em><\/p>\n<p style=\"text-align: justify;\">Paraatin reitti kulki halki keskustan pitkin <em>Howe Streeti\u00e4<\/em> aina <a title=\"2505-1331 West Georgia Street\" href=\"http:\/\/www.vuosiamaailmalla.fi\/blog\/2012\/2505-1331-west-georgia-street\/\"><em>West Georgia Streetille<\/em><\/a> saakka. Parin kilometrin mittaisen paraatireitin varrelle odotettiin noin 300 000 katsojaa ja itse paraatiin osallistui noin 2000 esiintyj\u00e4\u00e4. Me saavuimme paikalle hieman my\u00f6h\u00e4ss\u00e4, mutta ehdimme silti n\u00e4hd\u00e4 suurimman osan noin tunnin kest\u00e4neest\u00e4 paraatista. Kulkueessa kuultiin perinteist\u00e4 irlantilaista musiikkia sek\u00e4 n\u00e4htiin perinteist\u00e4 tanssia ja tietenkin v\u00e4rikk\u00e4it\u00e4 pukuja. Vaikka Vancouverin paraati onkin varsin vaatimaton esimerkiksi <a title=\"Kes\u00e4lomalla New Yorkissa\" href=\"https:\/\/www.vuosiamaailmalla.fi\/?p=9567\">New Yorkissa<\/a> j\u00e4rjestett\u00e4v\u00e4\u00e4n maailman suurimpaan Pyh\u00e4n Patrickin p\u00e4iv\u00e4n paraatiin verrattuna, oli se meist\u00e4 silti hauskan oloinen ilmaistapahtuma ja v\u00e4ke\u00e4 riitti paksuksi muuriksi reitin varrelle.<\/p>\n<p style=\"text-align: center;\"><a href=\"\/blog\/wp-content\/uploads\/2012\/st_patricks_day_paraati9.jpg\" target=\"_blank\" rel=\"noopener\"><img decoding=\"async\" style=\"border: 0px none; margin: 5px;\" src=\"\/blog\/wp-content\/uploads\/2012\/thumbs\/thumbs_st_patricks_day_paraati9.jpg\" alt=\"\" \/><\/a> <a href=\"\/blog\/wp-content\/uploads\/2012\/st_patricks_day_paraati8.jpg\" target=\"_blank\" rel=\"noopener\"><img decoding=\"async\" style=\"border: 0px none; margin: 5px;\" src=\"\/blog\/wp-content\/uploads\/2012\/thumbs\/thumbs_st_patricks_day_paraati8.jpg\" alt=\"\" \/><\/a><br \/>\n<a href=\"\/blog\/wp-content\/uploads\/2012\/st_patricks_day_paraati7.jpg\" target=\"_blank\" rel=\"noopener\"><img decoding=\"async\" style=\"border: 0px none; margin: 5px;\" src=\"\/blog\/wp-content\/uploads\/2012\/thumbs\/thumbs_st_patricks_day_paraati7.jpg\" alt=\"\" \/><\/a> <a href=\"\/blog\/wp-content\/uploads\/2012\/st_patricks_day_paraati5.jpg\" target=\"_blank\" rel=\"noopener\"><img decoding=\"async\" style=\"border: 0px none; margin: 5px;\" src=\"\/blog\/wp-content\/uploads\/2012\/thumbs\/thumbs_st_patricks_day_paraati5.jpg\" alt=\"\" \/><\/a><\/p>\n<p style=\"text-align: center;\"><em>Vihre\u00e4\u00e4n pukeutuneita paraatilaisia<\/em><\/p>\n<p style=\"text-align: center;\"><a href=\"\/blog\/wp-content\/uploads\/2012\/st_patricks_day_paraati10.jpg\" target=\"_blank\" rel=\"noopener\"><img decoding=\"async\" style=\"border: 0px none; margin: 5px;\" src=\"\/blog\/wp-content\/uploads\/2012\/st_patricks_day_paraati10.jpg\" alt=\"\" \/><\/a><\/p>\n<p style=\"text-align: center;\"><em>Sambatanssijakin pukeutuneena vihre\u00e4\u00e4n<\/em><\/p>\n<p style=\"text-align: justify;\">Juhlinta sujui rauhallisesti, mutta koska Pyh\u00e4n Patrickin nyky-juhlintaan kuuluu (peri-irlantilaiseen tapaan) paljon alkoholin nautintaa, riist\u00e4ytyy homma joskus k\u00e4sist\u00e4. N\u00e4in k\u00e4vi sunnuntain vastaisena y\u00f6n\u00e4 Ontarion provinssissa sijaitsevassa noin 350 000 asukkaan Londonin kaupungissa, jossa noin tuhatp\u00e4isen humalaisen nuorisojoukon mellakointi aiheutti noin 100 000 dollarin tuhot. Onneksi t\u00e4llaista ei Vancouverissa n\u00e4hty, vaikka monelle St. Patrick&#8217;s Day onkin hyv\u00e4 syy v\u00e4kijuomien kilistelyyn juhlaviikonlopun aikana.<\/p>\n<p style=\"text-align: center;\"><a href=\"\/blog\/wp-content\/uploads\/2012\/st_patricks_day_paraati2.jpg\" target=\"_blank\" rel=\"noopener\"><img decoding=\"async\" style=\"border: 0px none; margin: 5px;\" src=\"\/blog\/wp-content\/uploads\/2012\/st_patricks_day_paraati2.jpg\" alt=\"\" \/><\/a><\/p>\n<p style=\"text-align: center;\"><em>Riemukas kulkueseen osallistuja<\/em><\/p>\n<p style=\"text-align: center;\"><a href=\"\/blog\/wp-content\/uploads\/2012\/st_patricks_day_paraati3.jpg\" target=\"_blank\" rel=\"noopener\"><img decoding=\"async\" style=\"border: 0px none; margin: 5px;\" src=\"\/blog\/wp-content\/uploads\/2012\/thumbs\/thumbs_st_patricks_day_paraati3.jpg\" alt=\"\" \/><\/a> <a href=\"\/blog\/wp-content\/uploads\/2012\/st_patricks_day_paraati4.jpg\" target=\"_blank\" rel=\"noopener\"><img decoding=\"async\" style=\"border: 0px none; margin: 5px;\" src=\"\/blog\/wp-content\/uploads\/2012\/thumbs\/thumbs_st_patricks_day_paraati4.jpg\" alt=\"\" \/><\/a><br \/>\n<a href=\"\/blog\/wp-content\/uploads\/2012\/st_patricks_day_paraati6.jpg\" target=\"_blank\" rel=\"noopener\"><img decoding=\"async\" style=\"border: 0px none; margin: 5px;\" src=\"\/blog\/wp-content\/uploads\/2012\/thumbs\/thumbs_st_patricks_day_paraati6.jpg\" alt=\"\" \/><\/a> <a href=\"\/blog\/wp-content\/uploads\/2012\/st_patricks_day_paraati1.jpg\" target=\"_blank\" rel=\"noopener\"><img decoding=\"async\" style=\"border: 0px none; margin: 5px;\" src=\"\/blog\/wp-content\/uploads\/2012\/thumbs\/thumbs_st_patricks_day_paraati1.jpg\" alt=\"\" \/><\/a><\/p>\n<p style=\"text-align: center;\"><em>Hevosia, s\u00e4kkipillej\u00e4 ja perinteisi\u00e4 ratsupoliiseja<\/em><\/p>\n<p style=\"text-align: justify;\">Lis\u00e4\u00e4 kuvia Vancouverin St. Patrick&#8217;s Dayn juhlinnasta l\u00f6ytyy tapahtuman virallisilta sivuilta.<\/p>\n","protected":false},"excerpt":{"rendered":"<p>17. maaliskuuta on Irlannin t\u00e4rkeimm\u00e4n suojeluspyhimyksen Pyh\u00e4n Patrickin muistop\u00e4iv\u00e4. T\u00e4m\u00e4n 400-luvulla el\u00e4neen pyhimyksen ansioksi lasketaan kristinuskon vakiinnuttaminen Irlantiin, mink\u00e4 kunniaksi St. Patrick&#8217;s Day on nykyisin maan kansallisp\u00e4iv\u00e4. P\u00e4iv\u00e4 on t\u00e4rke\u00e4 niin koko kelttil\u00e4isess\u00e4 maailmassa, kuin my\u00f6s suurten irlantilaista alkuper\u00e4\u00e4 olevien siirtolaisryhmien maissa kuten Yhdysvalloissa, Kanadassa sek\u00e4 Isossa-Britannissa.<\/p>\n","protected":false},"author":1,"featured_media":11624,"comment_status":"open","ping_status":"open","sticky":false,"template":"","format":"standard","meta":{"_jetpack_memberships_contains_paid_content":false,"footnotes":""},"categories":[17,3],"tags":[25,32,34,935,155,446,196,939,940,11],"class_list":["post-190","post","type-post","status-publish","format-standard","has-post-thumbnail","hentry","category-arki-kanadassa","category-arki-ulkomailla","tag-ajankohtaista","tag-amerikkalainen-juttu","tag-arki","tag-kanada","tag-kanadalainen-juttu","tag-paraati","tag-st-patricks-day","tag-vancouver","tag-vancouver-downtown","tag-matkakertomukset-yhdysvallat"],"jetpack_featured_media_url":"https:\/\/www.vuosiamaailmalla.fi\/blog\/wp-content\/uploads\/st_patricks_day_paraati_banner-1.jpg","jetpack_sharing_enabled":true,"_links":{"self":[{"href":"https:\/\/www.vuosiamaailmalla.fi\/blog\/wp-json\/wp\/v2\/posts\/190","targetHints":{"allow":["GET"]}}],"collection":[{"href":"https:\/\/www.vuosiamaailmalla.fi\/blog\/wp-json\/wp\/v2\/posts"}],"about":[{"href":"https:\/\/www.vuosiamaailmalla.fi\/blog\/wp-json\/wp\/v2\/types\/post"}],"author":[{"embeddable":true,"href":"https:\/\/www.vuosiamaailmalla.fi\/blog\/wp-json\/wp\/v2\/users\/1"}],"replies":[{"embeddable":true,"href":"https:\/\/www.vuosiamaailmalla.fi\/blog\/wp-json\/wp\/v2\/comments?post=190"}],"version-history":[{"count":3,"href":"https:\/\/www.vuosiamaailmalla.fi\/blog\/wp-json\/wp\/v2\/posts\/190\/revisions"}],"predecessor-version":[{"id":11625,"href":"https:\/\/www.vuosiamaailmalla.fi\/blog\/wp-json\/wp\/v2\/posts\/190\/revisions\/11625"}],"wp:featuredmedia":[{"embeddable":true,"href":"https:\/\/www.vuosiamaailmalla.fi\/blog\/wp-json\/wp\/v2\/media\/11624"}],"wp:attachment":[{"href":"https:\/\/www.vuosiamaailmalla.fi\/blog\/wp-json\/wp\/v2\/media?parent=190"}],"wp:term":[{"taxonomy":"category","embeddable":true,"href":"https:\/\/www.vuosiamaailmalla.fi\/blog\/wp-json\/wp\/v2\/categories?post=190"},{"taxonomy":"post_tag","embeddable":true,"href":"https:\/\/www.vuosiamaailmalla.fi\/blog\/wp-json\/wp\/v2\/tags?post=190"}],"curies":[{"name":"wp","href":"https:\/\/api.w.org\/{rel}","templated":true}]}}