{"id":192,"date":"2012-03-12T15:02:06","date_gmt":"2012-03-12T22:02:06","guid":{"rendered":"http:\/\/127.0.0.1:4001\/wordpress\/?p=192"},"modified":"2020-12-23T22:42:18","modified_gmt":"2020-12-24T06:42:18","slug":"laskettelua-sadepilvessa","status":"publish","type":"post","link":"https:\/\/www.vuosiamaailmalla.fi\/blog\/2012\/laskettelua-sadepilvessa\/","title":{"rendered":"Laskettelua sadepilvess\u00e4"},"content":{"rendered":"<p style=\"text-align: justify;\">Menneen\u00e4 viikonloppuna p\u00e4\u00e4timme nauttia ensi kertaa uuden kotikaupunkimme tarjoamista ulkoilumahdollisuuksista ja niinp\u00e4 pakkasimme lauantaina tavarat <a title=\"2012 BMW X1 xDrive28i\" href=\"https:\/\/www.vuosiamaailmalla.fi\/?p=201\">autoomme<\/a> ja ajoimme <a title=\"Kes\u00e4p\u00e4iv\u00e4 North Vancouverissa\" href=\"https:\/\/www.vuosiamaailmalla.fi\/?p=7861\">North Vancouveriin<\/a>. Kaupungin pohjoispuolella sijaitsevien North Shore Mountainsien yksi huippu on nimelt\u00e4\u00e4n <a title=\"Pilvihattaraa Mount Seymourilla\" href=\"https:\/\/www.vuosiamaailmalla.fi\/?p=7765\">Mount Seymour<\/a>, jolla sijaitsee yksi Vancouverin l\u00e4hialueen\u00a0 kolmesta laskettelukeskuksesta, kahden muun ollessa <a title=\"Kompurointia ja hauskaa Grouse Mountainin illassa\" href=\"https:\/\/www.vuosiamaailmalla.fi\/?p=7653\">Grouse Mountain<\/a> sek\u00e4 <a title=\"Kauden avaus Cypress Mountainilla\" href=\"https:\/\/www.vuosiamaailmalla.fi\/?p=1504\">Cypress Mountain<\/a>. N\u00e4ist\u00e4 kolmesta Mount Seymour on kaikkein kesyin, mik\u00e4 oli hyv\u00e4 alku lasketteluun.<\/p>\n<p><!--more--><\/p>\n<p style=\"text-align: justify;\">Niina oli juuri ennen <a title=\"Sinkkuel\u00e4m\u00e4n loppu\" href=\"https:\/\/www.vuosiamaailmalla.fi\/?p=224\">Vancouveriin saapumistaan<\/a> viett\u00e4nyt pitk\u00e4n viikonlopun Sveitsin Engelbergiss\u00e4 lasketellen ja tuon reissun toisena p\u00e4iv\u00e4n\u00e4 h\u00e4n kaatunut m\u00e4ess\u00e4, satuttaen vasemman polvensa niin ett\u00e4 reissun laskettelu j\u00e4i siihen. T\u00e4st\u00e4 oli kulunut vasta hieman yli kuukauden verran, joten halusimme k\u00e4yd\u00e4 kokeilemassa miten polvi on tervehtynyt ja siksi Mount Seymourin tapainen helpompi ja halvempi keskus oli hyv\u00e4 idea.<\/p>\n<p style=\"text-align: center;\"><a href=\"\/blog\/wp-content\/uploads\/2012\/mount_seymour.jpg\" target=\"_blank\" rel=\"noopener noreferrer\"><img decoding=\"async\" style=\"border: 0px none; margin: 5px;\" src=\"\/blog\/wp-content\/uploads\/2012\/mount_seymour.jpg\" alt=\"\" \/><\/a><\/p>\n<p style=\"text-align: justify;\">S\u00e4\u00e4ennuste lauantaille lupasi pilvist\u00e4, mutta iltap\u00e4iv\u00e4\u00e4 kohden poutaantuvaa keli\u00e4. Vuorta kohti ajaessamme n\u00e4imme ett\u00e4 l\u00e4nness\u00e4 keli oli jo poutainen ja niinp\u00e4 ajattelimme Seymourin sis\u00e4\u00e4ns\u00e4 k\u00e4tkev\u00e4n pilven katoavan parissa parissa tunnissa.<\/p>\n<p style=\"text-align: justify;\">1449-metriselle Mount Seymourille johtava maantie kipuaa keskell\u00e4 vehre\u00e4\u00e4 havumets\u00e4\u00e4 kohti 1020 metrin korkeudessa sijaitsevaa parkkialuetta. Vaikka alhaalla kaupungissa olikin seitsem\u00e4n astetta l\u00e4mmint\u00e4, viileni keli parkkialueelle menness\u00e4 nollan kieppeille. Puolimatkassa tien vieress\u00e4 alkoi my\u00f6s n\u00e4ky\u00e4 kinoksia, jotka kasvoivat yl\u00f6sp\u00e4in ment\u00e4ess\u00e4 niin lopulta monen metrin korkuisiksi. Mount Seymourin lumivarmuus onkin normaalisti hyv\u00e4, sill\u00e4 siell\u00e4 saadaan talvessa keskim\u00e4\u00e4rin kymmenen metri\u00e4 lunta! \ud83d\ude2f<\/p>\n<p style=\"text-align: justify;\">Keli ala-asemalla oli pilvinen ja siell\u00e4 oltiin sadepilven sis\u00e4ss\u00e4. N\u00e4kyvyys oli vaivaiset parikymment\u00e4 metri\u00e4, mutta noudimme silti vuokraamosta hieman p\u00e4ivi\u00e4 n\u00e4hneet sukset ja l\u00e4hdimme sivakoimaan kohti hissej\u00e4.<\/p>\n<p style=\"text-align: center;\"><a href=\"\/blog\/wp-content\/uploads\/2012\/mount_seymourilla1.jpg\" target=\"_blank\" rel=\"noopener noreferrer\"><img decoding=\"async\" style=\"border: 0px none; margin: 5px;\" src=\"\/blog\/wp-content\/uploads\/2012\/thumbs\/thumbs_mount_seymourilla1.jpg\" alt=\"\" \/><\/a><\/p>\n<p style=\"text-align: center;\"><em>Vuoden ensimm\u00e4inen m\u00e4ki<\/em><\/p>\n<p style=\"text-align: justify;\">Mount Seymourilla on ainoastaan kolme kahden hengen tuolihissi\u00e4, joiden kapasiteetti on hyvin pient\u00e4 (vuoden 2012 tilanne, sittemmin p\u00e4ivittynyt). Huonokelisen\u00e4 p\u00e4iv\u00e4n\u00e4 jonoja ei kuitenkaan ollut, mutta luemma kauniina p\u00e4iv\u00e4n\u00e4 joutuu seisoskelemaan pitk\u00e4ss\u00e4 hissijonossa. Tuolihisseist\u00e4 keskimm\u00e4inen on varsinainen p\u00e4\u00e4hissi ja se ylt\u00e4\u00e4 puoliv\u00e4liin vuorta.<\/p>\n<p style=\"text-align: justify;\">Jo hississ\u00e4 totesimme n\u00e4kyvyyden olevan todella huono ja ylh\u00e4\u00e4ll\u00e4 n\u00e4kyvyys oli melkeinp\u00e4 nolla metri\u00e4. Kauden ensimm\u00e4inen lasku tuossa keliss\u00e4 ja vieraassa rinteess\u00e4, oli hiuksia nostattava kokemus. Valitettavasti keli ei tuosta parantunut, mutta rinteiden profiili alkoi pian painua mieleen. Oli silti hurjaa laskea paikoitellen t\u00e4ydellisiss\u00e4 <em>whiteout<\/em> olosuhteissa. Tummat ihmishahmot pystyi rinteess\u00e4 sent\u00e4\u00e4n erottamaan, vaikka v\u00e4lill\u00e4 tihku- ja vesisade tekiv\u00e4tkin hankalaksi katsoa eteenp\u00e4in. \ud83d\ude15<\/p>\n<p style=\"text-align: center;\"><a href=\"\/blog\/wp-content\/uploads\/2012\/ei_kaksinen_nakyvyys.jpg\" target=\"_blank\" rel=\"noopener noreferrer\"><img decoding=\"async\" style=\"border: 0px none; margin: 5px;\" src=\"\/blog\/wp-content\/uploads\/2012\/ei_kaksinen_nakyvyys.jpg\" alt=\"\" \/><\/a><\/p>\n<p style=\"text-align: center;\"><em>Hissimatkalla tuntemattomaan<\/em><\/p>\n<p style=\"text-align: center;\"><a href=\"\/blog\/wp-content\/uploads\/2012\/keskella_rinnetta1.jpg\" target=\"_blank\" rel=\"noopener noreferrer\"><img decoding=\"async\" style=\"border: 0px none; margin: 5px;\" src=\"\/blog\/wp-content\/uploads\/2012\/thumbs\/thumbs_keskella_rinnetta1.jpg\" alt=\"\" \/><\/a> <a href=\"\/blog\/wp-content\/uploads\/2012\/keskella_rinnetta2.jpg\" target=\"_blank\" rel=\"noopener noreferrer\"><img decoding=\"async\" style=\"border: 0px none; margin: 5px;\" src=\"\/blog\/wp-content\/uploads\/2012\/thumbs\/thumbs_keskella_rinnetta2.jpg\" alt=\"\" \/><\/a><\/p>\n<p style=\"text-align: center;\"><em>N\u00e4kyvyys nolla<\/em><\/p>\n<p style=\"text-align: justify;\">Huonon n\u00e4kyvyyden lis\u00e4ksi laskemisen teki hankalaksi rinteiden huono viitoitus. Rinnekartta l\u00f6ytyi ainoastaan ala-aseman ravintolan l\u00e4helt\u00e4, joten laskimme m\u00e4ki\u00e4 haalean muistikuvan mukaan. Oli v\u00e4hint\u00e4\u00e4nkin haastavaa muistaa mik\u00e4 rinne voisi johtaa jyrkille mustille osuuksille ja v\u00e4ltt\u00e4\u00e4 niit\u00e4. Sellaisen rinteen laskeminen kun ei olisi kovin mukavaa t\u00e4ll\u00e4 n\u00e4kyvyydell\u00e4.<\/p>\n<p style=\"text-align: justify;\">Muuten Mount Seymouria ei voi haukkua aivan huonoksi, sill\u00e4 sielt\u00e4 l\u00f6ytyi monia <a title=\"Paluu Mount Seymourin rinteisiin\" href=\"https:\/\/www.vuosiamaailmalla.fi\/?p=9978\">mukavia rinteit\u00e4<\/a>, joita olisi varmasti hauska p\u00e4\u00e4stell\u00e4 kauniin kelin vallitessa. Yhteens\u00e4 keskuksessa on 39 rinnett\u00e4, joista 12 on valaistuja. Korkeusvaihtelua on suurimmillaan 330 metri\u00e4 ja pisin rinne on 1,6 kilometri\u00e4. Korkein yl\u00e4asema on 1265 metriss\u00e4. Paikka tuntui olevan my\u00f6s suositty ja varsinkin lumilautailijoita oli paljon. T\u00e4ytyy my\u00f6s antaa tunnustusta, ett\u00e4 ehk\u00e4 ensimm\u00e4ist\u00e4 kertaa rinneravintola ei ry\u00f6st\u00e4nyt hinnoillaan, vaan hintataso oli todella kohtuullinen. Hintaansa n\u00e4hden Mount Seymour vaikuttikin meist\u00e4 ihan p\u00e4tev\u00e4lt\u00e4 diililt\u00e4. \ud83d\udca1<\/p>\n<p style=\"text-align: justify;\">Vaikka keli olikin katastrofaalisen huono, oli kokemuksemme silti mukava. Laskettelu on mukavaa puuhaa ja olikin hauskaa p\u00e4\u00e4st\u00e4 rinteeseen ensimm\u00e4ist\u00e4 kertaa t\u00e4n\u00e4 vuonna. Koska North Shore Mountainsin kaikki kolme rinnett\u00e4 ovat meit\u00e4 niin l\u00e4hell\u00e4, ehdimme varmasti k\u00e4ym\u00e4\u00e4n rinteess\u00e4 <a title=\"T\u00e4ydellinen p\u00e4iv\u00e4 Cypress Mountainilla\" href=\"https:\/\/www.vuosiamaailmalla.fi\/?p=177\">ainakin kerran<\/a> t\u00e4m\u00e4n kauden aikana. Toivon mukaan se kuitenkin tapahtuu paremman kelin vallitessa.<\/p>\n","protected":false},"excerpt":{"rendered":"<p>Menneen\u00e4 viikonloppuna p\u00e4\u00e4timme nauttia ensi kertaa uuden kotikaupunkimme tarjoamista ulkoilumahdollisuuksista ja niinp\u00e4 pakkasimme lauantaina tavarat autoomme ja ajoimme North Vancouveriin. Kaupungin pohjoispuolella sijaitsevien North Shore Mountainsien yksi huippu on nimelt\u00e4\u00e4n Mount Seymour, jolla sijaitsee yksi Vancouverin l\u00e4hialueen\u00a0 kolmesta laskettelukeskuksesta, kahden muun ollessa Grouse Mountain sek\u00e4 Cypress Mountain. N\u00e4ist\u00e4 kolmesta Mount Seymour on kaikkein kesyin, mik\u00e4 &hellip; <a href=\"https:\/\/www.vuosiamaailmalla.fi\/blog\/2012\/laskettelua-sadepilvessa\/\" class=\"more-link\">Jatka lukemista<span class=\"screen-reader-text\"> &#8221;Laskettelua sadepilvess\u00e4&#8221;<\/span><\/a><\/p>\n","protected":false},"author":1,"featured_media":9976,"comment_status":"open","ping_status":"open","sticky":false,"template":"","format":"standard","meta":{"_jetpack_memberships_contains_paid_content":false,"footnotes":""},"categories":[17,3,778,774],"tags":[34,935,173,181,184],"class_list":["post-192","post","type-post","status-publish","format-standard","has-post-thumbnail","hentry","category-arki-kanadassa","category-arki-ulkomailla","category-laskettelu-ulkoilu","category-ulkoilu","tag-arki","tag-kanada","tag-laskettelu","tag-mount-seymour","tag-north-vancouver"],"jetpack_featured_media_url":"https:\/\/www.vuosiamaailmalla.fi\/blog\/wp-content\/uploads\/keskella_rinnetta_banner.jpg","jetpack_sharing_enabled":true,"_links":{"self":[{"href":"https:\/\/www.vuosiamaailmalla.fi\/blog\/wp-json\/wp\/v2\/posts\/192","targetHints":{"allow":["GET"]}}],"collection":[{"href":"https:\/\/www.vuosiamaailmalla.fi\/blog\/wp-json\/wp\/v2\/posts"}],"about":[{"href":"https:\/\/www.vuosiamaailmalla.fi\/blog\/wp-json\/wp\/v2\/types\/post"}],"author":[{"embeddable":true,"href":"https:\/\/www.vuosiamaailmalla.fi\/blog\/wp-json\/wp\/v2\/users\/1"}],"replies":[{"embeddable":true,"href":"https:\/\/www.vuosiamaailmalla.fi\/blog\/wp-json\/wp\/v2\/comments?post=192"}],"version-history":[{"count":1,"href":"https:\/\/www.vuosiamaailmalla.fi\/blog\/wp-json\/wp\/v2\/posts\/192\/revisions"}],"predecessor-version":[{"id":11063,"href":"https:\/\/www.vuosiamaailmalla.fi\/blog\/wp-json\/wp\/v2\/posts\/192\/revisions\/11063"}],"wp:featuredmedia":[{"embeddable":true,"href":"https:\/\/www.vuosiamaailmalla.fi\/blog\/wp-json\/wp\/v2\/media\/9976"}],"wp:attachment":[{"href":"https:\/\/www.vuosiamaailmalla.fi\/blog\/wp-json\/wp\/v2\/media?parent=192"}],"wp:term":[{"taxonomy":"category","embeddable":true,"href":"https:\/\/www.vuosiamaailmalla.fi\/blog\/wp-json\/wp\/v2\/categories?post=192"},{"taxonomy":"post_tag","embeddable":true,"href":"https:\/\/www.vuosiamaailmalla.fi\/blog\/wp-json\/wp\/v2\/tags?post=192"}],"curies":[{"name":"wp","href":"https:\/\/api.w.org\/{rel}","templated":true}]}}