{"id":1925,"date":"2013-04-13T10:18:56","date_gmt":"2013-04-13T17:18:56","guid":{"rendered":"http:\/\/13.53.127.146\/?p=1925"},"modified":"2013-04-13T17:38:45","modified_gmt":"2013-04-14T00:38:45","slug":"myrskyinen-yo","status":"publish","type":"post","link":"https:\/\/www.vuosiamaailmalla.fi\/blog\/2013\/myrskyinen-yo\/","title":{"rendered":"Myrskyinen y\u00f6"},"content":{"rendered":"<p style=\"text-align: justify;\">Huh, olipahan viime y\u00f6n\u00e4 melkoinen myr\u00e4kk\u00e4. Koko rakennus heilui tuulessa l\u00e4pi y\u00f6n ja lattiasta kattoon olevat ikkunat natisivat puhureissa siihen malliin, ett\u00e4 sain unta vasta aamu nelj\u00e4lt\u00e4. Mill\u00e4h\u00e4n kummalla talon katolla olevat rakennustelineet mahtoivat pysy\u00e4 paikoillaan jopa 120km\/h lukemiin ylt\u00e4neiss\u00e4 puhureissa? Naapuritalon katolla liehui lippu todella villisti lipputanko taipuneena, samoin kattopuutarhan puut. Jossain oli saatu y\u00f6ll\u00e4 rankka raekuurokin, tosin ei meill\u00e4 keskustassa.<\/p>\n<p style=\"text-align: justify;\">K\u00e4vi kyll\u00e4 mieless\u00e4, ett\u00e4 on ollut varmaan kiintoisaa asua Manhattanilla viimevuotisen Sandy-myrskyn aikaan, kun tuulet on olleet viel\u00e4 t\u00e4t\u00e4 huomattavasti voimakkaampia ja rakennuksetkin korkeampia. N\u00e4m\u00e4 on n\u00e4it\u00e4 korkealla asumisen erikoispiirteit\u00e4&#8230; \ud83d\ude44<\/p>\n","protected":false},"excerpt":{"rendered":"<p>Huh, olipahan viime y\u00f6n\u00e4 melkoinen myr\u00e4kk\u00e4. Koko rakennus heilui tuulessa l\u00e4pi y\u00f6n ja lattiasta kattoon olevat ikkunat natisivat puhureissa siihen malliin, ett\u00e4 sain unta vasta aamu nelj\u00e4lt\u00e4. Mill\u00e4h\u00e4n kummalla talon katolla olevat rakennustelineet mahtoivat pysy\u00e4 paikoillaan jopa 120km\/h lukemiin ylt\u00e4neiss\u00e4 puhureissa? Naapuritalon katolla liehui lippu todella villisti lipputanko taipuneena, samoin kattopuutarhan puut. Jossain oli saatu &hellip; <a href=\"https:\/\/www.vuosiamaailmalla.fi\/blog\/2013\/myrskyinen-yo\/\" class=\"more-link\">Jatka lukemista<span class=\"screen-reader-text\"> &#8221;Myrskyinen y\u00f6&#8221;<\/span><\/a><\/p>\n","protected":false},"author":1,"featured_media":0,"comment_status":"open","ping_status":"open","sticky":false,"template":"","format":"standard","meta":{"_jetpack_memberships_contains_paid_content":false,"footnotes":""},"categories":[17,3],"tags":[34,935,270,939],"class_list":["post-1925","post","type-post","status-publish","format-standard","hentry","category-arki-kanadassa","category-arki-ulkomailla","tag-arki","tag-kanada","tag-saa","tag-vancouver"],"jetpack_featured_media_url":"","jetpack_sharing_enabled":true,"_links":{"self":[{"href":"https:\/\/www.vuosiamaailmalla.fi\/blog\/wp-json\/wp\/v2\/posts\/1925","targetHints":{"allow":["GET"]}}],"collection":[{"href":"https:\/\/www.vuosiamaailmalla.fi\/blog\/wp-json\/wp\/v2\/posts"}],"about":[{"href":"https:\/\/www.vuosiamaailmalla.fi\/blog\/wp-json\/wp\/v2\/types\/post"}],"author":[{"embeddable":true,"href":"https:\/\/www.vuosiamaailmalla.fi\/blog\/wp-json\/wp\/v2\/users\/1"}],"replies":[{"embeddable":true,"href":"https:\/\/www.vuosiamaailmalla.fi\/blog\/wp-json\/wp\/v2\/comments?post=1925"}],"version-history":[{"count":0,"href":"https:\/\/www.vuosiamaailmalla.fi\/blog\/wp-json\/wp\/v2\/posts\/1925\/revisions"}],"wp:attachment":[{"href":"https:\/\/www.vuosiamaailmalla.fi\/blog\/wp-json\/wp\/v2\/media?parent=1925"}],"wp:term":[{"taxonomy":"category","embeddable":true,"href":"https:\/\/www.vuosiamaailmalla.fi\/blog\/wp-json\/wp\/v2\/categories?post=1925"},{"taxonomy":"post_tag","embeddable":true,"href":"https:\/\/www.vuosiamaailmalla.fi\/blog\/wp-json\/wp\/v2\/tags?post=1925"}],"curies":[{"name":"wp","href":"https:\/\/api.w.org\/{rel}","templated":true}]}}