{"id":194,"date":"2012-03-11T11:32:53","date_gmt":"2012-03-11T18:32:53","guid":{"rendered":"http:\/\/127.0.0.1:4001\/wordpress\/?p=194"},"modified":"2026-03-02T22:27:41","modified_gmt":"2026-03-03T06:27:41","slug":"tunnin-lahempana-suomea","status":"publish","type":"post","link":"https:\/\/www.vuosiamaailmalla.fi\/blog\/2012\/tunnin-lahempana-suomea\/","title":{"rendered":"Tunnin l\u00e4hemp\u00e4n\u00e4 Suomea"},"content":{"rendered":"<p style=\"text-align: justify;\">Kuten Suomessa ja monessa muussa Euroopan maassa, my\u00f6s Kanadassa vaihdetaan kes\u00e4- ja talviajan v\u00e4lill\u00e4. Kellojen siirron ajankohta eroaa kuitenkin Euroopasta ja Kanadassa vaihdettiinkin kes\u00e4aikaan jo viime y\u00f6n\u00e4 mik\u00e4 tarkoittaa, ett\u00e4 Suomen ja Kanadan v\u00e4linen aikaero on seuraavat kaksi viikkoa 9 tuntia normaalin 10 tunnin sijaan.<\/p>\n<p><!--more--><\/p>\n<p style=\"text-align: justify;\"><em>Aiheeseen liittyen lue my\u00f6s: <a title=\"Viimeinen kellojen siirto\" href=\"https:\/\/www.vuosiamaailmalla.fi\/blog\/2026\/viimeinen-kellojen-siirto\/\"><strong>Viimeinen kellojen siirto<\/strong><\/a><\/em><\/p>\n<p style=\"text-align: justify;\">Kymmenen tunnin aikaero on sen verran merkitt\u00e4v\u00e4, ett\u00e4 se on omiaan hankaloittamaan yhteydenpitoa Suomeen. Tutuille soittaminen on mahdollista l\u00e4hinn\u00e4 aamup\u00e4iv\u00e4ll\u00e4, sill\u00e4 kellon ollessa Vancouverissa 12:00, on se Suomessa jo 22:00. Toinen vaihtoehto on soittaa t\u00e4\u00e4lt\u00e4 kello 22:00 j\u00e4lkeen, jolloin Suomessa on her\u00e4tty seuraavaan aamuun ja kello on 08:00. Kumpaakin aikataulua tulee sovellettua itse, joskin ty\u00f6ss\u00e4k\u00e4yv\u00e4n\u00e4 ensimm\u00e4inen onnistuu yleens\u00e4 vain viikonloppuisin.<\/p>\n<p style=\"text-align: center;\"><a href=\"\/blog\/wp-content\/uploads\/2012\/aikavyohykkeet.gif\" target=\"_blank\" rel=\"noopener\"><img decoding=\"async\" src=\"\/blog\/wp-content\/uploads\/2012\/aikavyohykkeet.gif\" alt=\"Photobucket\" border=\"0\" \/><\/a><\/p>\n<p style=\"text-align: center;\"><em>Maailman aikavy\u00f6hykkeet<\/em><\/p>\n<p style=\"text-align: justify;\">Suuri aikaero on my\u00f6s ajatuksen tasolla harmillinen. Kun t\u00e4\u00e4ll\u00e4 Kanadan l\u00e4nsirannikolla on maanantaiaamu, on Euroopassa jo &#8221;selvitty&#8221; ty\u00f6p\u00e4iv\u00e4st\u00e4 ja nautitaan illan vapaa-ajasta. P\u00e4invastoin tilanne k\u00e4\u00e4ntyy viikonloppuisin, kun Vancouverissa on sunnuntaiaamu ja Suomessa aletaan jo valmistautua edess\u00e4 olevaan maanantaihin. Kummallakin on siis puolensa viikon eri vaiheessa, mutta aikaero tekee silti el\u00e4m\u00e4n mielenkiintoiseksi globaalissa yrityksess\u00e4, jollaisessa <a title=\"Yhden aikakauden p\u00e4\u00e4t\u00f6s ja uuden alku\" href=\"https:\/\/www.vuosiamaailmalla.fi\/blog\/2013\/yhden-aikakauden-paatos-ja-uuden-alku\/\">itsekin ty\u00f6skentelemme<\/a>.<\/p>\n<p style=\"text-align: justify;\">Kun kollegoita on esimerkiksi Kiinassa, on n\u00e4iden kanssa toisinaan hankala toimia 15 tunnin aikaeron vuoksi. Se kyll\u00e4 onnistuu, mutta jonkun pit\u00e4\u00e4 tuolloin joustaa omassa arjessaan. Eurooppalaisen yrityksen kohdalla se joku on yleens\u00e4 pienempi yksikk\u00f6 kaukana p\u00e4\u00e4kallonpaikasta, esimerkiksi juuri Vancouver.<\/p>\n<p style=\"text-align: justify;\">Otan itsekin viikoittain osaa puhelinkonferenssiin, jossa on osallistujia kaikkialta maailmasta. Minun tapauksessani puhelu on tiistai-iltaisin my\u00f6h\u00e4\u00e4n kello 23:00-0:00, mutta t\u00e4t\u00e4 hullumpiakin kokousaikoja on v\u00e4lill\u00e4 tarjolla. Onneksi niist\u00e4 voi my\u00f6s kielt\u00e4yty\u00e4 kohtuuden nimiss\u00e4, sill\u00e4 puoliunisesta osallistujasta ei ole paljon hy\u00f6ty\u00e4.<\/p>\n<p style=\"text-align: justify;\">Aikaerolla on siis arkea mutkistava vaikutuksensa, johon onneksi sopeutuu. Harmillisempaa on aikaerosta johtuva <em>jetlag<\/em>, joka rasittaa melkein viikon ajan Suomen ja Vancouverin v\u00e4lill\u00e4 matkatessa. Onneksi matkoja ei ole kovin useasti, mutta tulee silti olemaan kiintoisaa n\u00e4hd\u00e4 miten t\u00e4nne juuri viikoksi <a title=\"Vieraita vanhalta mantereelta\" href=\"https:\/\/www.vuosiamaailmalla.fi\/blog\/2013\/vieraita-vanhalta-mantereelta\/\">saapuvat vieraamme<\/a> tulevat viihtym\u00e4\u00e4n jetlagin kourissa&#8230;<\/p>\n<p style=\"text-align: justify;\">Lopuksi mainittakoon, ett\u00e4 hyv\u00e4 sivusto maailman eri maiden aikaerojen hahmottamiseen on oman kokemukseni mukaan <a href=\"http:\/\/www.worldtimebuddy.com\/\">worldtimebuddy.com<\/a>, jota tulen k\u00e4ytt\u00e4neeksi usein.<\/p>\n<p><strong>2. maaliskuuta 2026 p\u00e4ivitys:<\/strong><\/p>\n<p style=\"text-align: justify;\">British Columbia p\u00e4\u00e4tti t\u00e4n\u00e4\u00e4n, ett\u00e4 jatkossa provinssi on <a title=\"Viimeinen kellojen siirto\" href=\"https:\/\/www.vuosiamaailmalla.fi\/blog\/2026\/viimeinen-kellojen-siirto\/\">pysyv\u00e4sti kes\u00e4ajassa<\/a> mik\u00e4 tarkoittaa, ett\u00e4 syksyst\u00e4 alkaen aikaero Suomeen on puolet vuodesta yhdeks\u00e4n ja toinen puoli vuodesta kymmenen tuntia. Tunnin ero talviaikaan p\u00e4tee jatkossa my\u00f6s Yhdysvaltojen l\u00e4nsirannikon osavaltioihin.<\/p>\n","protected":false},"excerpt":{"rendered":"<p>Kuten Suomessa ja monessa muussa Euroopan maassa, my\u00f6s Kanadassa vaihdetaan kes\u00e4- ja talviajan v\u00e4lill\u00e4. Kellojen siirron ajankohta eroaa kuitenkin Euroopasta ja Kanadassa vaihdettiinkin kes\u00e4aikaan jo viime y\u00f6n\u00e4 mik\u00e4 tarkoittaa, ett\u00e4 Suomen ja Kanadan v\u00e4linen aikaero on seuraavat kaksi viikkoa 9 tuntia normaalin 10 tunnin sijaan.<\/p>\n","protected":false},"author":1,"featured_media":11631,"comment_status":"open","ping_status":"open","sticky":false,"template":"","format":"standard","meta":{"_jetpack_memberships_contains_paid_content":false,"footnotes":""},"categories":[17,3],"tags":[24,25,34,935,198,207,939],"class_list":["post-194","post","type-post","status-publish","format-standard","has-post-thumbnail","hentry","category-arki-kanadassa","category-arki-ulkomailla","tag-aikaero","tag-ajankohtaista","tag-arki","tag-kanada","tag-suomi","tag-tyo","tag-vancouver"],"jetpack_featured_media_url":"https:\/\/www.vuosiamaailmalla.fi\/blog\/wp-content\/uploads\/aikavyohykkeet_banner.jpg","jetpack_sharing_enabled":true,"_links":{"self":[{"href":"https:\/\/www.vuosiamaailmalla.fi\/blog\/wp-json\/wp\/v2\/posts\/194","targetHints":{"allow":["GET"]}}],"collection":[{"href":"https:\/\/www.vuosiamaailmalla.fi\/blog\/wp-json\/wp\/v2\/posts"}],"about":[{"href":"https:\/\/www.vuosiamaailmalla.fi\/blog\/wp-json\/wp\/v2\/types\/post"}],"author":[{"embeddable":true,"href":"https:\/\/www.vuosiamaailmalla.fi\/blog\/wp-json\/wp\/v2\/users\/1"}],"replies":[{"embeddable":true,"href":"https:\/\/www.vuosiamaailmalla.fi\/blog\/wp-json\/wp\/v2\/comments?post=194"}],"version-history":[{"count":4,"href":"https:\/\/www.vuosiamaailmalla.fi\/blog\/wp-json\/wp\/v2\/posts\/194\/revisions"}],"predecessor-version":[{"id":14279,"href":"https:\/\/www.vuosiamaailmalla.fi\/blog\/wp-json\/wp\/v2\/posts\/194\/revisions\/14279"}],"wp:featuredmedia":[{"embeddable":true,"href":"https:\/\/www.vuosiamaailmalla.fi\/blog\/wp-json\/wp\/v2\/media\/11631"}],"wp:attachment":[{"href":"https:\/\/www.vuosiamaailmalla.fi\/blog\/wp-json\/wp\/v2\/media?parent=194"}],"wp:term":[{"taxonomy":"category","embeddable":true,"href":"https:\/\/www.vuosiamaailmalla.fi\/blog\/wp-json\/wp\/v2\/categories?post=194"},{"taxonomy":"post_tag","embeddable":true,"href":"https:\/\/www.vuosiamaailmalla.fi\/blog\/wp-json\/wp\/v2\/tags?post=194"}],"curies":[{"name":"wp","href":"https:\/\/api.w.org\/{rel}","templated":true}]}}