{"id":1953,"date":"2009-10-02T02:48:24","date_gmt":"2009-10-02T09:48:24","guid":{"rendered":"http:\/\/13.53.127.146\/?p=1953"},"modified":"2015-10-14T17:01:32","modified_gmt":"2015-10-15T00:01:32","slug":"kuudetta-paivaa-australiassa","status":"publish","type":"post","link":"https:\/\/www.vuosiamaailmalla.fi\/blog\/2009\/kuudetta-paivaa-australiassa\/","title":{"rendered":"Kuudetta p\u00e4iv\u00e4\u00e4 Australiassa"},"content":{"rendered":"<p style=\"text-align: justify;\">Terveiset etel\u00e4iselt\u00e4 pallonpuoliskolta upean kes\u00e4isest\u00e4 <a href=\"https:\/\/www.vuosiamaailmalla.fi\/?p=2593\">Sydneyst\u00e4<\/a>! Aussit on vaikuttanut ensimm\u00e4isen kuuden p\u00e4iv\u00e4n perusteella upealta maalta, mutta huomenna jo lennet\u00e4\u00e4n <a href=\"https:\/\/www.vuosiamaailmalla.fi\/?p=7252\">Uuden-Seelannin puolelle<\/a> katsomaan, josko siell\u00e4 on mitenk\u00e4 erilaista. Jatketaan t\u00e4st\u00e4 aamiaiselta seuraavaksi <em>Harbour Bridgen<\/em> yli ottamaan viel\u00e4 lis\u00e4\u00e4 kuvia kaupungin kuuluisasta oopperatalosta sek\u00e4 skylinest\u00e4. Ei muuta kuin <em>cheers mate! \ud83d\ude1b <\/em><\/p>\n","protected":false},"excerpt":{"rendered":"<p>Terveiset etel\u00e4iselt\u00e4 pallonpuoliskolta upean kes\u00e4isest\u00e4 Sydneyst\u00e4! Aussit on vaikuttanut ensimm\u00e4isen kuuden p\u00e4iv\u00e4n perusteella upealta maalta, mutta huomenna jo lennet\u00e4\u00e4n Uuden-Seelannin puolelle katsomaan, josko siell\u00e4 on mitenk\u00e4 erilaista. Jatketaan t\u00e4st\u00e4 aamiaiselta seuraavaksi Harbour Bridgen yli ottamaan viel\u00e4 lis\u00e4\u00e4 kuvia kaupungin kuuluisasta oopperatalosta sek\u00e4 skylinest\u00e4. Ei muuta kuin cheers mate! \ud83d\ude1b<\/p>\n","protected":false},"author":1,"featured_media":0,"comment_status":"open","ping_status":"open","sticky":false,"template":"","format":"standard","meta":{"_jetpack_memberships_contains_paid_content":false,"footnotes":""},"categories":[538,7,12],"tags":[37,540,539],"class_list":["post-1953","post","type-post","status-publish","format-standard","hentry","category-australia","category-matkakertomukset","category-matkalla-kerrottua","tag-australia","tag-matkakertomus-australia-ja-uusi-seelanti","tag-sydney"],"jetpack_featured_media_url":"","jetpack_sharing_enabled":true,"_links":{"self":[{"href":"https:\/\/www.vuosiamaailmalla.fi\/blog\/wp-json\/wp\/v2\/posts\/1953","targetHints":{"allow":["GET"]}}],"collection":[{"href":"https:\/\/www.vuosiamaailmalla.fi\/blog\/wp-json\/wp\/v2\/posts"}],"about":[{"href":"https:\/\/www.vuosiamaailmalla.fi\/blog\/wp-json\/wp\/v2\/types\/post"}],"author":[{"embeddable":true,"href":"https:\/\/www.vuosiamaailmalla.fi\/blog\/wp-json\/wp\/v2\/users\/1"}],"replies":[{"embeddable":true,"href":"https:\/\/www.vuosiamaailmalla.fi\/blog\/wp-json\/wp\/v2\/comments?post=1953"}],"version-history":[{"count":0,"href":"https:\/\/www.vuosiamaailmalla.fi\/blog\/wp-json\/wp\/v2\/posts\/1953\/revisions"}],"wp:attachment":[{"href":"https:\/\/www.vuosiamaailmalla.fi\/blog\/wp-json\/wp\/v2\/media?parent=1953"}],"wp:term":[{"taxonomy":"category","embeddable":true,"href":"https:\/\/www.vuosiamaailmalla.fi\/blog\/wp-json\/wp\/v2\/categories?post=1953"},{"taxonomy":"post_tag","embeddable":true,"href":"https:\/\/www.vuosiamaailmalla.fi\/blog\/wp-json\/wp\/v2\/tags?post=1953"}],"curies":[{"name":"wp","href":"https:\/\/api.w.org\/{rel}","templated":true}]}}