{"id":1960,"date":"2009-10-10T07:32:46","date_gmt":"2009-10-10T14:32:46","guid":{"rendered":"http:\/\/13.53.127.146\/?p=1960"},"modified":"2016-02-01T20:50:25","modified_gmt":"2016-02-02T04:50:25","slug":"viimeinen-ilta-uudessa-seelannissa","status":"publish","type":"post","link":"https:\/\/www.vuosiamaailmalla.fi\/blog\/2009\/viimeinen-ilta-uudessa-seelannissa\/","title":{"rendered":"Viimeinen ilta Uudessa-Seelannissa"},"content":{"rendered":"<p style=\"text-align: justify;\">T\u00e4n\u00e4\u00e4n on sitten viimeinen ilta <a title=\"Eeppisten maisemien Uusi-Seelanti\" href=\"https:\/\/www.vuosiamaailmalla.fi\/?p=7252\">Uudessa-Seelannissa<\/a> ja huomenna lennet\u00e4\u00e4n <a title=\"Uuden-Seelannin kaksi rannikkoa\" href=\"https:\/\/www.vuosiamaailmalla.fi\/?p=7433\">t\u00e4\u00e4lt\u00e4 Christchurchist\u00e4<\/a> takaisin Australian puolelle <a title=\"Miljoonakaupunki Melbourne\" href=\"https:\/\/www.vuosiamaailmalla.fi\/?p=7528\">Melbourneen<\/a> seuraavaksi kahdeksi viikoksi. Uusi-Seelanti on tarjonnut menneen viikon aikana <a title=\"Sanoinkuvaamaton Milford Sound\" href=\"https:\/\/www.vuosiamaailmalla.fi\/?p=7269\">todella mahtavia maisemia<\/a> ja maata voisikin kuvailla Sveitsin, Norjan ja Irlannin risteytyksen\u00e4.<\/p>\n<p style=\"text-align: justify;\">Yll\u00e4tyksi\u00e4kin on piisannut, sill\u00e4 eilen t\u00e4\u00e4ll\u00e4 etel\u00e4saarella satoi vuoristossa lunta 20-30cm, joka esti meit\u00e4 ylitt\u00e4m\u00e4st\u00e4 niit\u00e4 autolla. Ajettiinkin sitten pohjoisrannan kautta, mist\u00e4 kertyi sellainen 600 kilometri\u00e4 ylim\u00e4\u00e4r\u00e4ist\u00e4 matkaan. Noh, ainakin nyt on n\u00e4hty paikallisia maisemia 2000 kilometrin edest\u00e4 t\u00e4ll\u00e4 saarella&#8230; \ud83d\ude00<\/p>\n","protected":false},"excerpt":{"rendered":"<p>T\u00e4n\u00e4\u00e4n on sitten viimeinen ilta Uudessa-Seelannissa ja huomenna lennet\u00e4\u00e4n t\u00e4\u00e4lt\u00e4 Christchurchist\u00e4 takaisin Australian puolelle Melbourneen seuraavaksi kahdeksi viikoksi. Uusi-Seelanti on tarjonnut menneen viikon aikana todella mahtavia maisemia ja maata voisikin kuvailla Sveitsin, Norjan ja Irlannin risteytyksen\u00e4. Yll\u00e4tyksi\u00e4kin on piisannut, sill\u00e4 eilen t\u00e4\u00e4ll\u00e4 etel\u00e4saarella satoi vuoristossa lunta 20-30cm, joka esti meit\u00e4 ylitt\u00e4m\u00e4st\u00e4 niit\u00e4 autolla. Ajettiinkin sitten &hellip; <a href=\"https:\/\/www.vuosiamaailmalla.fi\/blog\/2009\/viimeinen-ilta-uudessa-seelannissa\/\" class=\"more-link\">Jatka lukemista<span class=\"screen-reader-text\"> &#8221;Viimeinen ilta Uudessa-Seelannissa&#8221;<\/span><\/a><\/p>\n","protected":false},"author":1,"featured_media":0,"comment_status":"open","ping_status":"open","sticky":false,"template":"","format":"standard","meta":{"_jetpack_memberships_contains_paid_content":false,"footnotes":""},"categories":[7,12,541],"tags":[84,540,543],"class_list":["post-1960","post","type-post","status-publish","format-standard","hentry","category-matkakertomukset","category-matkalla-kerrottua","category-uusi-seelanti","tag-christchurch","tag-matkakertomus-australia-ja-uusi-seelanti","tag-uusi-seelanti"],"jetpack_featured_media_url":"","jetpack_sharing_enabled":true,"_links":{"self":[{"href":"https:\/\/www.vuosiamaailmalla.fi\/blog\/wp-json\/wp\/v2\/posts\/1960","targetHints":{"allow":["GET"]}}],"collection":[{"href":"https:\/\/www.vuosiamaailmalla.fi\/blog\/wp-json\/wp\/v2\/posts"}],"about":[{"href":"https:\/\/www.vuosiamaailmalla.fi\/blog\/wp-json\/wp\/v2\/types\/post"}],"author":[{"embeddable":true,"href":"https:\/\/www.vuosiamaailmalla.fi\/blog\/wp-json\/wp\/v2\/users\/1"}],"replies":[{"embeddable":true,"href":"https:\/\/www.vuosiamaailmalla.fi\/blog\/wp-json\/wp\/v2\/comments?post=1960"}],"version-history":[{"count":0,"href":"https:\/\/www.vuosiamaailmalla.fi\/blog\/wp-json\/wp\/v2\/posts\/1960\/revisions"}],"wp:attachment":[{"href":"https:\/\/www.vuosiamaailmalla.fi\/blog\/wp-json\/wp\/v2\/media?parent=1960"}],"wp:term":[{"taxonomy":"category","embeddable":true,"href":"https:\/\/www.vuosiamaailmalla.fi\/blog\/wp-json\/wp\/v2\/categories?post=1960"},{"taxonomy":"post_tag","embeddable":true,"href":"https:\/\/www.vuosiamaailmalla.fi\/blog\/wp-json\/wp\/v2\/tags?post=1960"}],"curies":[{"name":"wp","href":"https:\/\/api.w.org\/{rel}","templated":true}]}}