{"id":1963,"date":"2009-10-14T09:10:57","date_gmt":"2009-10-14T16:10:57","guid":{"rendered":"http:\/\/13.53.127.146\/?p=1963"},"modified":"2017-03-18T20:45:25","modified_gmt":"2017-03-19T03:45:25","slug":"great-ocean-roadin-varrella","status":"publish","type":"post","link":"https:\/\/www.vuosiamaailmalla.fi\/blog\/2009\/great-ocean-roadin-varrella\/","title":{"rendered":"The Great Ocean Roadin varrella"},"content":{"rendered":"<p style=\"text-align: justify;\">Olemme j\u00e4lleen takaisin Australiassa, nyt jo nelj\u00e4tt\u00e4 p\u00e4iv\u00e4\u00e4. <a title=\"Miljoonakaupunki Melbourne\" href=\"https:\/\/www.vuosiamaailmalla.fi\/?p=7528\">Melbourne<\/a> oli kiintoisa suurkaupunki, mutta sen melkeinp\u00e4 ehti n\u00e4hd\u00e4 puolessatoista p\u00e4iv\u00e4ss\u00e4. Maailman korkein asuintalo <em>Eureka Tower<\/em> oli silti huikea kokemus ja rakennus n\u00e4kyi komeasti kaikkialle kaupunkiin.<\/p>\n<p style=\"text-align: justify;\">Ollaan t\u00e4ss\u00e4 eilen ja t\u00e4n\u00e4\u00e4n ajettu maailmankuulua <a title=\"The Great Ocean Roadia pitkin Adelaideen\" href=\"https:\/\/www.vuosiamaailmalla.fi\/?p=8837\"><em>The Great Ocean Roadia<\/em><\/a>, joka p\u00e4\u00e4ttyy t\u00e4nne Warrnambooliin, jossa y\u00f6vyt\u00e4\u00e4n seuraava y\u00f6. T\u00e4m\u00e4n kuuluisan maisematien varrella n\u00e4htiin muun muassa 12 apostolia niminen kivimuodostelma sek\u00e4 k\u00e4ytiin k\u00e4velyll\u00e4 sademets\u00e4ss\u00e4. Huomenna jatketaan t\u00e4st\u00e4 kohti Adelaidea, jonne keret\u00e4\u00e4n varmaan illaksi. Autona alla on aito australialainen <em>Holden<\/em>, joka on ihan p\u00e4tev\u00e4 ajettava. Voittaa ainakin <a title=\"Eeppisten maisemien Uusi-Seelanti\" href=\"https:\/\/www.vuosiamaailmalla.fi\/?p=7252\">Uudessa-Seelannissa<\/a> ajamamme <em>Ford Focuksen<\/em>, jossa riitti omituisia ominaisuuksia. \ud83d\ude44<\/p>\n","protected":false},"excerpt":{"rendered":"<p>Olemme j\u00e4lleen takaisin Australiassa, nyt jo nelj\u00e4tt\u00e4 p\u00e4iv\u00e4\u00e4. Melbourne oli kiintoisa suurkaupunki, mutta sen melkeinp\u00e4 ehti n\u00e4hd\u00e4 puolessatoista p\u00e4iv\u00e4ss\u00e4. Maailman korkein asuintalo Eureka Tower oli silti huikea kokemus ja rakennus n\u00e4kyi komeasti kaikkialle kaupunkiin. Ollaan t\u00e4ss\u00e4 eilen ja t\u00e4n\u00e4\u00e4n ajettu maailmankuulua The Great Ocean Roadia, joka p\u00e4\u00e4ttyy t\u00e4nne Warrnambooliin, jossa y\u00f6vyt\u00e4\u00e4n seuraava y\u00f6. T\u00e4m\u00e4n kuuluisan &hellip; <a href=\"https:\/\/www.vuosiamaailmalla.fi\/blog\/2009\/great-ocean-roadin-varrella\/\" class=\"more-link\">Jatka lukemista<span class=\"screen-reader-text\"> &#8221;The Great Ocean Roadin varrella&#8221;<\/span><\/a><\/p>\n","protected":false},"author":1,"featured_media":0,"comment_status":"open","ping_status":"open","sticky":false,"template":"","format":"standard","meta":{"_jetpack_memberships_contains_paid_content":false,"footnotes":""},"categories":[538,7,12],"tags":[37,540,545,544],"class_list":["post-1963","post","type-post","status-publish","format-standard","hentry","category-australia","category-matkakertomukset","category-matkalla-kerrottua","tag-australia","tag-matkakertomus-australia-ja-uusi-seelanti","tag-melbourne","tag-warrnambool"],"jetpack_featured_media_url":"","jetpack_sharing_enabled":true,"_links":{"self":[{"href":"https:\/\/www.vuosiamaailmalla.fi\/blog\/wp-json\/wp\/v2\/posts\/1963","targetHints":{"allow":["GET"]}}],"collection":[{"href":"https:\/\/www.vuosiamaailmalla.fi\/blog\/wp-json\/wp\/v2\/posts"}],"about":[{"href":"https:\/\/www.vuosiamaailmalla.fi\/blog\/wp-json\/wp\/v2\/types\/post"}],"author":[{"embeddable":true,"href":"https:\/\/www.vuosiamaailmalla.fi\/blog\/wp-json\/wp\/v2\/users\/1"}],"replies":[{"embeddable":true,"href":"https:\/\/www.vuosiamaailmalla.fi\/blog\/wp-json\/wp\/v2\/comments?post=1963"}],"version-history":[{"count":0,"href":"https:\/\/www.vuosiamaailmalla.fi\/blog\/wp-json\/wp\/v2\/posts\/1963\/revisions"}],"wp:attachment":[{"href":"https:\/\/www.vuosiamaailmalla.fi\/blog\/wp-json\/wp\/v2\/media?parent=1963"}],"wp:term":[{"taxonomy":"category","embeddable":true,"href":"https:\/\/www.vuosiamaailmalla.fi\/blog\/wp-json\/wp\/v2\/categories?post=1963"},{"taxonomy":"post_tag","embeddable":true,"href":"https:\/\/www.vuosiamaailmalla.fi\/blog\/wp-json\/wp\/v2\/tags?post=1963"}],"curies":[{"name":"wp","href":"https:\/\/api.w.org\/{rel}","templated":true}]}}