{"id":2020,"date":"2013-04-27T17:37:39","date_gmt":"2013-04-28T00:37:39","guid":{"rendered":"http:\/\/13.53.127.146\/?p=2020"},"modified":"2019-12-01T11:32:45","modified_gmt":"2019-12-01T19:32:45","slug":"300-kirjoitusta","status":"publish","type":"post","link":"https:\/\/www.vuosiamaailmalla.fi\/blog\/2013\/300-kirjoitusta\/","title":{"rendered":"300 kirjoitusta"},"content":{"rendered":"<p style=\"text-align: justify;\">Satuin t\u00e4ss\u00e4 t\u00e4n\u00e4\u00e4n huomaamaan, ett\u00e4 viimeisten viiden kuukauden aikana t\u00e4nne blogiini on enn\u00e4tt\u00e4nyt ilmaantua per\u00e4ti sata uutta kirjoitusta. Vastik\u00e4\u00e4n marraskuussa kerroin, ett\u00e4 blogini kirjoitusten kokonaism\u00e4\u00e4r\u00e4 oli ylitt\u00e4nyt tuolloin juuri <a title=\"200 kirjoitusta\" href=\"https:\/\/www.vuosiamaailmalla.fi\/?p=1349\">200 kirjoitusta<\/a> ja nyt ollaan tosiaan jo kolmensadan kohdalla. Tarkka lukema juuri nyt on\u00a01157.<\/p>\n<p><!--more--><\/p>\n<p style=\"text-align: justify;\">Uutta luettavaa on siten kertynyt sangen hyv\u00e4\u00e4 vauhtia ja my\u00f6s vanhojen kirjoitusten siirt\u00e4minen <a href=\"http:\/\/vuosiamaailmalla.vuodatus.net\">vanhasta blogistani<\/a> on edennyt hyvin. Joudun kuitenkin my\u00f6nt\u00e4m\u00e4\u00e4n, etten saanut kaikkea vuoden 2011 sis\u00e4lt\u00f6\u00e4 viel\u00e4 siirretty\u00e4 suunnitellusti t\u00e4nne, sill\u00e4 erityisesti suurten <a title=\"Nousevan auringon Tokio\" href=\"https:\/\/www.vuosiamaailmalla.fi\/?p=7959\">matkakertomusten<\/a> kanssa on ollut melko paljon ty\u00f6t\u00e4. Teen t\u00e4t\u00e4 ty\u00f6t\u00e4 kuitenkin aina v\u00e4lill\u00e4 parin p\u00e4iv\u00e4n verran ja yksi kerrallaan n\u00e4m\u00e4 suuremmatkin kirjoitukset t\u00e4nne lopulta siirtyv\u00e4t. Siirt\u00e4m\u00e4tt\u00e4 on silti edelleen 45 kirjoitusta vuosilta 2006-2011. <em>Backlogissa<\/em> on my\u00f6s siirt\u00e4\u00e4 viel\u00e4 t\u00e4t\u00e4kin vanhempia kirjoituksia ensimm\u00e4isist\u00e4 vuosistamme ulkomailla, joten hommaa riitt\u00e4\u00e4. \ud83d\ude44<\/p>\n<p style=\"text-align: justify;\">Kuten jokainen bloggaaja hyvin tiet\u00e4\u00e4, <a title=\"Blogin kirjoittamisen ty\u00f6skentelyprosessi\" href=\"https:\/\/www.vuosiamaailmalla.fi\/?p=7496\">motivaatio bloggaamiseen<\/a> vaihtelee p\u00e4iv\u00e4n mukaan, mutta olen kerennyt kirjoittaa t\u00e4nne t\u00e4ysin uuttakin sis\u00e4lt\u00f6\u00e4 <a title=\"Vuosi Kanadassa\" href=\"https:\/\/www.vuosiamaailmalla.fi\/?p=1606\">ensimm\u00e4isest\u00e4 vuodestamme<\/a> t\u00e4\u00e4ll\u00e4 Vancouverissa. Ty\u00f6t\u00e4 on tosin t\u00e4ll\u00e4kin saralla, sill\u00e4 mieless\u00e4ni on vaivaiset <strong>satakunta<\/strong> aihetta josta kirjoittaa, joten kaiken t\u00e4m\u00e4n purkamisessa t\u00e4nne blogin puolelle tulee menem\u00e4\u00e4n muutama vuosi. Hiljaa hyv\u00e4\u00e4 tulee.<\/p>\n<p style=\"text-align: justify;\">Ilahduttavasti blogini tuntuu kiinnostavan ihmisi\u00e4 ja k\u00e4vij\u00e4virta on ollut tasaisen mukava. Lukijoiden kommentteja olisi silti mukava lukea enemm\u00e4n sek\u00e4 n\u00e4hd\u00e4 lukijoiden my\u00f6s <a title=\"Pisteytys kirjoituksiin\" href=\"https:\/\/www.vuosiamaailmalla.fi\/?p=698\">pisteytt\u00e4v\u00e4n<\/a> lukemansa kirjoitukset. N\u00e4m\u00e4 t\u00e4hdet auttavat minua jatkossa miettim\u00e4\u00e4n uusia aiheita sek\u00e4 l\u00e4hestymistapoja uusien kirjoitusten kohdalla. Joten kiitokset kaikille tasaisesti \u00e4\u00e4nest\u00e4ville t\u00e4st\u00e4 pienest\u00e4 palautteesta. \ud83d\udca1<\/p>\n<p style=\"text-align: justify;\">Vaikka kirjoituksia onkin ilmestynyt kohtuullisen hyv\u00e4\u00e4n tahtiin, ep\u00e4ilen silti ett\u00e4 rikkoisin seuraavaa <a title=\"400 kirjoitusta\" href=\"https:\/\/www.vuosiamaailmalla.fi\/?p=2711\">400 kirjoituksen<\/a> rajaa viel\u00e4 t\u00e4m\u00e4n vuoden puolella. Kirjoitettavaa kyll\u00e4 riitt\u00e4isi, mutta vapaa-aika kuluu niin monen asian parissa. Palaan kuitenkin asian tiimoilta kunhan tuo raja joskus tulevaisuudessa rikkoutuu. \ud83d\ude1b<\/p>\n","protected":false},"excerpt":{"rendered":"<p>Satuin t\u00e4ss\u00e4 t\u00e4n\u00e4\u00e4n huomaamaan, ett\u00e4 viimeisten viiden kuukauden aikana t\u00e4nne blogiini on enn\u00e4tt\u00e4nyt ilmaantua per\u00e4ti sata uutta kirjoitusta. Vastik\u00e4\u00e4n marraskuussa kerroin, ett\u00e4 blogini kirjoitusten kokonaism\u00e4\u00e4r\u00e4 oli ylitt\u00e4nyt tuolloin juuri 200 kirjoitusta ja nyt ollaan tosiaan jo kolmensadan kohdalla. Tarkka lukema juuri nyt on\u00a0.<\/p>\n","protected":false},"author":1,"featured_media":10349,"comment_status":"open","ping_status":"open","sticky":false,"template":"","format":"standard","meta":{"_jetpack_memberships_contains_paid_content":false,"footnotes":""},"categories":[226],"tags":[],"class_list":["post-2020","post","type-post","status-publish","format-standard","has-post-thumbnail","hentry","category-blogista"],"jetpack_featured_media_url":"https:\/\/www.vuosiamaailmalla.fi\/blog\/wp-content\/uploads\/default_banner_iso.jpg","jetpack_sharing_enabled":true,"_links":{"self":[{"href":"https:\/\/www.vuosiamaailmalla.fi\/blog\/wp-json\/wp\/v2\/posts\/2020","targetHints":{"allow":["GET"]}}],"collection":[{"href":"https:\/\/www.vuosiamaailmalla.fi\/blog\/wp-json\/wp\/v2\/posts"}],"about":[{"href":"https:\/\/www.vuosiamaailmalla.fi\/blog\/wp-json\/wp\/v2\/types\/post"}],"author":[{"embeddable":true,"href":"https:\/\/www.vuosiamaailmalla.fi\/blog\/wp-json\/wp\/v2\/users\/1"}],"replies":[{"embeddable":true,"href":"https:\/\/www.vuosiamaailmalla.fi\/blog\/wp-json\/wp\/v2\/comments?post=2020"}],"version-history":[{"count":0,"href":"https:\/\/www.vuosiamaailmalla.fi\/blog\/wp-json\/wp\/v2\/posts\/2020\/revisions"}],"wp:featuredmedia":[{"embeddable":true,"href":"https:\/\/www.vuosiamaailmalla.fi\/blog\/wp-json\/wp\/v2\/media\/10349"}],"wp:attachment":[{"href":"https:\/\/www.vuosiamaailmalla.fi\/blog\/wp-json\/wp\/v2\/media?parent=2020"}],"wp:term":[{"taxonomy":"category","embeddable":true,"href":"https:\/\/www.vuosiamaailmalla.fi\/blog\/wp-json\/wp\/v2\/categories?post=2020"},{"taxonomy":"post_tag","embeddable":true,"href":"https:\/\/www.vuosiamaailmalla.fi\/blog\/wp-json\/wp\/v2\/tags?post=2020"}],"curies":[{"name":"wp","href":"https:\/\/api.w.org\/{rel}","templated":true}]}}