{"id":2023,"date":"2011-07-20T17:42:04","date_gmt":"2011-07-21T00:42:04","guid":{"rendered":"http:\/\/13.53.127.146\/?p=2023"},"modified":"2016-12-20T20:15:11","modified_gmt":"2016-12-21T04:15:11","slug":"matkakuvia-dubaista","status":"publish","type":"post","link":"https:\/\/www.vuosiamaailmalla.fi\/blog\/2011\/matkakuvia-dubaista\/","title":{"rendered":"Matkakuvia Dubaista"},"content":{"rendered":"<p style=\"text-align: left;\"><em>Jatkoa <a title=\"Seitsem\u00e4n t\u00e4hden teehetki\" href=\"https:\/\/www.vuosiamaailmalla.fi\/?p=2003\">t\u00e4\u00e4lt\u00e4<\/a>. Matkakertomuksen muut osat l\u00f6ytyv\u00e4t <a href=\"https:\/\/www.vuosiamaailmalla.fi\/?tag=matkakertomus-dubai\">t\u00e4\u00e4lt\u00e4<\/a>.<\/em><\/p>\n<p style=\"text-align: justify;\">Dubain matkasta on kulunut jo tovi ja kolmiosainen <a title=\"Uskomaton Dubai\" href=\"https:\/\/www.vuosiamaailmalla.fi\/?p=1842\">matkakertomuksenikin<\/a> on ollut valmiina jo hyv\u00e4n aikaa. Koska kyseinen matkakertomus on kuitenkin yksi blogini luetuimmista, p\u00e4\u00e4tin tehd\u00e4 siihen viel\u00e4 yhden lis\u00e4yksen t\u00e4m\u00e4n kirjoituksen muodossa.<\/p>\n<p style=\"text-align: justify;\">Siivoilin nimitt\u00e4in \u00e4skett\u00e4in tietokoneeni kiintolevy\u00e4 ja huomasin ett\u00e4 Dubain matkalla ottamieni noin 950 valokuvan joukossa on monia julkaisematta j\u00e4\u00e4neit\u00e4 ihan kiintoisia kuvia. Osa n\u00e4ist\u00e4 on laadultaan hieman ep\u00e4onnistuneempia, mutta p\u00e4\u00e4asiassa n\u00e4m\u00e4 kuvat eiv\u00e4t vain sopineet matkakertomuksen kuvitukseksi. Vaikka matkakertomuksessa n\u00e4htiinkin jo 226 valokuvaa reissusta, kokosin kasaan viel\u00e4 21 kuvaa Dubain maisemista lyhyill\u00e4 selityksill\u00e4\u00e4n.<\/p>\n<p><!--more--><\/p>\n<p style=\"text-align: justify;\">Alla olevissa kuvissa n\u00e4kyy Dubain kaupunkialueen halkaisevan <em>Sheikh Zayed Roadin<\/em> varren pilvenpiirt\u00e4ji\u00e4, niin katutasolta kuin <em>Burj Khalifasta<\/em> n\u00e4htyn\u00e4. Rykelm\u00e4ll\u00e4 on kokoa ja futuristista n\u00e4k\u00f6\u00e4, mutta kontrasti ymp\u00e4r\u00f6iviin h\u00f6kkelialueisiin on melkoinen.<\/p>\n<p style=\"text-align: center;\"><a href=\"\/blog\/wp-content\/uploads\/2010\/dubain_pilvenpiirtajia1.jpg\"><img decoding=\"async\" style=\"border: 0px none; margin: 5px;\" src=\"\/blog\/wp-content\/uploads\/2010\/thumbs\/thumbs_dubain_pilvenpiirtajia1.jpg\" alt=\"\" \/><\/a><a href=\"\/blog\/wp-content\/uploads\/2010\/dubain_pilvenpiirtajia2.jpg\"><img decoding=\"async\" style=\"border: 0px none; margin: 5px;\" src=\"\/blog\/wp-content\/uploads\/2010\/thumbs\/thumbs_dubain_pilvenpiirtajia2.jpg\" alt=\"\" \/><\/a><a href=\"\/blog\/wp-content\/uploads\/2010\/dubain_pilvenpiirtajia3.jpg\"><img decoding=\"async\" style=\"border: 0px none; margin: 5px;\" src=\"\/blog\/wp-content\/uploads\/2010\/thumbs\/thumbs_dubain_pilvenpiirtajia3.jpg\" alt=\"\" \/><\/a><a href=\"\/blog\/wp-content\/uploads\/2010\/dubain_pilvenpiirtajia4.jpg\"><img decoding=\"async\" style=\"border: 0px none; margin: 5px;\" src=\"\/blog\/wp-content\/uploads\/2010\/thumbs\/thumbs_dubain_pilvenpiirtajia4.jpg\" alt=\"\" \/><\/a><a href=\"\/blog\/wp-content\/uploads\/2010\/sheikh_zhayed_road4.jpg\"><img decoding=\"async\" style=\"border: 0px none; margin: 5px;\" src=\"\/blog\/wp-content\/uploads\/2010\/thumbs\/thumbs_sheikh_zhayed_road4.jpg\" alt=\"\" \/><\/a><a href=\"\/blog\/wp-content\/uploads\/2010\/arkkitehtuurista_kontrastia2.jpg\"><img decoding=\"async\" style=\"border: 0px none; margin: 5px;\" src=\"\/blog\/wp-content\/uploads\/2010\/thumbs\/thumbs_arkkitehtuurista_kontrastia2.jpg\" alt=\"\" \/><\/a><br \/>\n<a href=\"\/blog\/wp-content\/uploads\/2010\/arkkitehtuurista_kontrastia1.jpg\"><img decoding=\"async\" style=\"border: 0px none; margin: 5px;\" src=\"\/blog\/wp-content\/uploads\/2010\/thumbs\/thumbs_arkkitehtuurista_kontrastia1.jpg\" alt=\"\" \/><\/a><\/p>\n<p style=\"text-align: justify;\">Klusterin l\u00e4hettyvill\u00e4 sijaitsee<em> Dubai Downtownin<\/em> uudisalue, jossa muun muassa <a title=\"Uskomaton Dubai\" href=\"https:\/\/www.vuosiamaailmalla.fi\/?p=1842\">maailman korkein rakennus<\/a>, 828-metrinen Burj Khalifa t\u00f6rr\u00f6tt\u00e4\u00e4. Alueen keskell\u00e4 on valtava allasalue, jonka keskell\u00e4 suihkii <em>Dubai Fountainin<\/em> <a title=\"Laskettelua, off-roadia sek\u00e4 vatsatanssia kuumalla aavikolla\" href=\"https:\/\/www.vuosiamaailmalla.fi\/?p=1884\">tanssiva suihkul\u00e4hde<\/a>. Altaan reunoilla on ihan vieh\u00e4tt\u00e4v\u00e4n oloisia asuntoja sek\u00e4 302-metrinen <em>The Address Downtown<\/em> hotelli.<\/p>\n<p style=\"text-align: center;\"><a href=\"\/blog\/wp-content\/uploads\/2010\/burj_khalifa3.jpg\"><img decoding=\"async\" style=\"border: 0px none; margin: 5px;\" src=\"\/blog\/wp-content\/uploads\/2010\/thumbs\/thumbs_burj_khalifa3.jpg\" alt=\"\" \/><\/a><a href=\"\/blog\/wp-content\/uploads\/2010\/the_address2.jpg\"><img decoding=\"async\" style=\"border: 0px none; margin: 5px;\" src=\"\/blog\/wp-content\/uploads\/2010\/thumbs\/thumbs_the_address2.jpg\" alt=\"\" \/><\/a><\/p>\n<p style=\"text-align: center;\"><em>Burj Khalifa ja The Address Downtown<\/em><\/p>\n<p style=\"text-align: center;\"><a href=\"\/blog\/wp-content\/uploads\/2010\/dubai_fountainin_rantaa.jpg\"><img decoding=\"async\" style=\"border: 0px none; margin: 5px;\" src=\"\/blog\/wp-content\/uploads\/2010\/thumbs\/thumbs_dubai_fountainin_rantaa.jpg\" alt=\"\" \/><\/a><a href=\"\/blog\/wp-content\/uploads\/2010\/dubai_fountainin_silta_paivalla.jpg\"><img decoding=\"async\" style=\"border: 0px none; margin: 5px;\" src=\"\/blog\/wp-content\/uploads\/2010\/thumbs\/thumbs_dubai_fountainin_silta_paivalla.jpg\" alt=\"\" \/><\/a><br \/>\n<a href=\"\/blog\/wp-content\/uploads\/2010\/the_address_taustalla.jpg\"><img decoding=\"async\" style=\"border: 0px none; margin: 5px;\" src=\"\/blog\/wp-content\/uploads\/2010\/thumbs\/thumbs_the_address_taustalla.jpg\" alt=\"\" \/><\/a><a href=\"\/blog\/wp-content\/uploads\/2010\/the_address_tasanne.jpg\"><img decoding=\"async\" style=\"border: 0px none; margin: 5px;\" src=\"\/blog\/wp-content\/uploads\/2010\/thumbs\/thumbs_the_address_tasanne.jpg\" alt=\"\" \/><\/a><\/p>\n<p style=\"text-align: center;\"><em>Alueen maisemia yl\u00e4- ja alavinkkelist\u00e4<\/em><\/p>\n<p style=\"text-align: justify;\">Sheikh Zayed Roadin j\u00e4ttim\u00e4ist\u00e4 moottoritiet\u00e4 etel\u00e4\u00e4n p\u00e4in matkattaessa tulee ensiksi n\u00e4kyviin <a title=\"Seitsem\u00e4n t\u00e4hden teehetki\" href=\"https:\/\/www.vuosiamaailmalla.fi\/?p=2003\">&#8221;seitsem\u00e4n t\u00e4hden&#8221;<\/a> <em>Burj Al Arabin<\/em> hienostohotelli ja hieman edemp\u00e4n\u00e4 Dubain ehk\u00e4 n\u00e4ytt\u00e4vin pilvenpiirt\u00e4j\u00e4rykelm\u00e4, j\u00e4ttim\u00e4inen Dubai Marina. Maailman korkeimmaksi kortteliksi kutsuttava rykelm\u00e4 on kooltaan k\u00e4sitt\u00e4m\u00e4t\u00f6n viel\u00e4 ty\u00f6n alla ollessaankin. \ud83d\ude2f<\/p>\n<p style=\"text-align: center;\"><a href=\"\/blog\/wp-content\/uploads\/2010\/sheikh_zhayed_road5.jpg\"><img decoding=\"async\" style=\"border: 0px none; margin: 5px;\" src=\"\/blog\/wp-content\/uploads\/2010\/thumbs\/thumbs_sheikh_zhayed_road5.jpg\" alt=\"\" \/><\/a><a href=\"\/blog\/wp-content\/uploads\/2010\/liittyma_the_palmin_luona.jpg\"><img decoding=\"async\" style=\"border: 0px none; margin: 5px;\" src=\"\/blog\/wp-content\/uploads\/2010\/thumbs\/thumbs_liittyma_the_palmin_luona.jpg\" alt=\"\" \/><\/a><\/p>\n<p style=\"text-align: center;\"><em>J\u00e4ttim\u00e4inen Sheikh Zayed Road ja liittym\u00e4 Palm Jumeirahille<\/em><\/p>\n<p style=\"text-align: center;\"><a href=\"\/blog\/wp-content\/uploads\/2010\/burj_al_arab_metrosta_nahtyna.jpg\"><img decoding=\"async\" style=\"border: 0px none; margin: 5px;\" src=\"\/blog\/wp-content\/uploads\/2010\/burj_al_arab_metrosta_nahtyna.jpg\" alt=\"\" \/><\/a><\/p>\n<p style=\"text-align: center;\"><em>Yleellinen Burj Al Arab ja sen edustan uimaranta<\/em><\/p>\n<p style=\"text-align: center;\"><a href=\"\/blog\/wp-content\/uploads\/2010\/ranta_burj_al_arabilla.jpg\"><img decoding=\"async\" style=\"border: 0px none; margin: 5px;\" src=\"\/blog\/wp-content\/uploads\/2010\/ranta_burj_al_arabilla_pieni.jpg\" alt=\"\" \/><\/a><\/p>\n<p style=\"text-align: center;\"><a href=\"\/blog\/wp-content\/uploads\/2010\/dubai_marina_megacluster8.jpg\"><img decoding=\"async\" style=\"border: 0px none; margin: 5px;\" src=\"\/blog\/wp-content\/uploads\/2010\/thumbs\/thumbs_dubai_marina_megacluster8.jpg\" alt=\"\" \/><\/a><a href=\"\/blog\/wp-content\/uploads\/2010\/dubai_marina_megacluster7.jpg\"><img decoding=\"async\" style=\"border: 0px none; margin: 5px;\" src=\"\/blog\/wp-content\/uploads\/2010\/thumbs\/thumbs_dubai_marina_megacluster7.jpg\" alt=\"\" \/><\/a><br \/>\n<a href=\"\/blog\/wp-content\/uploads\/2010\/dubai_marina_megacluster6.jpg\"><img decoding=\"async\" style=\"border: 0px none; margin: 5px;\" src=\"\/blog\/wp-content\/uploads\/2010\/thumbs\/thumbs_dubai_marina_megacluster6.jpg\" alt=\"\" \/><\/a><a href=\"\/blog\/wp-content\/uploads\/2010\/megaklusterin_keskella4.jpg\"><img decoding=\"async\" style=\"border: 0px none; margin: 5px;\" src=\"\/blog\/wp-content\/uploads\/2010\/thumbs\/thumbs_megaklusterin_keskella4.jpg\" alt=\"\" \/><\/a><\/p>\n<p style=\"text-align: center;\"><em>Maailman korkein kortteli Dubai Marinassa<\/em><\/p>\n<p style=\"text-align: justify;\">N\u00e4in, t\u00e4ss\u00e4 oli nyt viimeiset kuvat Dubain reissultamme. Paljon kuvattavaa j\u00e4i viel\u00e4 j\u00e4ljelle ja halu onkin viel\u00e4 joskus palata uudelleen ihmettelem\u00e4\u00e4n t\u00e4t\u00e4 hullua kaupunkia aavikon laidalla! \ud83d\ude42<\/p>\n<p style=\"text-align: right;\"><em>Matkakertomuksen muut osat l\u00f6ytyv\u00e4t <a href=\"https:\/\/www.vuosiamaailmalla.fi\/?tag=matkakertomus-dubai\">t\u00e4\u00e4lt\u00e4<\/a>.<\/em><\/p>\n","protected":false},"excerpt":{"rendered":"<p>Jatkoa t\u00e4\u00e4lt\u00e4. Matkakertomuksen muut osat l\u00f6ytyv\u00e4t t\u00e4\u00e4lt\u00e4. Dubain matkasta on kulunut jo tovi ja kolmiosainen matkakertomuksenikin on ollut valmiina jo hyv\u00e4n aikaa. Koska kyseinen matkakertomus on kuitenkin yksi blogini luetuimmista, p\u00e4\u00e4tin tehd\u00e4 siihen viel\u00e4 yhden lis\u00e4yksen t\u00e4m\u00e4n kirjoituksen muodossa. Siivoilin nimitt\u00e4in \u00e4skett\u00e4in tietokoneeni kiintolevy\u00e4 ja huomasin ett\u00e4 Dubain matkalla ottamieni noin 950 valokuvan joukossa on &hellip; <a href=\"https:\/\/www.vuosiamaailmalla.fi\/blog\/2011\/matkakuvia-dubaista\/\" class=\"more-link\">Jatka lukemista<span class=\"screen-reader-text\"> &#8221;Matkakuvia Dubaista&#8221;<\/span><\/a><\/p>\n","protected":false},"author":1,"featured_media":8682,"comment_status":"open","ping_status":"open","sticky":false,"template":"","format":"standard","meta":{"_jetpack_memberships_contains_paid_content":false,"footnotes":""},"categories":[362,7],"tags":[33,229,75,76,94,98,363,301,506],"class_list":["post-2023","post","type-post","status-publish","format-standard","has-post-thumbnail","hentry","category-arabiemiraatit","category-matkakertomukset","tag-arabiemiraatit","tag-arkkitehtuuri","tag-burj-al-arab","tag-burj-khalifa","tag-dubai","tag-dubai-marina","tag-matkakertomus-dubai","tag-rakennustyomaa","tag-sheikh-zayed-road"],"jetpack_featured_media_url":"https:\/\/www.vuosiamaailmalla.fi\/blog\/wp-content\/uploads\/dubain_pilvenpiirtajia_banner.jpg","jetpack_sharing_enabled":true,"_links":{"self":[{"href":"https:\/\/www.vuosiamaailmalla.fi\/blog\/wp-json\/wp\/v2\/posts\/2023","targetHints":{"allow":["GET"]}}],"collection":[{"href":"https:\/\/www.vuosiamaailmalla.fi\/blog\/wp-json\/wp\/v2\/posts"}],"about":[{"href":"https:\/\/www.vuosiamaailmalla.fi\/blog\/wp-json\/wp\/v2\/types\/post"}],"author":[{"embeddable":true,"href":"https:\/\/www.vuosiamaailmalla.fi\/blog\/wp-json\/wp\/v2\/users\/1"}],"replies":[{"embeddable":true,"href":"https:\/\/www.vuosiamaailmalla.fi\/blog\/wp-json\/wp\/v2\/comments?post=2023"}],"version-history":[{"count":0,"href":"https:\/\/www.vuosiamaailmalla.fi\/blog\/wp-json\/wp\/v2\/posts\/2023\/revisions"}],"wp:featuredmedia":[{"embeddable":true,"href":"https:\/\/www.vuosiamaailmalla.fi\/blog\/wp-json\/wp\/v2\/media\/8682"}],"wp:attachment":[{"href":"https:\/\/www.vuosiamaailmalla.fi\/blog\/wp-json\/wp\/v2\/media?parent=2023"}],"wp:term":[{"taxonomy":"category","embeddable":true,"href":"https:\/\/www.vuosiamaailmalla.fi\/blog\/wp-json\/wp\/v2\/categories?post=2023"},{"taxonomy":"post_tag","embeddable":true,"href":"https:\/\/www.vuosiamaailmalla.fi\/blog\/wp-json\/wp\/v2\/tags?post=2023"}],"curies":[{"name":"wp","href":"https:\/\/api.w.org\/{rel}","templated":true}]}}