{"id":2046,"date":"2011-01-27T18:56:03","date_gmt":"2011-01-28T02:56:03","guid":{"rendered":"http:\/\/13.53.127.146\/?p=2046"},"modified":"2013-09-15T15:03:14","modified_gmt":"2013-09-15T22:03:14","slug":"pitka-viikonloppu-alpeilla","status":"publish","type":"post","link":"https:\/\/www.vuosiamaailmalla.fi\/blog\/2011\/pitka-viikonloppu-alpeilla\/","title":{"rendered":"Pitk\u00e4 viikonloppu Alpeilla"},"content":{"rendered":"<p style=\"text-align: justify;\">Huomenna on j\u00e4lleen edess\u00e4 reissuun l\u00e4ht\u00f6, tosin vain pidennetyksi viikonlopuksi It\u00e4valtaan, Bad Gasteinin alueelle keskelle Alppeja. T\u00e4ll\u00e4 kertaa idea reissusta ei tullut meilt\u00e4, vaan suomalaisilta ty\u00f6kavereiltamme, jotka alkoivat marraskuussa suunnitella tammikuun alkuun lyhytt\u00e4 laskettelureissua. Koska mekin tykk\u00e4\u00e4mme lasketella, olimme tietenkin heti mukana suunnitelmassa. Lennot Berliinist\u00e4 ovat muutenkin niin halpoja ja et\u00e4isyytt\u00e4kin on lent\u00e4en vaivainen tunti, joten tottakai! \ud83d\ude1b<\/p>\n<p style=\"text-align: justify;\">Matkaan l\u00e4hdet\u00e4\u00e4n huomenna t\u00f6iden j\u00e4lkeen. Berliinist\u00e4 lenn\u00e4mme Salzburgin kent\u00e4lle, josta matkaamme autokyydill\u00e4 Bad Gasteiniin. Siell\u00e4 olemme m\u00e4ess\u00e4 koko lauantain ja sunnuntain. Maanantaina muutamat seurueestamme meinaavat menn\u00e4 viel\u00e4 m\u00e4keen, mutta ainakin me Niinan kanssa matkaamme aamusta junalla takaisin Salzburgiin, jossa tutkimme t\u00e4t\u00e4 Mozartin syntym\u00e4kaupunkia p\u00e4iv\u00e4n aikana. Illalla onkin sitten paluulento kotiin ja tiistaina on oltava j\u00e4lleen sorvin \u00e4\u00e4ress\u00e4.<\/p>\n<p style=\"text-align: justify;\">Maisemien pit\u00e4isi olla reissulla kohdillaan sill\u00e4 koko viikonlopuksi It\u00e4valtaan luvataan t\u00e4ysin poutaista keli\u00e4 pienell\u00e4 pakkasella t\u00e4ydennettyn\u00e4. Vuorilla on tietysti kylmemp\u00e4\u00e4, mutta sit\u00e4 tuskin ehtii edes tajuta upeiden maisemien keskell\u00e4. Reissusta laitan tietenkin j\u00e4lleen kuvia pienen ajan p\u00e4\u00e4st\u00e4 t\u00e4nne <a title=\"Laskettelureissu Alpeille\" href=\"https:\/\/www.vuosiamaailmalla.fi\/?p=2321\">blogiini<\/a>. N\u00e4ill\u00e4 sanoilla siirrynkin nyt pakkaamaan mukaan l\u00e4htevi\u00e4 tavaroita rinkkoihimme. Hyv\u00e4\u00e4 viikonloppua lukijoille jo etuk\u00e4teen.<\/p>\n","protected":false},"excerpt":{"rendered":"<p>Huomenna on j\u00e4lleen edess\u00e4 reissuun l\u00e4ht\u00f6, tosin vain pidennetyksi viikonlopuksi It\u00e4valtaan, Bad Gasteinin alueelle keskelle Alppeja. T\u00e4ll\u00e4 kertaa idea reissusta ei tullut meilt\u00e4, vaan suomalaisilta ty\u00f6kavereiltamme, jotka alkoivat marraskuussa suunnitella tammikuun alkuun lyhytt\u00e4 laskettelureissua. Koska mekin tykk\u00e4\u00e4mme lasketella, olimme tietenkin heti mukana suunnitelmassa. Lennot Berliinist\u00e4 ovat muutenkin niin halpoja ja et\u00e4isyytt\u00e4kin on lent\u00e4en vaivainen tunti, &hellip; <a href=\"https:\/\/www.vuosiamaailmalla.fi\/blog\/2011\/pitka-viikonloppu-alpeilla\/\" class=\"more-link\">Jatka lukemista<span class=\"screen-reader-text\"> &#8221;Pitk\u00e4 viikonloppu Alpeilla&#8221;<\/span><\/a><\/p>\n","protected":false},"author":1,"featured_media":0,"comment_status":"open","ping_status":"open","sticky":false,"template":"","format":"standard","meta":{"_jetpack_memberships_contains_paid_content":false,"footnotes":""},"categories":[888,7],"tags":[30,40,143,555],"class_list":["post-2046","post","type-post","status-publish","format-standard","hentry","category-itavalta","category-matkakertomukset","tag-alpit","tag-bad-gastein","tag-itavalta","tag-matkakertomus-bad-gastein"],"jetpack_featured_media_url":"","jetpack_sharing_enabled":true,"_links":{"self":[{"href":"https:\/\/www.vuosiamaailmalla.fi\/blog\/wp-json\/wp\/v2\/posts\/2046","targetHints":{"allow":["GET"]}}],"collection":[{"href":"https:\/\/www.vuosiamaailmalla.fi\/blog\/wp-json\/wp\/v2\/posts"}],"about":[{"href":"https:\/\/www.vuosiamaailmalla.fi\/blog\/wp-json\/wp\/v2\/types\/post"}],"author":[{"embeddable":true,"href":"https:\/\/www.vuosiamaailmalla.fi\/blog\/wp-json\/wp\/v2\/users\/1"}],"replies":[{"embeddable":true,"href":"https:\/\/www.vuosiamaailmalla.fi\/blog\/wp-json\/wp\/v2\/comments?post=2046"}],"version-history":[{"count":0,"href":"https:\/\/www.vuosiamaailmalla.fi\/blog\/wp-json\/wp\/v2\/posts\/2046\/revisions"}],"wp:attachment":[{"href":"https:\/\/www.vuosiamaailmalla.fi\/blog\/wp-json\/wp\/v2\/media?parent=2046"}],"wp:term":[{"taxonomy":"category","embeddable":true,"href":"https:\/\/www.vuosiamaailmalla.fi\/blog\/wp-json\/wp\/v2\/categories?post=2046"},{"taxonomy":"post_tag","embeddable":true,"href":"https:\/\/www.vuosiamaailmalla.fi\/blog\/wp-json\/wp\/v2\/tags?post=2046"}],"curies":[{"name":"wp","href":"https:\/\/api.w.org\/{rel}","templated":true}]}}