{"id":2076,"date":"2013-05-11T13:49:32","date_gmt":"2013-05-11T20:49:32","guid":{"rendered":"http:\/\/13.53.127.146\/?p=2076"},"modified":"2024-08-18T14:32:19","modified_gmt":"2024-08-18T21:32:19","slug":"tyottomyys-british-columbiassa","status":"publish","type":"post","link":"https:\/\/www.vuosiamaailmalla.fi\/blog\/2013\/tyottomyys-british-columbiassa\/","title":{"rendered":"Kanadan ty\u00f6tt\u00f6myyslukuja"},"content":{"rendered":"<p style=\"text-align: justify;\">Euroopan ty\u00f6tt\u00f6myysluvut n\u00e4ytt\u00e4v\u00e4t paraikaa sangen synkilt\u00e4 ja suuntaus on alati synkkenev\u00e4 melkein kaikkialla muualla kuin Saksassa ja It\u00e4vallassa. Samaan aikaan Kanadan ty\u00f6tt\u00f6myystilanne on yleisesti ottaen sangen hyv\u00e4ll\u00e4 tolalla, joskin t\u00e4\u00e4ll\u00e4kin eri provinssit erottuvat toisistaan hyvin erilaisella tilanteellaan.<\/p>\n<p><!--more--><\/p>\n<p style=\"text-align: justify;\"><em>\ud83d\udca1 Lue viimeisin kirjoitus Kanadan ty\u00f6llisyystilanteesta <a href=\"https:\/\/www.vuosiamaailmalla.fi\/blog\/tag\/tyottomyys\/\">t\u00e4\u00e4ll\u00e4<\/a>.<\/em><\/p>\n<p style=\"text-align: justify;\">Pelkistetysti voidaan todeta, ett\u00e4 ty\u00f6llisyystilanne on paras l\u00e4ntisiss\u00e4 provinsseissa ja heikoin it\u00e4isiss\u00e4. Energiabisneksell\u00e4 kovaa tulosta tahkovat Saskatchewan (ty\u00f6tt\u00f6myysprosentti 4,0%) ja Alberta (4,4%) ovat Kanadan talouden valopilkkuja, kun id\u00e4ss\u00e4 sijaitsevat pienet Newfoundland (12,4%) sek\u00e4 Prince Edward Island (12,1%) edustavat synkemp\u00e4\u00e4 tilannetta. Oma kotiprovinssimme British Columbia ylt\u00e4\u00e4 koko Kanadan keskiarvon (7,2%) paremmalle puolelle 6,4% ty\u00f6tt\u00f6myydell\u00e4\u00e4n.<\/p>\n<p style=\"text-align: justify;\">Lukemat ovat heitelleet viime kuukausina voimakkaasti. Esimerkiksi nyt huhtikuussa British Columbia n\u00e4ki 9500 uutta ty\u00f6paikkaa, joista suurin osa kokoaikaisia. Maaliskuussa mentiin kuitenkin liukum\u00e4ke\u00e4 toiseen suuntaan ja ty\u00f6paikat v\u00e4heniv\u00e4t 15 000:lla. Helmikuussa puolestaan lis\u00e4yst\u00e4 kertyi 20 000 ty\u00f6paikkaa, joten kuukausittainen heittely on ollut eritt\u00e4in voimakasta. Kokonaiskuvassa t\u00e4m\u00e4 vuosi on viel\u00e4 pienesti pakkasella, mutta tulevien kuukausien tilannetta on viel\u00e4 vaikea arvioida etuk\u00e4teen.<\/p>\n<p style=\"text-align: justify;\">Uusia ty\u00f6paikkoja on syntynyt viime kuukausina erityisesti naisvoittoisille palvelualoille, kuten finanssi-, vakuutus- ja terveydenhoitoalalle. Finanssipuolen hyv\u00e4 kasvu ei ole yll\u00e4tt\u00e4v\u00e4\u00e4, sill\u00e4 listattiinhan provinssin suurin kaupunki Vancouver v\u00e4h\u00e4n aikaa sitten merkitt\u00e4v\u00e4ksi <a title=\"Vancouver globaali finanssikeskittym\u00e4?\" href=\"https:\/\/www.vuosiamaailmalla.fi\/?p=1798\">finanssikeskukseksi<\/a>.<\/p>\n<p style=\"text-align: justify;\">Positiivinen uutinen tulee sopivaan aikaan provinssia paraikaa hallitsevalle liberaalipuolueelle, jonka on povattu h\u00e4vi\u00e4v\u00e4n sosiaalidemokraattiselle puolueelle ensi tiistaina j\u00e4rjestett\u00e4viss\u00e4 provinssivaaleissa. Liberaalipuolue omikin positiiviset uutiset v\u00e4litt\u00f6m\u00e4sti omaksi saavutuksekseen ja osaksi kuumana k\u00e4yv\u00e4\u00e4 vaalikampanjansa. Muuttavatko lukemat sitten vaalitulosta, on viel\u00e4 vaikea sanoa, kuten on my\u00f6skin vaikea arvioida ty\u00f6llisyystilanteen kehityst\u00e4 loppuvuonna.<\/p>\n","protected":false},"excerpt":{"rendered":"<p>Euroopan ty\u00f6tt\u00f6myysluvut n\u00e4ytt\u00e4v\u00e4t paraikaa sangen synkilt\u00e4 ja suuntaus on alati synkkenev\u00e4 melkein kaikkialla muualla kuin Saksassa ja It\u00e4vallassa. Samaan aikaan Kanadan ty\u00f6tt\u00f6myystilanne on yleisesti ottaen sangen hyv\u00e4ll\u00e4 tolalla, joskin t\u00e4\u00e4ll\u00e4kin eri provinssit erottuvat toisistaan hyvin erilaisella tilanteellaan.<\/p>\n","protected":false},"author":1,"featured_media":8454,"comment_status":"open","ping_status":"open","sticky":false,"template":"","format":"standard","meta":{"_jetpack_memberships_contains_paid_content":false,"footnotes":""},"categories":[17,3,13],"tags":[25,935,491,965,939],"class_list":["post-2076","post","type-post","status-publish","format-standard","has-post-thumbnail","hentry","category-arki-kanadassa","category-arki-ulkomailla","category-tyoskentely-kanadassa","tag-ajankohtaista","tag-kanada","tag-talous","tag-tyottomyys","tag-vancouver"],"jetpack_featured_media_url":"https:\/\/www.vuosiamaailmalla.fi\/blog\/wp-content\/uploads\/kanadan_lippu_banner.jpg","jetpack_sharing_enabled":true,"_links":{"self":[{"href":"https:\/\/www.vuosiamaailmalla.fi\/blog\/wp-json\/wp\/v2\/posts\/2076","targetHints":{"allow":["GET"]}}],"collection":[{"href":"https:\/\/www.vuosiamaailmalla.fi\/blog\/wp-json\/wp\/v2\/posts"}],"about":[{"href":"https:\/\/www.vuosiamaailmalla.fi\/blog\/wp-json\/wp\/v2\/types\/post"}],"author":[{"embeddable":true,"href":"https:\/\/www.vuosiamaailmalla.fi\/blog\/wp-json\/wp\/v2\/users\/1"}],"replies":[{"embeddable":true,"href":"https:\/\/www.vuosiamaailmalla.fi\/blog\/wp-json\/wp\/v2\/comments?post=2076"}],"version-history":[{"count":4,"href":"https:\/\/www.vuosiamaailmalla.fi\/blog\/wp-json\/wp\/v2\/posts\/2076\/revisions"}],"predecessor-version":[{"id":13732,"href":"https:\/\/www.vuosiamaailmalla.fi\/blog\/wp-json\/wp\/v2\/posts\/2076\/revisions\/13732"}],"wp:featuredmedia":[{"embeddable":true,"href":"https:\/\/www.vuosiamaailmalla.fi\/blog\/wp-json\/wp\/v2\/media\/8454"}],"wp:attachment":[{"href":"https:\/\/www.vuosiamaailmalla.fi\/blog\/wp-json\/wp\/v2\/media?parent=2076"}],"wp:term":[{"taxonomy":"category","embeddable":true,"href":"https:\/\/www.vuosiamaailmalla.fi\/blog\/wp-json\/wp\/v2\/categories?post=2076"},{"taxonomy":"post_tag","embeddable":true,"href":"https:\/\/www.vuosiamaailmalla.fi\/blog\/wp-json\/wp\/v2\/tags?post=2076"}],"curies":[{"name":"wp","href":"https:\/\/api.w.org\/{rel}","templated":true}]}}